{"id":90931,"date":"2025-11-15T16:28:09","date_gmt":"2025-11-15T16:28:09","guid":{"rendered":"https:\/\/www.europesays.com\/fi\/90931\/"},"modified":"2025-11-15T16:28:09","modified_gmt":"2025-11-15T16:28:09","slug":"ensitreffit-julia-ja-arttu-kertovat-nain-heilla-menee-nykyaan","status":"publish","type":"post","link":"https:\/\/www.europesays.com\/fi\/90931\/","title":{"rendered":"Ensitreffit-Julia ja Arttu kertovat: N\u00e4in heill\u00e4 menee nyky\u00e4\u00e4n"},"content":{"rendered":"<p>Julia ja Arttu oppivat paljon itsest\u00e4\u00e4n ja ihmissuhteista ohjelman aikana. VARO JUONIPALJASTUKSIA.<\/p>\n<p><img decoding=\"async\" class=\"image image-show image-preview\" src=\"https:\/\/www.europesays.com\/fi\/wp-content\/uploads\/2025\/11\/57f6a7d79bd34a5ff7a825083f6d369774f3d311d5b1c8ecd71a38ccb4575fef.jpg\" alt=\"\"\/><img decoding=\"async\" class=\"image image-show\" src=\"https:\/\/www.europesays.com\/fi\/wp-content\/uploads\/2025\/11\/1763224089_356_57f6a7d79bd34a5ff7a825083f6d369774f3d311d5b1c8ecd71a38ccb4575fef.jpg\" alt=\"\"\/><\/p>\n<p>Julia j\u00e4tti Artun seitsem\u00e4nness\u00e4 jaksossa. MTV<\/p>\n<p class=\"paragraph\">Ensitreffit alttarilla -ohjelman Mit\u00e4 heille kuuluu nyt? -jakso on nyt katsottavissa MTV Katsomo+ -palvelussa. Televisiosta jakso n\u00e4hd\u00e4\u00e4n torstaina 27. marraskuuta.<\/p>\n<p class=\"paragraph\"><strong>Jos et halua tiet\u00e4\u00e4 osallistujien kuulumisista, lopeta lukeminen t\u00e4h\u00e4n.<\/strong><\/p>\n<p class=\"paragraph\"><strong>Julia<\/strong> ja <strong>Arttu<\/strong> p\u00e4\u00e4ttiv\u00e4t suhteensa jo ohjelman seitsem\u00e4nness\u00e4 jaksossa asiantuntija <strong>Hanna Myllymaan<\/strong> kehotuksesta. <a href=\"https:\/\/www.iltalehti.fi\/tv-ja-leffat\/aaefa713-33b3-4c8e-9463-eacd48606e4d\" rel=\"nofollow noopener\" target=\"_blank\">T\u00e4m\u00e4n j\u00e4lkeen kaksikkoa ei n\u00e4kynyt ohjelmassa lainkaan<\/a>, eik\u00e4 heist\u00e4 puhuttu mit\u00e4\u00e4n.<\/p>\n<p class=\"paragraph\">Nyt he kuitenkin p\u00e4ivitt\u00e4v\u00e4t kuulumisiaan.<\/p>\n<p class=\"paragraph\">Arttu kertoo kes\u00e4n ja syksyn sujuneen mallikkaasti. H\u00e4n on auttanut yst\u00e4vi\u00e4\u00e4n syyshommissa ja pelannut salibandya.<\/p>\n<p class=\"paragraph\">\u2013 Minun mielest\u00e4ni on ollut \u00e4lytt\u00f6m\u00e4n hieno kokemus hakea t\u00e4h\u00e4n ohjelmaan. Tavallaan t\u00e4m\u00e4 ei mennyt ihan nappiin, olisi toivonut paljon enemm\u00e4n. Olin suunnitellut kes\u00e4lle paljon ohjelmaan minulle ja puolisolleni. Nyt t\u00e4ss\u00e4 k\u00e4vi n\u00e4in, Arttu kuvailee.<\/p>\n<p class=\"paragraph\">Arttu kertoo kuitenkin oppineensa ohjelmasta paljon. H\u00e4n osaa k\u00e4sitell\u00e4 tunteitaan paremmin kuin ennen.<\/p>\n<p class=\"paragraph\">\u2013 Tavallaan jos l\u00f6yt\u00e4\u00e4 uuden suhteen, osaa keskustella huomattavasti paremmin, h\u00e4n lis\u00e4\u00e4.<\/p>\n<p class=\"paragraph\">Tulevaisuudelta Arttu toivoo opiskelua ja uuden oppimista sek\u00e4 omakotitaloa. My\u00f6s kumppani on haaveissa tulevaisuudessa.<\/p>\n<p class=\"paragraph\">\u2013 Julia oli \u00e4lytt\u00f6m\u00e4n hieno, kaunis ihminen sis\u00e4lt\u00e4 ja ulkoa. H\u00e4neen tuli kyll\u00e4 todella paljon ihastuttua. Toivottavasti Juliakin l\u00f6yt\u00e4\u00e4 loppuel\u00e4m\u00e4n kumppanin ja on todella onnellinen, Arttu sanoo.<\/p>\n<p class=\"paragraph\">Julia voi t\u00e4t\u00e4 nyky\u00e4 paremmin kuin ohjelman aikana. Julia on kertonut avoimesti, ett\u00e4 h\u00e4n menetti Artun seurassa iloisuutensa ja nauravaisuutensa.<\/p>\n<p class=\"paragraph\">\u2013 Mik\u00e4 parasta, hymy ja nauru on palannut. Olen n\u00e4hnyt paljon yst\u00e4vi\u00e4 ja p\u00e4\u00e4ssyt puhumaan heid\u00e4n kanssaan koko t\u00e4st\u00e4 prosessista. On ollut ihana huomata, miten kannustavia ihmiset ovat olleet, Julia sanoo.<\/p>\n<p class=\"paragraph\">\u2013 Isoin oppi oli tietenkin se, ett\u00e4 jukolauta, osaan pit\u00e4\u00e4 puoliani ja vet\u00e4\u00e4 rajani. Itsest\u00e4ni t\u00e4m\u00e4 p\u00e4\u00e4t\u00f6s on tuntunut oikealta ja hyv\u00e4lt\u00e4, h\u00e4n jatkaa.<\/p>\n<p class=\"paragraph\">Julia kertoo kaivanneensa Artun ja h\u00e4nen suhteeltaan kepeytt\u00e4. T\u00e4t\u00e4 ei kuitenkaan tullut.<\/p>\n<p class=\"paragraph\">\u2013 Oltaisiin nautittu niist\u00e4 meneill\u00e4\u00e4n olevista hetkist\u00e4, eik\u00e4 oltaisi mietitty niin paljoa menneit\u00e4 juttuja. Annettu meille se mahdollisuus, h\u00e4n p\u00e4\u00e4tt\u00e4\u00e4.<\/p>\n<p class=\"paragraph\">Ensitreffit alttarilla -ohjelma MTV3-kanavalla ja MTV Katsomossa. <a href=\"https:\/\/www.iltalehti.fi\/telkku\" rel=\"nofollow noopener\" target=\"_blank\">Katso kaikki ohjelmatiedot ja l\u00e4hetysajat Telkusta.<\/a><\/p>\n","protected":false},"excerpt":{"rendered":"Julia ja Arttu oppivat paljon itsest\u00e4\u00e4n ja ihmissuhteista ohjelman aikana. VARO JUONIPALJASTUKSIA. Julia j\u00e4tti Artun seitsem\u00e4nness\u00e4 jaksossa. MTV&hellip;\n","protected":false},"author":2,"featured_media":90932,"comment_status":"","ping_status":"","sticky":false,"template":"","format":"standard","meta":{"footnotes":""},"categories":[130],"tags":[35,137,33,31,30,979,32,2140,140,139,2581,109],"class_list":{"0":"post-90931","1":"post","2":"type-post","3":"status-publish","4":"format-standard","5":"has-post-thumbnail","7":"category-viihde","8":"tag-24h","9":"tag-entertainment","10":"tag-fi","11":"tag-finland","12":"tag-finnish","13":"tag-sahkoinen-media","14":"tag-suomi","15":"tag-tosi-tv-ohjelmat","16":"tag-tv-ja-elokuvat","17":"tag-tv-ohjelmat","18":"tag-tv-2010-luku","19":"tag-viihde"},"share_on_mastodon":{"url":"https:\/\/pubeurope.com\/@fi\/115554661697658622","error":""},"_links":{"self":[{"href":"https:\/\/www.europesays.com\/fi\/wp-json\/wp\/v2\/posts\/90931","targetHints":{"allow":["GET"]}}],"collection":[{"href":"https:\/\/www.europesays.com\/fi\/wp-json\/wp\/v2\/posts"}],"about":[{"href":"https:\/\/www.europesays.com\/fi\/wp-json\/wp\/v2\/types\/post"}],"author":[{"embeddable":true,"href":"https:\/\/www.europesays.com\/fi\/wp-json\/wp\/v2\/users\/2"}],"replies":[{"embeddable":true,"href":"https:\/\/www.europesays.com\/fi\/wp-json\/wp\/v2\/comments?post=90931"}],"version-history":[{"count":0,"href":"https:\/\/www.europesays.com\/fi\/wp-json\/wp\/v2\/posts\/90931\/revisions"}],"wp:featuredmedia":[{"embeddable":true,"href":"https:\/\/www.europesays.com\/fi\/wp-json\/wp\/v2\/media\/90932"}],"wp:attachment":[{"href":"https:\/\/www.europesays.com\/fi\/wp-json\/wp\/v2\/media?parent=90931"}],"wp:term":[{"taxonomy":"category","embeddable":true,"href":"https:\/\/www.europesays.com\/fi\/wp-json\/wp\/v2\/categories?post=90931"},{"taxonomy":"post_tag","embeddable":true,"href":"https:\/\/www.europesays.com\/fi\/wp-json\/wp\/v2\/tags?post=90931"}],"curies":[{"name":"wp","href":"https:\/\/api.w.org\/{rel}","templated":true}]}}