{"id":90935,"date":"2025-11-15T16:32:07","date_gmt":"2025-11-15T16:32:07","guid":{"rendered":"https:\/\/www.europesays.com\/fi\/90935\/"},"modified":"2025-11-15T16:32:07","modified_gmt":"2025-11-15T16:32:07","slug":"punkin-pureman-aiheuttama-liha-allergia-sai-ensimmaisen-kuolonuhrinsa-uutissuomalainen","status":"publish","type":"post","link":"https:\/\/www.europesays.com\/fi\/90935\/","title":{"rendered":"Punkin pureman aiheuttama liha-allergia sai ensimm\u00e4isen kuolonuhrinsa | Uutissuomalainen"},"content":{"rendered":"<p>Yhdysvalloissa on todettu ensimm\u00e4inen alfa-gal-oireyhtym\u00e4n aiheuttama kuolemantapaus, uutisoi <a href=\"https:\/\/apnews.com\/article\/ticks-alphagal-death-meat-allergy-0db604bb7419a3b3b1b7c2639e40af1f\" rel=\"nofollow noopener\" target=\"_blank\">AP News<\/a>. Kyseess\u00e4 on punkin pureman aiheuttama oireyhtym\u00e4, joka aiheuttaa allergian lihan sy\u00f6miselle.<\/p>\n<p>47-vuotias, perusterve liikennelent\u00e4j\u00e4 New Jerseyst\u00e4 vieraili kes\u00e4ll\u00e4 2024 grillijuhlilla, jossa h\u00e4n s\u00f6i hampurilaisen. Nelj\u00e4 tuntia my\u00f6hemmin h\u00e4n alkoi voida huonosti. H\u00e4nen poikansa l\u00f6ysi h\u00e4net tajuttomana kylpyhuoneen lattialta.<\/p>\n<p>Mies kiid\u00e4tettiin sairaalaan, jossa h\u00e4net julistettiin kuolleeksi. Verikokeista l\u00f6ydettiin todisteita alfa-gal-oireyhtym\u00e4st\u00e4.<\/p>\n<p>Miehen puolison mukaan h\u00e4nen nilkoissaan oli n\u00e4kynyt punkin puremia aiemmin samana kes\u00e4n\u00e4.<\/p>\n<p>Menehtynyt mies oli jo kaksi viikkoa ennen kuolemaansa saanut vakavan kohtauksen sy\u00f6ty\u00e4\u00e4n lihaa. Tuolloin h\u00e4n oli her\u00e4nnyt keskell\u00e4 y\u00f6t\u00e4 vatsakipuihin ja oksensi toistuvasti, mutta lopulta nukahti uudestaan ja her\u00e4si aamulla hyv\u00e4vointisena.<\/p>\n<p>Oireyhtym\u00e4\u00e4 voivat aiheuttaa Amblyomma americanum -punkkilajin puremat. Yli sata tuhatta yhdysvaltalaista on saanut oireyhtym\u00e4st\u00e4 liha-allergian.<\/p>\n<p>Punkkitutkija <strong>Joshua Benoitin<\/strong> mukaan oireyhtym\u00e4 on voinut aiheuttaa aiemminkin kuolemia, mutta tapauksia ei ole tutkittu tarpeeksi, ja kuolinsyyksi on oletettu jokin muu.<\/p>\n","protected":false},"excerpt":{"rendered":"Yhdysvalloissa on todettu ensimm\u00e4inen alfa-gal-oireyhtym\u00e4n aiheuttama kuolemantapaus, uutisoi AP News. Kyseess\u00e4 on punkin pureman aiheuttama oireyhtym\u00e4, joka aiheuttaa&hellip;\n","protected":false},"author":2,"featured_media":90936,"comment_status":"","ping_status":"","sticky":false,"template":"","format":"standard","meta":{"footnotes":""},"categories":[14],"tags":[22,23,404,26,27,33,31,30,17,683,24,25,6115,72,28,29,15,18,21,764,32,765,679,167,19,20,56,16,59,60,61],"class_list":{"0":"post-90935","1":"post","2":"type-post","3":"status-publish","4":"format-standard","5":"has-post-thumbnail","7":"category-ulkomaat","8":"tag-breaking-news","9":"tag-breakingnews","10":"tag-elaimet","11":"tag-featured-news","12":"tag-featurednews","13":"tag-fi","14":"tag-finland","15":"tag-finnish","16":"tag-headlines","17":"tag-kuolema","18":"tag-latest-news","19":"tag-latestnews","20":"tag-liha","21":"tag-luonto","22":"tag-main-news","23":"tag-mainnews","24":"tag-news","25":"tag-otsikot","26":"tag-paauutiset","27":"tag-sairaudet","28":"tag-suomi","29":"tag-taudit-ja-hairiot","30":"tag-terveydenhuollon-toimintalaitokset","31":"tag-terveys","32":"tag-top-stories","33":"tag-topstories","34":"tag-ulkomaat","35":"tag-uutiset","36":"tag-world","37":"tag-world-news","38":"tag-worldnews"},"share_on_mastodon":{"url":"https:\/\/pubeurope.com\/@fi\/115554677288313482","error":""},"_links":{"self":[{"href":"https:\/\/www.europesays.com\/fi\/wp-json\/wp\/v2\/posts\/90935","targetHints":{"allow":["GET"]}}],"collection":[{"href":"https:\/\/www.europesays.com\/fi\/wp-json\/wp\/v2\/posts"}],"about":[{"href":"https:\/\/www.europesays.com\/fi\/wp-json\/wp\/v2\/types\/post"}],"author":[{"embeddable":true,"href":"https:\/\/www.europesays.com\/fi\/wp-json\/wp\/v2\/users\/2"}],"replies":[{"embeddable":true,"href":"https:\/\/www.europesays.com\/fi\/wp-json\/wp\/v2\/comments?post=90935"}],"version-history":[{"count":0,"href":"https:\/\/www.europesays.com\/fi\/wp-json\/wp\/v2\/posts\/90935\/revisions"}],"wp:featuredmedia":[{"embeddable":true,"href":"https:\/\/www.europesays.com\/fi\/wp-json\/wp\/v2\/media\/90936"}],"wp:attachment":[{"href":"https:\/\/www.europesays.com\/fi\/wp-json\/wp\/v2\/media?parent=90935"}],"wp:term":[{"taxonomy":"category","embeddable":true,"href":"https:\/\/www.europesays.com\/fi\/wp-json\/wp\/v2\/categories?post=90935"},{"taxonomy":"post_tag","embeddable":true,"href":"https:\/\/www.europesays.com\/fi\/wp-json\/wp\/v2\/tags?post=90935"}],"curies":[{"name":"wp","href":"https:\/\/api.w.org\/{rel}","templated":true}]}}