{"id":90941,"date":"2025-11-15T16:35:10","date_gmt":"2025-11-15T16:35:10","guid":{"rendered":"https:\/\/www.europesays.com\/fi\/90941\/"},"modified":"2025-11-15T16:35:10","modified_gmt":"2025-11-15T16:35:10","slug":"pelastus-joutsen-rapikoi-voimalaitospadolla-toinen-nuokkui-rannalla-henkitoreissaan-seurasimme-pelastusta-hetki-hetkelta-katso-kuvat-ja-video-tyrvaan-sanomat","status":"publish","type":"post","link":"https:\/\/www.europesays.com\/fi\/90941\/","title":{"rendered":"Pelastus | Joutsen r\u00e4pik\u00f6i voimalaitospadolla, toinen nuokkui rannalla henkitoreissaan \u2013 Seurasimme pelastusta hetki hetkelt\u00e4, katso kuvat ja video &#8211; Tyrv\u00e4\u00e4n Sanomat"},"content":{"rendered":"<ol>\n<li><a href=\"https:\/\/news.google.com\/rss\/articles\/CBMibEFVX3lxTE10UjBCcHQwQlRhUlEwOE42WmVVcmdGNnFaX0hPXzItd3Vza2R5aFdscHhlR3U2Q204VTJ5cjViRmQtdERhR1hxWEMzQTJUUWlzVWNLeC1LN2NldU5fdVFSNy1oMWpyVEQ4NlNTXw?oc=5\" target=\"_blank\" rel=\"nofollow noopener\">Pelastus | Joutsen r\u00e4pik\u00f6i voimalaitospadolla, toinen nuokkui rannalla henkitoreissaan \u2013 Seurasimme pelastusta hetki hetkelt\u00e4, katso kuvat ja video<\/a>&nbsp;&nbsp;Tyrv\u00e4\u00e4n Sanomat<\/li>\n<li><a href=\"https:\/\/news.google.com\/rss\/articles\/CBMi2gFBVV95cUxNa2h4TjFKR09yaWVxSkpwcEpxY1dwZlVWazFfcXJfQWVsY01TdnlqbUY5ODNUaDZDSWhMTk5PZXNnWlppTTd0RnlEMXpudXl4SV9wbC0xWDh5elJIMXpYWjhRdGdiNzNnaHUzQnREMUNUbFo5ZmxaQ3RWRFdpY1VjSnVDMnFmZW44eWJhc2VUckoyaEZyc1A1T0V4N0lnaEEtWllkclR6akZHN2E1WTh6ckFLdnpkZ3hLMWkybVZpZTRPdXVBTHZvd3V2YTFUSE10bjBtU3RJUVAwZw?oc=5\" target=\"_blank\" rel=\"nofollow noopener\">Pelastuslaitoksella erikoisempi teht\u00e4v\u00e4 Hartolankoskella Sastamalassa \u2013 kolme kuoli, yksi l\u00e4hti karkuun<\/a>&nbsp;&nbsp;Alueviesti<\/li>\n<li><a href=\"https:\/\/news.google.com\/rss\/articles\/CBMiVkFVX3lxTE1lcDAzU1N3Q3VTcjBXMk5RZV9nY3pySnR1bHRXQ3htUmNtVjFzcG5pbWI1TDEyQXZLZjFFdmFVNENhYlFBbFdVemdIdks4T3ptc2kxUmpn?oc=5\" target=\"_blank\" rel=\"nofollow noopener\">Kuolleita joutsenia voimalaitoksen padolla Sastamalassa \u2013 jatkotutkimuksissa selvitet\u00e4\u00e4n, oliko kyseess\u00e4 esimerkiksi lintuinfluenssa<\/a>&nbsp;&nbsp;Etel\u00e4-Suomen Sanomat<\/li>\n<li><a href=\"https:\/\/news.google.com\/rss\/articles\/CBMibEFVX3lxTE9RbHo5dTBsSmVtWGpZb2Vra0ZDVTAycGZPWkRkY19FQzhRS0VaNnpHX0RpeXk4aFVoN3FmSGRDRGZ2bFBTQnRrWm1fYjJ6RlZqOWFvUERKT1BPelZaNjhEeWNna3lDd2ROWVhkQw?oc=5\" target=\"_blank\" rel=\"nofollow noopener\">Joutsen oli pulassa Hartolankoskella \u2013 \u201dOperaatio sujui hyvin\u201d<\/a>&nbsp;&nbsp;Tyrv\u00e4\u00e4n Sanomat<\/li>\n<li><a href=\"https:\/\/news.google.com\/rss\/articles\/CBMimAFBVV95cUxPdDY3X29ITE0xWkQtcU5sNW9iZjhZVHVrd05QS1BiZUIzRTJNOHNaM3IxdElSQ0dJbl9DTXhBVktMTkhXRFhONDBfb1EtNHV6MTIwclZxQW42VWVwR0N4cENkUUdKcEFkeHFFcDRmZF9XVkVnaUpUTVdKaXhKMVpIWDQ3TUJndldPMW1aZGRONG10Vm9QNHdZUg?oc=5\" target=\"_blank\" rel=\"nofollow noopener\">Hartolankoskelta l\u00f6ytyneet kuolleet joutsenet tutkittavaksi<\/a>&nbsp;&nbsp;Alueviesti<\/li>\n<\/ol>\n","protected":false},"excerpt":{"rendered":"Pelastus | Joutsen r\u00e4pik\u00f6i voimalaitospadolla, toinen nuokkui rannalla henkitoreissaan \u2013 Seurasimme pelastusta hetki hetkelt\u00e4, katso kuvat ja video&nbsp;&nbsp;Tyrv\u00e4\u00e4n&hellip;\n","protected":false},"author":2,"featured_media":90942,"comment_status":"","ping_status":"","sticky":false,"template":"","format":"standard","meta":{"footnotes":""},"categories":[117],"tags":[33,31,30,72,476,118,32,119,3885,477],"class_list":{"0":"post-90941","1":"post","2":"type-post","3":"status-publish","4":"format-standard","5":"has-post-thumbnail","7":"category-luonto","8":"tag-fi","9":"tag-finland","10":"tag-finnish","11":"tag-luonto","12":"tag-nature","13":"tag-science","14":"tag-suomi","15":"tag-tiede","16":"tag-tyrvaan-sanomat","17":"tag-wildlife"},"share_on_mastodon":{"url":"https:\/\/pubeurope.com\/@fi\/115554688879300948","error":""},"_links":{"self":[{"href":"https:\/\/www.europesays.com\/fi\/wp-json\/wp\/v2\/posts\/90941","targetHints":{"allow":["GET"]}}],"collection":[{"href":"https:\/\/www.europesays.com\/fi\/wp-json\/wp\/v2\/posts"}],"about":[{"href":"https:\/\/www.europesays.com\/fi\/wp-json\/wp\/v2\/types\/post"}],"author":[{"embeddable":true,"href":"https:\/\/www.europesays.com\/fi\/wp-json\/wp\/v2\/users\/2"}],"replies":[{"embeddable":true,"href":"https:\/\/www.europesays.com\/fi\/wp-json\/wp\/v2\/comments?post=90941"}],"version-history":[{"count":0,"href":"https:\/\/www.europesays.com\/fi\/wp-json\/wp\/v2\/posts\/90941\/revisions"}],"wp:featuredmedia":[{"embeddable":true,"href":"https:\/\/www.europesays.com\/fi\/wp-json\/wp\/v2\/media\/90942"}],"wp:attachment":[{"href":"https:\/\/www.europesays.com\/fi\/wp-json\/wp\/v2\/media?parent=90941"}],"wp:term":[{"taxonomy":"category","embeddable":true,"href":"https:\/\/www.europesays.com\/fi\/wp-json\/wp\/v2\/categories?post=90941"},{"taxonomy":"post_tag","embeddable":true,"href":"https:\/\/www.europesays.com\/fi\/wp-json\/wp\/v2\/tags?post=90941"}],"curies":[{"name":"wp","href":"https:\/\/api.w.org\/{rel}","templated":true}]}}