{"id":90943,"date":"2025-11-15T16:44:42","date_gmt":"2025-11-15T16:44:42","guid":{"rendered":"https:\/\/www.europesays.com\/fi\/90943\/"},"modified":"2025-11-15T16:44:42","modified_gmt":"2025-11-15T16:44:42","slug":"kotkan-puistolan-kentan-ulkosalilaitteiden-faneille-hyvia-uutisia-laitteet-jaavat-pysyvasti-kymenlaakso","status":"publish","type":"post","link":"https:\/\/www.europesays.com\/fi\/90943\/","title":{"rendered":"Kotkan Puistolan kent\u00e4n ulkosalilaitteiden faneille hyvi\u00e4 uutisia \u2013 laitteet j\u00e4\u00e4v\u00e4t pysyv\u00e4sti | Kymenlaakso"},"content":{"rendered":"<p class=\"aw-1gybjub aw-5vja16 kEtdKx kmuxyA yle__article__paragraph\">Kuntosalilaitteet saivat poikkeuksellisen suuren suosion kokeilujaksolla. <\/p>\n<p><img decoding=\"async\" alt=\"Ulkokuntosali.\" src=\"https:\/\/www.europesays.com\/fi\/wp-content\/uploads\/2025\/11\/39-1180389651bcb85c111b.jpeg\" class=\"aw-1l9m598 hKVVvP\"\/><\/p>\n<p>Avaa kuvien katselu<\/p>\n<p>Kotkan kaupunki osallistui kokeiluprosessiin yhdess\u00e4 useamman muun kaupungin kanssa vuonna 2023. Laitteet saivat testijaksolla suuren suosion. Kuva: Kotkan kaupunki<\/p>\n<p class=\"aw-1gybjub aw-1p7kakr kEtdKx cEmitX yle__article__paragraph\">Kotkan kaupunki on p\u00e4\u00e4tt\u00e4nyt ostaa Omnigym oy:lta kahdeksan ulkokuntosalilaitetta.<\/p>\n<p class=\"aw-1gybjub aw-1p7kakr kEtdKx cEmitX yle__article__paragraph\">Kuntosalilaitteet sijoitetaan Puistolan kent\u00e4lle ja niiden yhteishinta on 44 770 euroa.<\/p>\n<p class=\"aw-1gybjub aw-1p7kakr kEtdKx cEmitX yle__article__paragraph\">Kuntosalilaitteita kokeiltiin Puistolan kent\u00e4ll\u00e4 viime vuonna elo-syyskuun aikana.<\/p>\n<p class=\"aw-1gybjub aw-1p7kakr kEtdKx cEmitX yle__article__paragraph\">Laitteet saavuttivat viiden viikon kokeilujakson aikana suuren suosion.<\/p>\n<p class=\"aw-1gybjub aw-1p7kakr kEtdKx cEmitX yle__article__paragraph\">Kokeilun tarkoituksena olikin selvitt\u00e4\u00e4, onko laitteille kysynt\u00e4\u00e4.<\/p>\n<p>Suuri suosio<\/p>\n<p class=\"aw-1gybjub aw-1p7kakr kEtdKx cEmitX yle__article__paragraph\">Kaupunkilaiset antoivat liikuntapalvelusta paljon positiivista palautetta. Kaupunki sai my\u00f6s useita toivomuksia siit\u00e4, ett\u00e4 laitteet j\u00e4isiv\u00e4t Puistolan kent\u00e4lle pysyv\u00e4sti.<\/p>\n<p class=\"aw-1gybjub aw-1p7kakr kEtdKx cEmitX yle__article__paragraph\">Kokeilun aikana huomattiin positiivisen palautteen lis\u00e4ksi, ett\u00e4 laiteita k\u00e4ytettiin poikkeuksellisen paljon.<\/p>\n<p class=\"aw-1gybjub aw-1p7kakr kEtdKx cEmitX yle__article__paragraph\">Laitteilla oli noin 3000 eri k\u00e4vij\u00e4\u00e4. K\u00e4vij\u00f6it\u00e4 oli tasaisesti ja he olivat eri-ik\u00e4isi\u00e4 liikkujia.<\/p>\n","protected":false},"excerpt":{"rendered":"Kuntosalilaitteet saivat poikkeuksellisen suuren suosion kokeilujaksolla. Avaa kuvien katselu Kotkan kaupunki osallistui kokeiluprosessiin yhdess\u00e4 useamman muun kaupungin kanssa&hellip;\n","protected":false},"author":2,"featured_media":90944,"comment_status":"","ping_status":"","sticky":false,"template":"","format":"standard","meta":{"footnotes":""},"categories":[86],"tags":[420,33,31,30,2233,5788,465,1833,464,421,18179,958,32,91,92,160],"class_list":{"0":"post-90943","1":"post","2":"type-post","3":"status-publish","4":"format-standard","5":"has-post-thumbnail","7":"category-laitteet","8":"tag-equipment","9":"tag-fi","10":"tag-finland","11":"tag-finnish","12":"tag-hyvinvointi","13":"tag-kaupunkiymparisto","14":"tag-kotka","15":"tag-kunnat","16":"tag-kymenlaakso","17":"tag-laitteet","18":"tag-liikuntapaikat","19":"tag-puistot","20":"tag-suomi","21":"tag-technology","22":"tag-teknologia","23":"tag-urheilu"},"share_on_mastodon":{"url":"https:\/\/pubeurope.com\/@fi\/115554724426678475","error":""},"_links":{"self":[{"href":"https:\/\/www.europesays.com\/fi\/wp-json\/wp\/v2\/posts\/90943","targetHints":{"allow":["GET"]}}],"collection":[{"href":"https:\/\/www.europesays.com\/fi\/wp-json\/wp\/v2\/posts"}],"about":[{"href":"https:\/\/www.europesays.com\/fi\/wp-json\/wp\/v2\/types\/post"}],"author":[{"embeddable":true,"href":"https:\/\/www.europesays.com\/fi\/wp-json\/wp\/v2\/users\/2"}],"replies":[{"embeddable":true,"href":"https:\/\/www.europesays.com\/fi\/wp-json\/wp\/v2\/comments?post=90943"}],"version-history":[{"count":0,"href":"https:\/\/www.europesays.com\/fi\/wp-json\/wp\/v2\/posts\/90943\/revisions"}],"wp:featuredmedia":[{"embeddable":true,"href":"https:\/\/www.europesays.com\/fi\/wp-json\/wp\/v2\/media\/90944"}],"wp:attachment":[{"href":"https:\/\/www.europesays.com\/fi\/wp-json\/wp\/v2\/media?parent=90943"}],"wp:term":[{"taxonomy":"category","embeddable":true,"href":"https:\/\/www.europesays.com\/fi\/wp-json\/wp\/v2\/categories?post=90943"},{"taxonomy":"post_tag","embeddable":true,"href":"https:\/\/www.europesays.com\/fi\/wp-json\/wp\/v2\/tags?post=90943"}],"curies":[{"name":"wp","href":"https:\/\/api.w.org\/{rel}","templated":true}]}}