{"id":90945,"date":"2025-11-15T16:46:08","date_gmt":"2025-11-15T16:46:08","guid":{"rendered":"https:\/\/www.europesays.com\/fi\/90945\/"},"modified":"2025-11-15T16:46:08","modified_gmt":"2025-11-15T16:46:08","slug":"virve-rosti-vau-mika-tyyli-tunnistaisitko-nuoruuskuvasta","status":"publish","type":"post","link":"https:\/\/www.europesays.com\/fi\/90945\/","title":{"rendered":"Virve Rosti: Vau, mik\u00e4 tyyli! Tunnistaisitko nuoruuskuvasta?"},"content":{"rendered":"<p>\n            20230823, Helsinki. Vain El\u00e4m\u00e4\u00e4 2023 pressi. Kuvassa Virve Rosti.<br \/>\n            TIMO KORHONEN\n        <\/p>\n<p class=\"subtitle \">Virven rohkea tyyli on aina ollut huomiota her\u00e4tt\u00e4v\u00e4.<\/p>\n<p class=\"article-content article-content-width !bg-background\">Muusikkolegenda , 67, on keikkaillut yli 50 vuoden ajan.<\/p>\n<p class=\"font-weight-bold m-font-weight-bold article-content article-content-width !bg-background\">Katso arkistovideo \u2013 Virve kertoo kes\u00e4m\u00f6kist\u00e4\u00e4n:<\/p>\n<p>Nostalginen otos<\/p>\n<p class=\"article-content article-content-width !bg-background\"><a href=\"https:\/\/www.instagram.com\/virve.rosti\/\" target=\"_blank\" rel=\"nofollow noopener\">Virve jakoi Instagram-tilill\u00e4\u00e4n<\/a> nostalgisen kuvan, jossa h\u00e4n poseeraa keikkalavalla yhdess\u00e4 muusikko \u00a0eli  kanssa kanssa.<\/p>\n<p class=\"article-content article-content-width !bg-background\">\u2013\u00a0No niin, nyt kun juhlavuosi ja Tavastian keikka on virallisesti julistettu, niin on aika kaivaa arkistojen aarteita esiin! T\u00e4ss\u00e4 v\u00e4h\u00e4n fiilistely\u00e4 vuosikymmenten takaa, Virve kirjoittaa julkaisussaan.<\/p>\n<p class=\"article-content article-content-width !bg-background\">Virvell\u00e4 on kuvassa yll\u00e4\u00e4n korallinv\u00e4rinen, samettinen minimekko, jonka p\u00e4\u00e4ll\u00e4 h\u00e4nell\u00e4 on valkoinen verkkopaita. H\u00e4nen tavaramerkkins\u00e4, punaiset hiukset, on j\u00e4tetty suoriksi. Laulajatar n\u00e4ytt\u00e4\u00e4 yh\u00e4 l\u00e4hes samalta kuin vuosikymmenten takaisessa otoksessa.<\/p>\n<p>        <a itemprop=\"url\" href=\"https:\/\/www.seiska.fi\/kotimaa\/virve-rostilta-suuri-vauvauutinen-kympin-tytto\/1958215\" rel=\"nofollow noopener\" target=\"_blank\"><\/p>\n<p>\nVirve Rosti iloitsee\n<\/p>\n<p class=\"section-date\">\n        <strong class=\"article-section\" data-section=\"kotimaa\"><br \/>\n            kotimaa<br \/>\n        <\/strong><br \/>\n        10.10. 13:57\n    <\/p>\n<p>Virve Rostilta suuri vauvauutinen \u2013 &#8221;Kympin tytt\u00f6&#8221;\n    <\/p>\n<p itemprop=\"description\" class=\"subtitle \">\n    Kaksi \u00e4iti\u00e4 -somet\u00e4hdet Ella ja Suski saivat nelj\u00e4nnen lapsensa.\n<\/p>\n<p>        <\/a><\/p>\n<p>Kiersi Dannyn kanssa<\/p>\n<p class=\"article-content article-content-width !bg-background\">15-vuotiaana Virven musiikkiura k\u00e4ynnistyi, kun h\u00e4n voitti Suomen iskelm\u00e4laulumestaruuden.\u00a0Voiton my\u00f6t\u00e4 Virve sai kes\u00e4t\u00f6it\u00e4 iskelm\u00e4legenda  ja kiersi h\u00e4nen Danny Show -kes\u00e4kiertueellaan.<\/p>\n<p class=\"article-content article-content-width !bg-background\">Virve hurmasi suomalaiset Kun Chicago kuoli -hitill\u00e4\u00e4n ollessaan vain 16-vuotias. My\u00f6hemmin h\u00e4n on laulanut tiens\u00e4 suomalaisen musiikin historiaan muun muassa kappaleillaan Sata salamaa ja Oon voimissain.<\/p>\n<p class=\"article-content article-content-width !bg-background\">Virve, Freeman ja\u00a0Menneisyyden vangit\u00a0ovat esiintyneet yhdess\u00e4 vuodesta 1991 l\u00e4htien.\u00a0Vuonna 2026 yhtye juhlii 35-vuotista taivaltaan.<\/p>\n<p>        <a itemprop=\"url\" href=\"https:\/\/www.seiska.fi\/katso\/erotatko-helmi-loukasmakea-kaksoisolennostaan\/1925127\" rel=\"nofollow noopener\" target=\"_blank\"><\/p>\n<p>\nKumpi on kumpi?\n<\/p>\n<p class=\"section-date\">\n        <strong class=\"article-section\" data-section=\"katso\"><br \/>\n            katso<br \/>\n        <\/strong><br \/>\n        10.9. 12:13\n    <\/p>\n<p>Erotatko Helmi Loukasm\u00e4ke\u00e4 kaksoisolennostaan?\n    <\/p>\n<p itemprop=\"description\" class=\"subtitle \">\n    Dannyn seuraneitin\u00e4 tunnetulla kaunottarella on kaksoisolento Vain el\u00e4m\u00e4\u00e4 -ohjelmassa.\n<\/p>\n<p>        <\/a><\/p>\n<p>                <img loading=\"lazy\" decoding=\"async\" src=\"https:\/\/www.europesays.com\/fi\/wp-content\/uploads\/2025\/11\/1121336.webp\" width=\"576\" height=\"720\" alt=\"Virve n\u00e4htiin Vain el\u00e4m\u00e4\u00e4 -ohjelmassa vuonna 2023.\" \/>            <\/p>\n<p>\n            Virve n\u00e4htiin Vain el\u00e4m\u00e4\u00e4 -ohjelmassa vuonna 2023.<br \/>\n            TIMO KORHONEN\n        <\/p>\n<p>        <a itemprop=\"url\" href=\"https:\/\/www.seiska.fi\/kotimaa\/podcast-kohuvaite-vain-elamaa-kuvauksista\/1972958\" rel=\"nofollow noopener\" target=\"_blank\"><\/p>\n<p>\nPodcast:\n<\/p>\n<p class=\"section-date\">\n        <strong class=\"article-section\" data-section=\"kotimaa\"><br \/>\n            kotimaa<br \/>\n        <\/strong><br \/>\n        24.10. 19:00\n    <\/p>\n<p>Podcast: Kohuv\u00e4ite Vain el\u00e4m\u00e4\u00e4 -kuvauksista\n    <\/p>\n<p itemprop=\"description\" class=\"subtitle \">\n    Salattu sopimus nousi puheeksi yll\u00e4tt\u00e4en.\n<\/p>\n<p>        <\/a><\/p>\n<p class=\"article-content article-content-width !bg-background\">\u00a0 <\/p>\n<p><script async src=\"\/\/www.instagram.com\/embed.js\"><\/script><\/p>\n","protected":false},"excerpt":{"rendered":"20230823, Helsinki. Vain El\u00e4m\u00e4\u00e4 2023 pressi. Kuvassa Virve Rosti. TIMO KORHONEN Virven rohkea tyyli on aina ollut huomiota&hellip;\n","protected":false},"author":2,"featured_media":90946,"comment_status":"","ping_status":"","sticky":false,"template":"","format":"standard","meta":{"footnotes":""},"categories":[136],"tags":[407,8967,137,33,31,30,18180,408,5159,18181,3018,18182,32,109,13688],"class_list":{"0":"post-90945","1":"post","2":"type-post","3":"status-publish","4":"format-standard","5":"has-post-thumbnail","7":"category-julkkikset","8":"tag-celebrities","9":"tag-danny","10":"tag-entertainment","11":"tag-fi","12":"tag-finland","13":"tag-finnish","14":"tag-freeman","15":"tag-julkkikset","16":"tag-laulaja","17":"tag-menneisyyden-vangit","18":"tag-muusikko","19":"tag-sata-salamaa","20":"tag-suomi","21":"tag-viihde","22":"tag-virve-rosti"},"share_on_mastodon":{"url":"https:\/\/pubeurope.com\/@fi\/115554732289287838","error":""},"_links":{"self":[{"href":"https:\/\/www.europesays.com\/fi\/wp-json\/wp\/v2\/posts\/90945","targetHints":{"allow":["GET"]}}],"collection":[{"href":"https:\/\/www.europesays.com\/fi\/wp-json\/wp\/v2\/posts"}],"about":[{"href":"https:\/\/www.europesays.com\/fi\/wp-json\/wp\/v2\/types\/post"}],"author":[{"embeddable":true,"href":"https:\/\/www.europesays.com\/fi\/wp-json\/wp\/v2\/users\/2"}],"replies":[{"embeddable":true,"href":"https:\/\/www.europesays.com\/fi\/wp-json\/wp\/v2\/comments?post=90945"}],"version-history":[{"count":0,"href":"https:\/\/www.europesays.com\/fi\/wp-json\/wp\/v2\/posts\/90945\/revisions"}],"wp:featuredmedia":[{"embeddable":true,"href":"https:\/\/www.europesays.com\/fi\/wp-json\/wp\/v2\/media\/90946"}],"wp:attachment":[{"href":"https:\/\/www.europesays.com\/fi\/wp-json\/wp\/v2\/media?parent=90945"}],"wp:term":[{"taxonomy":"category","embeddable":true,"href":"https:\/\/www.europesays.com\/fi\/wp-json\/wp\/v2\/categories?post=90945"},{"taxonomy":"post_tag","embeddable":true,"href":"https:\/\/www.europesays.com\/fi\/wp-json\/wp\/v2\/tags?post=90945"}],"curies":[{"name":"wp","href":"https:\/\/api.w.org\/{rel}","templated":true}]}}