{"id":90950,"date":"2025-11-15T16:54:13","date_gmt":"2025-11-15T16:54:13","guid":{"rendered":"https:\/\/www.europesays.com\/fi\/90950\/"},"modified":"2025-11-15T16:54:13","modified_gmt":"2025-11-15T16:54:13","slug":"keikat-putin-kohuun-paatynyt-bandi-ei-tule-tallinnaan-lansivayla","status":"publish","type":"post","link":"https:\/\/www.europesays.com\/fi\/90950\/","title":{"rendered":"Keikat | Putin-\u200bkohuun p\u00e4\u00e4tynyt b\u00e4ndi ei tule Tallinnaan &#8211; L\u00e4nsiv\u00e4yl\u00e4"},"content":{"rendered":"<ol>\n<li><a href=\"https:\/\/news.google.com\/rss\/articles\/CBMiWEFVX3lxTFB2NmZYN21uODh6OWNEb0hVdnN1bTNXd2NaRG9CRXAyY3dGem1jUGs2RG1WOGRSWWdDX0pHdEVnemRnWk83Tl9tRUgycDNMWlpURkhUX1E5bC0?oc=5\" target=\"_blank\" rel=\"nofollow noopener\">Keikat | Putin-\u200bkohuun p\u00e4\u00e4tynyt b\u00e4ndi ei tule Tallinnaan<\/a>&nbsp;&nbsp;L\u00e4nsiv\u00e4yl\u00e4<\/li>\n<li><a href=\"https:\/\/news.google.com\/rss\/articles\/CBMiWkFVX3lxTE1sNlhZREFnVUNKd1JZbGRHazYzSUw4LXBoQzF2UEFCVDY1azRkdTQtYzlsd0lRc01abTd0S3YzUVpwWmRFSGRPT1A1Nkx3a3B5aUJfSzlldEhVQQ?oc=5\" target=\"_blank\" rel=\"nofollow noopener\">T24 | Limp Bizkitin kohukeikka peruttiin<\/a>&nbsp;&nbsp;Helsingin Uutiset<\/li>\n<li><a href=\"https:\/\/news.google.com\/rss\/articles\/CBMiVEFVX3lxTE1XQWl6bW5vLTRTYnYwS2NEckZtNW00M0ctN1Z0eFZfY25BRmYzdnNjM0RiN2JrQTR5el94aVk5UXBheEJrMXlSM3RLQjJ3eFRLQmRtVA?oc=5\" target=\"_blank\" rel=\"nofollow noopener\">Keikat | Limp Bizkitin keikasta kovaa kritiikki\u00e4 Virossa \u2013 syyn\u00e4 t\u00e4m\u00e4 lausunto<\/a>&nbsp;&nbsp;L\u00e4nsiv\u00e4yl\u00e4<\/li>\n<li><a href=\"https:\/\/news.google.com\/rss\/articles\/CBMingFBVV95cUxQaGpqcGVHN2lCTUhEdkZfdkhiVnROZVlhREdSWDlOT0c5TldKV1YtZHBxMnZhQzRlVjFUelRDN0VFaDRrRWp3UmJRSmd2LUFjTFVvN3lNUWhvWDRQODZKYnhPTUQ4YloxVG1hb2ExS3JiMWlqNkIxN0tOZjdVelFKMlUxdFdVR1hnYmNXYXJoVUswakZyaDVWcEpuRzVnUQ?oc=5\" target=\"_blank\" rel=\"nofollow noopener\">Limp Bizkit saapuu loppukev\u00e4\u00e4st\u00e4 aivan suomalaisfanien ulottuville<\/a>&nbsp;&nbsp;Soundi.fi<\/li>\n<li><a href=\"https:\/\/news.google.com\/rss\/articles\/CBMirgFBVV95cUxOU0E4X2RYaHV5a0tTcnhxR3FoUzkyVTJJdHhJNnNpSDhQenJkOUJYVXlLLXRaVzFWZlUwdzJ2U0JGNFh2MTlGUThEUEtlaGN0eFk5dzFTd2pNRDdzb3NPOXUtUjFPeHZTclliNmVrbUNXRTlDaU1vcjN6SU51ZnJMVTR0QXpSTFVvX245NUpxUTdIa3IzWWtZcndlNHhKWTNQV1hvY2tOUGZqZmgwbnc?oc=5\" target=\"_blank\" rel=\"nofollow noopener\">Limp Bizkitin Tallinnan-keikka peruuntui ennen varsinaisen lipunmyynnin alkua<\/a>&nbsp;&nbsp;Inferno.fi<\/li>\n<\/ol>\n","protected":false},"excerpt":{"rendered":"Keikat | Putin-\u200bkohuun p\u00e4\u00e4tynyt b\u00e4ndi ei tule Tallinnaan&nbsp;&nbsp;L\u00e4nsiv\u00e4yl\u00e4 T24 | Limp Bizkitin kohukeikka peruttiin&nbsp;&nbsp;Helsingin Uutiset Keikat | Limp&hellip;\n","protected":false},"author":2,"featured_media":86359,"comment_status":"","ping_status":"","sticky":false,"template":"","format":"standard","meta":{"footnotes":""},"categories":[130],"tags":[138,137,33,31,30,763,47,141,637,32,397,484,549,109],"class_list":{"0":"post-90950","1":"post","2":"type-post","3":"status-publish","4":"format-standard","5":"has-post-thumbnail","7":"category-viihde","8":"tag-audio","9":"tag-entertainment","10":"tag-fi","11":"tag-finland","12":"tag-finnish","13":"tag-kulttuuri-ja-viihde","14":"tag-musiikki","15":"tag-muusikot-bandit","16":"tag-politiikka","17":"tag-suomi","18":"tag-taide","19":"tag-taiteellinen-ilmaisu-ja-mediat","20":"tag-ukrainan-sota","21":"tag-viihde"},"share_on_mastodon":{"url":"https:\/\/pubeurope.com\/@fi\/115554763616811087","error":""},"_links":{"self":[{"href":"https:\/\/www.europesays.com\/fi\/wp-json\/wp\/v2\/posts\/90950","targetHints":{"allow":["GET"]}}],"collection":[{"href":"https:\/\/www.europesays.com\/fi\/wp-json\/wp\/v2\/posts"}],"about":[{"href":"https:\/\/www.europesays.com\/fi\/wp-json\/wp\/v2\/types\/post"}],"author":[{"embeddable":true,"href":"https:\/\/www.europesays.com\/fi\/wp-json\/wp\/v2\/users\/2"}],"replies":[{"embeddable":true,"href":"https:\/\/www.europesays.com\/fi\/wp-json\/wp\/v2\/comments?post=90950"}],"version-history":[{"count":0,"href":"https:\/\/www.europesays.com\/fi\/wp-json\/wp\/v2\/posts\/90950\/revisions"}],"wp:featuredmedia":[{"embeddable":true,"href":"https:\/\/www.europesays.com\/fi\/wp-json\/wp\/v2\/media\/86359"}],"wp:attachment":[{"href":"https:\/\/www.europesays.com\/fi\/wp-json\/wp\/v2\/media?parent=90950"}],"wp:term":[{"taxonomy":"category","embeddable":true,"href":"https:\/\/www.europesays.com\/fi\/wp-json\/wp\/v2\/categories?post=90950"},{"taxonomy":"post_tag","embeddable":true,"href":"https:\/\/www.europesays.com\/fi\/wp-json\/wp\/v2\/tags?post=90950"}],"curies":[{"name":"wp","href":"https:\/\/api.w.org\/{rel}","templated":true}]}}