{"id":90951,"date":"2025-11-15T16:58:11","date_gmt":"2025-11-15T16:58:11","guid":{"rendered":"https:\/\/www.europesays.com\/fi\/90951\/"},"modified":"2025-11-15T16:58:11","modified_gmt":"2025-11-15T16:58:11","slug":"paavi-tapasi-hollywood-tahtia-hs-fi","status":"publish","type":"post","link":"https:\/\/www.europesays.com\/fi\/90951\/","title":{"rendered":"Paavi tapasi Hollywood-t\u00e4hti\u00e4 | HS.fi"},"content":{"rendered":"<p>Vatikaani|Paavi pit\u00e4\u00e4 harmillisena, ett\u00e4 elokuvateattereiden k\u00e4vij\u00e4m\u00e4\u00e4r\u00e4t ovat laskeneet.<\/p>\n<p>Lue tiivistelm\u00e4<\/p>\n<p>Tiivistelm\u00e4 on teko\u00e4lyn tekem\u00e4 ja ihmisen tarkistama.<\/p>\n<p class=\"article-body mb-nof-24 px-nof-16 sndp-summary-bullet-point-font\">Paavi Leo XIV tapasi lauantaina Vatikaanissa noin sata elokuva-alan ammattilaista, kuten n\u00e4yttelij\u00e4t Cate Blanchettin ja ohjaaja Spike Leen.<\/p>\n<p class=\"article-body mb-nof-24 px-nof-16 sndp-summary-bullet-point-font\">Tapaaminen on osa katolisen kirkon riemuvuoden ohjelmaa, jota vietet\u00e4\u00e4n 25 vuoden v\u00e4lein.<\/p>\n<p class=\"article-body mb-nof-24 px-nof-16 sndp-summary-bullet-point-font\">Paavi sanoi, ett\u00e4 elokuvateattereiden suojelemiseksi pit\u00e4isi tehd\u00e4 enemm\u00e4n. H\u00e4n my\u00f6s kehotti elokuvantekij\u00f6it\u00e4 kertomaan v\u00e4kivallasta ja k\u00f6yhyydest\u00e4.<\/p>\n<p class=\"article-body mb-nof-24 px-nof-16\">Paavi <a class=\"article-personlink\" href=\"https:\/\/www.hs.fi\/haku\/?query=Leo%20XIV\" rel=\"nofollow noopener\" target=\"_blank\">Leo XIV<\/a> on j\u00e4rjesti lauantaina Hollywood-t\u00e4hti\u00e4 pursuavan audienssin Vatikaanissa. Tilaisuudesta kertovat muun muassa uutistoimistot AFP ja Reuters.<\/p>\n<p class=\"article-body mb-nof-24 px-nof-16\">Ensimm\u00e4inen amerikkalaispaavi oli kutsunut Vatikaaniin noin sata elokuva-alalla ty\u00f6skentelev\u00e4\u00e4 ihmist\u00e4. Kutsuttujen joukossa oli n\u00e4yttelij\u00f6it\u00e4, ohjaajia ja tuottajia.<\/p>\n<p class=\"article-body mb-nof-24 px-nof-16\">Paavin tapasivat muun muassa elokuvan\u00e4yttelij\u00e4t <a class=\"article-personlink\" href=\"https:\/\/www.hs.fi\/haku\/?query=Cate%20Blanchett\" rel=\"nofollow noopener\" target=\"_blank\">Cate Blanchett<\/a>, <a class=\"article-personlink\" href=\"https:\/\/www.hs.fi\/haku\/?query=Monica%20Bellucci\" rel=\"nofollow noopener\" target=\"_blank\">Monica Bellucci<\/a>, <a class=\"article-personlink\" href=\"https:\/\/www.hs.fi\/haku\/?query=Chris%20Pine\" rel=\"nofollow noopener\" target=\"_blank\">Chris Pine<\/a> ja <a class=\"article-personlink\" href=\"https:\/\/www.hs.fi\/haku\/?query=Viggo%20Mortensen\" rel=\"nofollow noopener\" target=\"_blank\">Viggo Mortensen<\/a>. My\u00f6s Oscar-palkittu ohjaaja <a class=\"article-personlink\" href=\"https:\/\/www.hs.fi\/haku\/?query=Spike%20Lee\" rel=\"nofollow noopener\" target=\"_blank\">Spike Lee<\/a> oli kutsuvieraiden joukossa.<\/p>\n<p class=\"article-body mb-nof-24 px-nof-16\">Tapaaminen on osa katolisen kirkon riemuvuoden ohjelmaa. Riemuvuotta vietet\u00e4\u00e4n 25 vuoden v\u00e4lein.<\/p>\n<p class=\"article-body mb-nof-24 px-nof-16\">Paavi sanoi vierailleen, ett\u00e4 elokuvateattereiden suojelemiseksi pit\u00e4isi tehd\u00e4 enemm\u00e4n. Paavi pit\u00e4\u00e4 harmillisena, ett\u00e4 elokuvateattereiden k\u00e4vij\u00e4m\u00e4\u00e4r\u00e4t ovat laskeneet.<\/p>\n<p class=\"article-body mb-nof-24 px-nof-16\">Paavin mukaan elokuva on t\u00e4rke\u00e4 \u201dtoivon ty\u00f6paja\u201d globaalin ep\u00e4varmuuden ja digitaalisen ylikuormituksen aikana.<\/p>\n<p class=\"article-body mb-nof-24 px-nof-16\">\u201dKun elokuvan maaginen valo valaisee pimeyden, se samanaikaisesti sytytt\u00e4\u00e4 sielun silm\u00e4t.\u201d<\/p>\n<p class=\"article-body mb-nof-24 px-nof-16\">Paavi my\u00f6s toivoi, etteiv\u00e4t elokuvien tekij\u00e4t suostu algoritmien viet\u00e4viksi. Algoritmien logiikka pyrkii paavin mukaan toistamaan sit\u00e4, mik\u00e4 toimii, mutta taide avaa uusia mahdollisuuksia.<\/p>\n<p class=\"article-body mb-nof-24 px-nof-16\">H\u00e4n kehotti elokuvantekij\u00f6it\u00e4 puolustamaan \u201dhitautta, hiljaisuutta ja erilaisuutta\u201d.<\/p>\n<p class=\"article-body mb-nof-24 px-nof-16\">\u201d\u00c4lk\u00e4\u00e4 pel\u00e4tk\u00f6 kohdata maailman haavoja. V\u00e4kivalta, k\u00f6yhyys, maanpako, yksin\u00e4isyys, riippuvuus ja unohdetut sodat ovat asioita, jotka on tunnustettava ja kerrottava\u201d, h\u00e4n sanoi.<\/p>\n<p class=\"article-body mb-nof-24 px-nof-16\">Kaikki vieraat k\u00e4tteliv\u00e4t paavin ja moni heist\u00e4 antoi t\u00e4lle lahjoja. Muun muassa Spike Lee antoi koripallojoukkue New York Knicksin paidan, jossa oli teksti \u201dPope Leo 14\u201d.<\/p>\n<p class=\"article-body mb-nof-24 px-nof-16\">Ennen lauantain tilaisuutta paavi listasi <a class=\"article-genericlink\" href=\"https:\/\/www.hs.fi\/kulttuuri\/art-2000011623747.html\" rel=\"nofollow noopener\" target=\"_blank\">nelj\u00e4 suosikkielokuvaansa<\/a>.<\/p>\n<p class=\"article-body mb-nof-24 px-nof-16\">Paavin listalta l\u00f6ytyv\u00e4t It&#8217;s a Wonderful Life eli Ihmeellinen on el\u00e4m\u00e4 (1946), ikoninen musikaali The Sound of Music (1965), <a class=\"article-personlink\" href=\"https:\/\/www.hs.fi\/haku\/?query=Robert%20Redfordin\" rel=\"nofollow noopener\" target=\"_blank\">Robert Redfordin<\/a> perhedraama Ordinary People eli Tavallisia Ihmisi\u00e4 (1980) ja <a class=\"article-personlink\" href=\"https:\/\/www.hs.fi\/haku\/?query=Roberto%20Benignin\" rel=\"nofollow noopener\" target=\"_blank\">Roberto Benignin<\/a> La Vita \u00e8 bella eli Kaunis El\u00e4m\u00e4 (1997).<\/p>\n<p><img decoding=\"async\" src=\"https:\/\/www.europesays.com\/fi\/wp-content\/uploads\/2025\/11\/1763225890_310_468.jpg\" alt=\"Cate Blanchett kuvattiin Vatikaanin Apostolisessa palatsissa paavi Leon tapaamisen j\u00e4lkeen.\" class=\"_Img_1rerz_1\" style=\"aspect-ratio:1.5\" loading=\"eager\"\/><\/p>\n<p class=\"article-picture-caption\">Cate Blanchett kuvattiin Vatikaanin Apostolisessa palatsissa paavi Leon tapaamisen j\u00e4lkeen. Kuva:\u00a0Matteo Minnella \/ Reuters<\/p>\n<p><img decoding=\"async\" src=\"https:\/\/www.europesays.com\/fi\/wp-content\/uploads\/2025\/11\/1763225890_550_468.jpg\" alt=\"Paavi Leon j\u00e4rjest\u00e4v\u00e4 tilaisuus elokuva-alan tekij\u00f6ille oli osa riemuvuoden ohjelmaa.\" class=\"_Img_1rerz_1\" style=\"aspect-ratio:1.5\" loading=\"eager\"\/><\/p>\n<p class=\"article-picture-caption\">Paavi Leon j\u00e4rjest\u00e4v\u00e4 tilaisuus elokuva-alan tekij\u00f6ille oli osa riemuvuoden ohjelmaa. Kuva:\u00a0Vatican Media \/ Zuma<\/p>\n<p><img decoding=\"async\" src=\"https:\/\/www.europesays.com\/fi\/wp-content\/uploads\/2025\/11\/1763225890_235_468.jpg\" alt=\"Spike Lee lahjoitti amerikkalaispaaville nimikoidun New York Knicksin pelipaidan. Leo on itse kotoisin Chigacosta.\" class=\"_Img_1rerz_1\" style=\"aspect-ratio:1.5\" loading=\"eager\"\/><\/p>\n<p class=\"article-picture-caption\">Spike Lee lahjoitti amerikkalaispaaville nimikoidun New York Knicksin pelipaidan. Leo on itse kotoisin Chigacosta. Kuva:\u00a0Vatican Media \/ AFP<\/p>\n<p><img decoding=\"async\" src=\"https:\/\/www.europesays.com\/fi\/wp-content\/uploads\/2025\/11\/1763225890_743_468.jpg\" alt=\"Spike Lee tunnetaan muun muassa BlacKkKlansman-elokuvan ohjauksesta.\" class=\"_Img_1rerz_1\" style=\"aspect-ratio:1.5\" loading=\"eager\"\/><\/p>\n<p class=\"article-picture-caption\">Spike Lee tunnetaan muun muassa BlacKkKlansman-elokuvan ohjauksesta. Kuva:\u00a0Matteo Minnella \/ Reuters<\/p>\n<p><img decoding=\"async\" src=\"https:\/\/www.europesays.com\/fi\/wp-content\/uploads\/2025\/11\/1763225891_5_468.jpg\" alt=\"007 Spectre -elokuvasta tuttu italialainen n\u00e4yttelij\u00e4 Monica Bellucci p\u00e4\u00e4si my\u00f6s tapaamaan paavia.\" class=\"_Img_1rerz_1\" style=\"aspect-ratio:1.5\" loading=\"eager\"\/><\/p>\n<p class=\"article-picture-caption\">007 Spectre -elokuvasta tuttu italialainen n\u00e4yttelij\u00e4 Monica Bellucci p\u00e4\u00e4si my\u00f6s tapaamaan paavia. Kuva:\u00a0Simone Risoluti \/ Reuters<\/p>\n","protected":false},"excerpt":{"rendered":"Vatikaani|Paavi pit\u00e4\u00e4 harmillisena, ett\u00e4 elokuvateattereiden k\u00e4vij\u00e4m\u00e4\u00e4r\u00e4t ovat laskeneet. Lue tiivistelm\u00e4 Tiivistelm\u00e4 on teko\u00e4lyn tekem\u00e4 ja ihmisen tarkistama. Paavi&hellip;\n","protected":false},"author":2,"featured_media":90952,"comment_status":"","ping_status":"","sticky":false,"template":"","format":"standard","meta":{"footnotes":""},"categories":[14],"tags":[22,23,26,27,33,31,30,17,46,24,25,28,29,15,18,21,32,19,20,56,16,59,60,61],"class_list":{"0":"post-90951","1":"post","2":"type-post","3":"status-publish","4":"format-standard","5":"has-post-thumbnail","7":"category-ulkomaat","8":"tag-breaking-news","9":"tag-breakingnews","10":"tag-featured-news","11":"tag-featurednews","12":"tag-fi","13":"tag-finland","14":"tag-finnish","15":"tag-headlines","16":"tag-helsingin-sanomat","17":"tag-latest-news","18":"tag-latestnews","19":"tag-main-news","20":"tag-mainnews","21":"tag-news","22":"tag-otsikot","23":"tag-paauutiset","24":"tag-suomi","25":"tag-top-stories","26":"tag-topstories","27":"tag-ulkomaat","28":"tag-uutiset","29":"tag-world","30":"tag-world-news","31":"tag-worldnews"},"share_on_mastodon":{"url":"https:\/\/pubeurope.com\/@fi\/115554780092683162","error":""},"_links":{"self":[{"href":"https:\/\/www.europesays.com\/fi\/wp-json\/wp\/v2\/posts\/90951","targetHints":{"allow":["GET"]}}],"collection":[{"href":"https:\/\/www.europesays.com\/fi\/wp-json\/wp\/v2\/posts"}],"about":[{"href":"https:\/\/www.europesays.com\/fi\/wp-json\/wp\/v2\/types\/post"}],"author":[{"embeddable":true,"href":"https:\/\/www.europesays.com\/fi\/wp-json\/wp\/v2\/users\/2"}],"replies":[{"embeddable":true,"href":"https:\/\/www.europesays.com\/fi\/wp-json\/wp\/v2\/comments?post=90951"}],"version-history":[{"count":0,"href":"https:\/\/www.europesays.com\/fi\/wp-json\/wp\/v2\/posts\/90951\/revisions"}],"wp:featuredmedia":[{"embeddable":true,"href":"https:\/\/www.europesays.com\/fi\/wp-json\/wp\/v2\/media\/90952"}],"wp:attachment":[{"href":"https:\/\/www.europesays.com\/fi\/wp-json\/wp\/v2\/media?parent=90951"}],"wp:term":[{"taxonomy":"category","embeddable":true,"href":"https:\/\/www.europesays.com\/fi\/wp-json\/wp\/v2\/categories?post=90951"},{"taxonomy":"post_tag","embeddable":true,"href":"https:\/\/www.europesays.com\/fi\/wp-json\/wp\/v2\/tags?post=90951"}],"curies":[{"name":"wp","href":"https:\/\/api.w.org\/{rel}","templated":true}]}}