{"id":90953,"date":"2025-11-15T16:59:09","date_gmt":"2025-11-15T16:59:09","guid":{"rendered":"https:\/\/www.europesays.com\/fi\/90953\/"},"modified":"2025-11-15T16:59:09","modified_gmt":"2025-11-15T16:59:09","slug":"kakkostie-poikki-kaksi-kuljetettiin-sairaalaan","status":"publish","type":"post","link":"https:\/\/www.europesays.com\/fi\/90953\/","title":{"rendered":"Kakkostie poikki \u2013 kaksi kuljetettiin sairaalaan"},"content":{"rendered":"<p>Autot vaurioituivat nokkakolarissa hinauskuntoon.<\/p>\n<p class=\"article-body mb-nof-24 px-nof-16\">Forssassa tapahtui lauantaina vakava liikenne\u00adonnettomuus, kun kaksi henkil\u00f6autoa t\u00f6rm\u00e4si nokikkain valtatie 2:lla Yhti\u00f6nkadun ylitt\u00e4v\u00e4ll\u00e4 sillalla.<\/p>\n<p class=\"article-body mb-nof-24 px-nof-16\">P\u00e4ivyst\u00e4v\u00e4 palomestari <a class=\"article-personlink\" href=\"https:\/\/www.is.fi\/haku\/?query=Marko%20Villanen\" rel=\"nofollow noopener\" target=\"_blank\">Marko Villanen <\/a>kertoo, ett\u00e4 onnettomuusautoissa olivat kyydiss\u00e4 autojen kuljettajat. Heist\u00e4 molemmat kuljetettiin sairaalahoitoon.<\/p>\n<p class=\"article-body mb-nof-24 px-nof-16\">Autot vaurioituivat onnettomuudessa hinauskuntoon.<\/p>\n<p class=\"article-body mb-nof-24 px-nof-16\">H\u00e4lytys onnettomuudesta tuli kello 16.54. Pelastusteht\u00e4v\u00e4\u00e4 hoitaa seitsem\u00e4n yksikk\u00f6\u00e4.<\/p>\n<p class=\"article-body mb-nof-24 px-nof-16\">Pelastuslaitoksen arvion mukaan liikenne on katkaistuna onnettomuuden raivauksen takia kahden tunnin ajan. Kohteessa on liikenteen ohjaus.<\/p>\n<p class=\"article-body mb-nof-24 px-nof-16\">Poliisi tutkii onnettomuutta.<\/p>\n","protected":false},"excerpt":{"rendered":"Autot vaurioituivat nokkakolarissa hinauskuntoon. Forssassa tapahtui lauantaina vakava liikenne\u00adonnettomuus, kun kaksi henkil\u00f6autoa t\u00f6rm\u00e4si nokikkain valtatie 2:lla Yhti\u00f6nkadun ylitt\u00e4v\u00e4ll\u00e4&hellip;\n","protected":false},"author":2,"featured_media":90954,"comment_status":"","ping_status":"","sticky":false,"template":"","format":"standard","meta":{"footnotes":""},"categories":[12],"tags":[22,23,26,27,33,31,30,17,34,24,25,28,29,15,18,21,32,19,20,16],"class_list":{"0":"post-90953","1":"post","2":"type-post","3":"status-publish","4":"format-standard","5":"has-post-thumbnail","7":"category-suomi","8":"tag-breaking-news","9":"tag-breakingnews","10":"tag-featured-news","11":"tag-featurednews","12":"tag-fi","13":"tag-finland","14":"tag-finnish","15":"tag-headlines","16":"tag-ilta-sanomat","17":"tag-latest-news","18":"tag-latestnews","19":"tag-main-news","20":"tag-mainnews","21":"tag-news","22":"tag-otsikot","23":"tag-paauutiset","24":"tag-suomi","25":"tag-top-stories","26":"tag-topstories","27":"tag-uutiset"},"share_on_mastodon":{"url":"https:\/\/pubeurope.com\/@fi\/115554783643694072","error":""},"_links":{"self":[{"href":"https:\/\/www.europesays.com\/fi\/wp-json\/wp\/v2\/posts\/90953","targetHints":{"allow":["GET"]}}],"collection":[{"href":"https:\/\/www.europesays.com\/fi\/wp-json\/wp\/v2\/posts"}],"about":[{"href":"https:\/\/www.europesays.com\/fi\/wp-json\/wp\/v2\/types\/post"}],"author":[{"embeddable":true,"href":"https:\/\/www.europesays.com\/fi\/wp-json\/wp\/v2\/users\/2"}],"replies":[{"embeddable":true,"href":"https:\/\/www.europesays.com\/fi\/wp-json\/wp\/v2\/comments?post=90953"}],"version-history":[{"count":0,"href":"https:\/\/www.europesays.com\/fi\/wp-json\/wp\/v2\/posts\/90953\/revisions"}],"wp:featuredmedia":[{"embeddable":true,"href":"https:\/\/www.europesays.com\/fi\/wp-json\/wp\/v2\/media\/90954"}],"wp:attachment":[{"href":"https:\/\/www.europesays.com\/fi\/wp-json\/wp\/v2\/media?parent=90953"}],"wp:term":[{"taxonomy":"category","embeddable":true,"href":"https:\/\/www.europesays.com\/fi\/wp-json\/wp\/v2\/categories?post=90953"},{"taxonomy":"post_tag","embeddable":true,"href":"https:\/\/www.europesays.com\/fi\/wp-json\/wp\/v2\/tags?post=90953"}],"curies":[{"name":"wp","href":"https:\/\/api.w.org\/{rel}","templated":true}]}}