{"id":90957,"date":"2025-11-15T17:12:10","date_gmt":"2025-11-15T17:12:10","guid":{"rendered":"https:\/\/www.europesays.com\/fi\/90957\/"},"modified":"2025-11-15T17:12:10","modified_gmt":"2025-11-15T17:12:10","slug":"tauski-peltonen-63-vuotta-nain-han-on-muuttunut-vuosien-varrella","status":"publish","type":"post","link":"https:\/\/www.europesays.com\/fi\/90957\/","title":{"rendered":"Tauski Peltonen 63 vuotta \u2013 N\u00e4in h\u00e4n on muuttunut vuosien varrella"},"content":{"rendered":"<p>Tauski t\u00e4ytt\u00e4\u00e4 t\u00e4n\u00e4\u00e4n 63 vuotta.<\/p>\n<p><img decoding=\"async\" class=\"image image-show image-preview\" src=\"https:\/\/www.europesays.com\/fi\/wp-content\/uploads\/2025\/11\/0de4fcc8a9a86dd6796e6e9b7a8545bd0e3ba49f9d0605276ddc6b695e193947.jpg\" alt=\"\"\/><img decoding=\"async\" class=\"image image-show\" src=\"https:\/\/www.europesays.com\/fi\/wp-content\/uploads\/2025\/11\/1763226730_107_0de4fcc8a9a86dd6796e6e9b7a8545bd0e3ba49f9d0605276ddc6b695e193947.jpg\" alt=\"\"\/><\/p>\n<p>Tauski 24-vuotiaana. IL-ARKISTO<\/p>\n<p class=\"paragraph\">Iskelm\u00e4laulaja <a href=\"https:\/\/www.iltalehti.fi\/henkilot\/Tauski Peltonen\" class=\"article-link-person-page\" rel=\"nofollow noopener\" target=\"_blank\">Tauno \u201dTauski\u201d Peltonen<\/a> t\u00e4ytt\u00e4\u00e4 t\u00e4n\u00e4\u00e4n 15. marraskuuta 63 vuotta. H\u00e4nen el\u00e4m\u00e4\u00e4ns\u00e4 ovat v\u00e4ritt\u00e4neet lukuisat hittikappaleet, avioliitot, kohut ja erilaiset k\u00e4\u00e4nteet.<\/p>\n<p class=\"paragraph\">Tauski nousi julkisuuteen vuonna 1986 kappaleellaan Puistotie. Ennen soolouraansa h\u00e4n ehti olla mukana useissa yhtyeiss\u00e4 kuten Feveriss\u00e4, Revontulessa ja <a href=\"https:\/\/www.iltalehti.fi\/henkilot\/Eija Sinikka\" class=\"article-link-person-page\" rel=\"nofollow noopener\" target=\"_blank\">Eija Sinikan<\/a> taustayhtyeess\u00e4.<\/p>\n<p class=\"paragraph\">Tauskin tunnetuimpia soolokappaleita ovat muun muassa Ilman sua, Sin\u00e4 vain, Haavemaa, Enkeli minulle kuiskaa, Niin min\u00e4 sinulle kuulun ja Min\u00e4 jumaloin sinua.<\/p>\n<p class=\"paragraph\">Tauski on toiminut my\u00f6s lauluntekij\u00e4n\u00e4, ja suurin osa h\u00e4nen soolokappaleistaan on h\u00e4nen omia s\u00e4vellyksi\u00e4\u00e4n. Lis\u00e4ksi h\u00e4n on ollut mukana tekem\u00e4ss\u00e4 kappaleita muun muassa <a href=\"https:\/\/www.iltalehti.fi\/henkilot\/Merja Raski\" class=\"article-link-person-page\" rel=\"nofollow noopener\" target=\"_blank\">Merja Raskille<\/a>, CatCatille ja <a href=\"https:\/\/www.iltalehti.fi\/henkilot\/Juhamatti\" class=\"article-link-person-page\" rel=\"nofollow noopener\" target=\"_blank\">Juhamatille<\/a>.<\/p>\n<p>Viisi avioliittoa<\/p>\n<p class=\"paragraph\">Tauski on ollut viidesti naimisissa nelj\u00e4n eri naisen kanssa, ja h\u00e4nen avioliittonsa ovat vuosien varrella olleet usein otsikoissa.<\/p>\n<p class=\"paragraph\">Tauski avioitui ensimm\u00e4isen kerran <strong>Tina Peltosen<\/strong> (aiemmin Silfver) kanssa vuonna 1988. Avioliitto kesti 15 vuotta ja p\u00e4\u00e4ttyi eroon vuonna 2003. Heille syntyi liiton aikana kolme lasta.<\/p>\n<p>Tauski ja Tina Peltonen lokakuussa 1990. Pariskunta piti yht\u00e4 15 vuotta. IL-ARKISTO<\/p>\n<p class=\"paragraph\">Viel\u00e4 samana vuonna 2003 h\u00e4n meni naimisiin CatCat-yhtyeess\u00e4 laulaneen <a href=\"https:\/\/www.iltalehti.fi\/henkilot\/Virpi K\u00e4tk\u00e4\" class=\"article-link-person-page\" rel=\"nofollow noopener\" target=\"_blank\">Virpi K\u00e4tk\u00e4n<\/a> kanssa. Tauski on paljastanut pariskunnan romanssin alkaneen salasuhteella jo vuonna 1993 h\u00e4nen ollessaan naimisissa viel\u00e4 ex-vaimonsa Tinan kanssa. Tauskin ja Virpin liitto p\u00e4\u00e4ttyi eroon vuonna 2011. Liitosta syntyi kaksi lasta.<\/p>\n<p>Tauskin ja Virpin h\u00e4\u00e4t vuonna 2003. JUHA SINISALO<\/p>\n<p>Tauski ja Virpi K\u00e4tk\u00e4 vuonna 2003. ILPO LUKUS<\/p>\n<p class=\"paragraph\">Pariskunnan ero oli hyvin riitaisa ja v\u00e4lej\u00e4 sek\u00e4 huoltajuuskiistoja setvittiin muutaman vuoden ajan oikeudessa asti. Lopulta ex-pariskunta l\u00f6ysi sovun ja he tekiv\u00e4t jopa muutama vuosi sitten taas yhdess\u00e4 musiikkia.<\/p>\n<p class=\"paragraph\">Kolmannen avioliittonsa iskelm\u00e4laulaja solmi viel\u00e4 samana vuonna 2011 tanssija <strong>Henna Peltosen<\/strong> (aiemmin Tuominen) kanssa. Avio-onni ei kuitenkaan kest\u00e4nyt pitk\u00e4\u00e4n, sill\u00e4 jo seitsem\u00e4n kuukautta h\u00e4iden j\u00e4lkeen Henna haki avioeroa. Tuolloin Henna odotti h\u00e4nen ja Tauskin yhteist\u00e4 lasta.<\/p>\n<p>Tauski ja Henna vuonna 2011. Matti Matikainen<\/p>\n<p class=\"paragraph\">Vuonna 2015 uutisoitiin, ett\u00e4 Tauski olisi pahoinpidellyt Hennaa vuonna 2012 t\u00e4m\u00e4n ollessa raskaana. Vuonna 2015 Tauski sai Varsinais-Suomen k\u00e4r\u00e4j\u00e4oikeudessa tuomion Hennan pahoinpitelyst\u00e4. Tauski oli muun muassa repinyt Peltosta hiuksista, kuristanut kaulasta ja ly\u00f6nyt. Tauski tuomittiin sakkoihin ja maksettavaa kertyi 2 485 euroa.<\/p>\n<p class=\"paragraph\">Hovissa Tauskin tuomio aleni huomattavasti. H\u00e4nen katsottiin syyllistyneen poskelle l\u00e4ps\u00e4isyyn. Tuomionimike oli edelleen pahoinpitely, mutta hovissa sakot pieneniv\u00e4t huomattavasti, Tauskille tuli maksettavaa ainoastaan 300 euroa.<\/p>\n<p>Tauski kotonaan vuonna 2012. Tatu Lertola<\/p>\n<p class=\"paragraph\">Nelj\u00e4nnen avioliittonsa Tauski solmi gambialaisen <strong>Saffiatoun<\/strong> kanssa vuonna 2014, mutta liitto p\u00e4\u00e4ttyi nopeasti eroon.<\/p>\n<p class=\"paragraph\">Vuonna 2019 uutisoitiin, ett\u00e4 Tauski ja Henna Peltonen olivat j\u00e4lleen yhdess\u00e4. Jo aiemmin eronnut pari solmi avioliiton uudelleen syyskuussa 2023.<\/p>\n<p>Tauski ja Henna Peltonen meniv\u00e4t uudestaan naimisiin vuonna 2023. Petri Naukkarinen Photography<\/p>\n<p class=\"paragraph\">Vuonna 2020 Tauski kertoi Iltalehdelle laihduttaneensa 25 kiloa. P\u00e4\u00e4t\u00f6s el\u00e4m\u00e4ntapamuutoksesta syntyi lukuisien sairaalareissujen j\u00e4lkeen.<\/p>\n<p class=\"paragraph\">\u2013 L\u00e4\u00e4k\u00e4ri varoitteli, ett\u00e4 minulla on 80 prosenttia suurempi riski saada aivoinfarkti tuon vatsan kanssa. Se pys\u00e4ytti, Tauski sanoi tuolloin Iltalehdelle.<\/p>\n<p>Tauski laihdutti jopa 25 kiloa vuonna 2020. Miisa M\u00e4ntysalo<\/p>\n<p>Espanjan Aurinkorannikolla on Tauskin nimikkobaari, jota yll\u00e4pit\u00e4\u00e4 Marge Toivonen. Kuva vuodelta 2019.  IL-ARKISTO<\/p>\n<p class=\"paragraph\">Tauski on puhunut vuosien varrella ongelmistaan alkoholin kanssa ja vuonna 2024 h\u00e4n kertoi <a href=\"https:\/\/www.iltalehti.fi\/viihdeuutiset\/cab18ecc-362c-4e61-abbf-98e56c9d70c2\" rel=\"nofollow noopener\" target=\"_blank\">Iltalehdelle<\/a> aloittaneensa Minnesota-hoidon.<\/p>\n<p class=\"paragraph\">T\u00e4t\u00e4 ennen Tauski kertoi k\u00e4yneens\u00e4 A-klinikalla ja terapiassa, mutta h\u00e4n ei saanut apua n\u00e4ist\u00e4 hoitomuodoista.<\/p>\n<p class=\"paragraph\">Syyskuussa Tauski kertoi MTV:n Huomenta Suomessa saaneensa Minnesota-hoidosta ev\u00e4\u00e4t kokonaiseen uuteen el\u00e4m\u00e4ntapaan.<\/p>\n<p class=\"paragraph\">\u2013 \u00c4l\u00e4 mene seitsem\u00e4\u00e4 kertaa viikossa punttisalille, vaan ala el\u00e4\u00e4 normaalia ja rauhallista el\u00e4m\u00e4\u00e4. Muista lev\u00e4t\u00e4, tee ty\u00f6t ja pid\u00e4 kotipes\u00e4 kunnossa, oma pes\u00e4 kunnossa, h\u00e4n luetteli.<\/p>\n<p>Tauski vuonna 2020. Jere Satamo<\/p>\n<p class=\"paragraph\"><a href=\"https:\/\/www.iltalehti.fi\/viihdeuutiset\/b0c87032-62d3-48e4-8733-8cad85c6f45c\" rel=\"nofollow noopener\" target=\"_blank\">Iltalehti<\/a> kertoi viime viikolla, ett\u00e4 Henna Peltonen j\u00e4tti avioerohakemuksen Pirkanmaan k\u00e4r\u00e4j\u00e4oikeuteen tiistaina 4.11. K\u00e4r\u00e4j\u00e4oikeudesta kerrottiin my\u00f6s, ett\u00e4 Peltosilla oli ollut jo aiemmin t\u00e4n\u00e4 vuonna avioero vireill\u00e4.<\/p>\n<p class=\"paragraph\">Aiempi hakemus ei kuitenkaan edennyt. K\u00e4r\u00e4j\u00e4oikeuden mukaan asia on k\u00e4sitelty helmikuussa 2025, sill\u00e4 hakija on voinut esimerkiksi peruuttaa hakemuksen.<\/p>\n<p class=\"paragraph\">Tuonkin erohakemuksen j\u00e4tti yksin Henna.<\/p>\n<p>Henna Peltonen on j\u00e4tt\u00e4nyt avioerohakemuksen k\u00e4r\u00e4j\u00e4oikeuteen. TAUSKIN JA HENNAN KOTIALBUMI<\/p>\n","protected":false},"excerpt":{"rendered":"Tauski t\u00e4ytt\u00e4\u00e4 t\u00e4n\u00e4\u00e4n 63 vuotta. Tauski 24-vuotiaana. IL-ARKISTO Iskelm\u00e4laulaja Tauno \u201dTauski\u201d Peltonen t\u00e4ytt\u00e4\u00e4 t\u00e4n\u00e4\u00e4n 15. marraskuuta 63 vuotta.&hellip;\n","protected":false},"author":2,"featured_media":90958,"comment_status":"","ping_status":"","sticky":false,"template":"","format":"standard","meta":{"footnotes":""},"categories":[136],"tags":[35,138,1074,407,137,33,31,30,101,408,47,98,32,109],"class_list":{"0":"post-90957","1":"post","2":"type-post","3":"status-publish","4":"format-standard","5":"has-post-thumbnail","7":"category-julkkikset","8":"tag-24h","9":"tag-audio","10":"tag-avioliitto-ja-parisuhde","11":"tag-celebrities","12":"tag-entertainment","13":"tag-fi","14":"tag-finland","15":"tag-finnish","16":"tag-ihmissuhteet","17":"tag-julkkikset","18":"tag-musiikki","19":"tag-perhe","20":"tag-suomi","21":"tag-viihde"},"share_on_mastodon":{"url":"https:\/\/pubeurope.com\/@fi\/115554834540546952","error":""},"_links":{"self":[{"href":"https:\/\/www.europesays.com\/fi\/wp-json\/wp\/v2\/posts\/90957","targetHints":{"allow":["GET"]}}],"collection":[{"href":"https:\/\/www.europesays.com\/fi\/wp-json\/wp\/v2\/posts"}],"about":[{"href":"https:\/\/www.europesays.com\/fi\/wp-json\/wp\/v2\/types\/post"}],"author":[{"embeddable":true,"href":"https:\/\/www.europesays.com\/fi\/wp-json\/wp\/v2\/users\/2"}],"replies":[{"embeddable":true,"href":"https:\/\/www.europesays.com\/fi\/wp-json\/wp\/v2\/comments?post=90957"}],"version-history":[{"count":0,"href":"https:\/\/www.europesays.com\/fi\/wp-json\/wp\/v2\/posts\/90957\/revisions"}],"wp:featuredmedia":[{"embeddable":true,"href":"https:\/\/www.europesays.com\/fi\/wp-json\/wp\/v2\/media\/90958"}],"wp:attachment":[{"href":"https:\/\/www.europesays.com\/fi\/wp-json\/wp\/v2\/media?parent=90957"}],"wp:term":[{"taxonomy":"category","embeddable":true,"href":"https:\/\/www.europesays.com\/fi\/wp-json\/wp\/v2\/categories?post=90957"},{"taxonomy":"post_tag","embeddable":true,"href":"https:\/\/www.europesays.com\/fi\/wp-json\/wp\/v2\/tags?post=90957"}],"curies":[{"name":"wp","href":"https:\/\/api.w.org\/{rel}","templated":true}]}}