{"id":90963,"date":"2025-11-15T17:17:09","date_gmt":"2025-11-15T17:17:09","guid":{"rendered":"https:\/\/www.europesays.com\/fi\/90963\/"},"modified":"2025-11-15T17:17:09","modified_gmt":"2025-11-15T17:17:09","slug":"kaksi-lankkari-ikonia-loi-hynttyyt-yhteen-vuonna-1993-tuloksena-lahes-taydellinen-elokuva","status":"publish","type":"post","link":"https:\/\/www.europesays.com\/fi\/90963\/","title":{"rendered":"Kaksi l\u00e4nkk\u00e4ri-ikonia l\u00f6i hynttyyt yhteen vuonna 1993 \u2013 Tuloksena l\u00e4hes t\u00e4ydellinen elokuva"},"content":{"rendered":"<p><strong>Clint Eastwood<\/strong> ja <strong>Kevin Costner<\/strong> tekiv\u00e4t ainoan yhteisen elokuvansa vuonna 1993.<\/p>\n<p>Oscareita rohmunneen Armottoman (1992) j\u00e4lkeen Eastwood halusi tehd\u00e4 pes\u00e4eroa l\u00e4nkk\u00e4rielokuviin, joita h\u00e4n oli tehtaillut l\u00e4hes koko ik\u00e4ns\u00e4 \u2013 ensin n\u00e4yttelij\u00e4n\u00e4, my\u00f6hemmin ohjaajana.<\/p>\n<p>Costnerin sis\u00e4llissotaan sijoittuvasta l\u00e4pimurtoelokuvasta Tanssii susien kanssa (1990) oli puolestaan kerennyt vier\u00e4ht\u00e4\u00e4 vain muutama vuosi.<\/p>\n<p>T\u00e4ydellinen maailma kertoo vankikarkuri Butchista (Costner), sek\u00e4 h\u00e4nen ottamastaan panttivangista, nuoresta Phillipist\u00e4. Eastwood esitt\u00e4\u00e4 lainvartija Red Garnettia, jolla on yhteist\u00e4 historiaa Butchin kanssa.<\/p>\n<p>Lue my\u00f6s: <a href=\"https:\/\/www.episodi.fi\/uutiset\/suoratoistohelmi-clint-eastwoodin-loistava-rikoselokuva-vie-pakomatkalle-texasiin\/\" title=\"Suoratoistohelmi: Clint Eastwoodin loistava rikoselokuva vie pakomatkalle Texasiin\" class=\"underline-custom !font-montserrat !font-bold !underline-offset-4 !decoration-4 !decoration-episodi-blue !text-md\" rel=\"nofollow noopener\" target=\"_blank\">Suoratoistohelmi: Clint Eastwoodin loistava rikoselokuva vie pakomatkalle Texasiin<\/a><\/p>\n<p>Lue my\u00f6s: <a href=\"https:\/\/www.episodi.fi\/uutiset\/tanaan-tvssa-tata-clint-eastwoodin-elokuvaa-ei-pida-missata-vuoden-1993-loistoleffa-on-aivan-turhaan-sivuutettu\/\" title=\"T\u00e4n\u00e4\u00e4n tv:ss\u00e4: T\u00e4t\u00e4 Clint Eastwoodin elokuvaa ei pid\u00e4 missata \u2013 Vuoden 1993 loistoleffa on aivan turhaan sivuutettu\" class=\"underline-custom !font-montserrat !font-bold !underline-offset-4 !decoration-4 !decoration-episodi-blue !text-md\" rel=\"nofollow noopener\" target=\"_blank\">T\u00e4n\u00e4\u00e4n tv:ss\u00e4: T\u00e4t\u00e4 Clint Eastwoodin elokuvaa ei pid\u00e4 missata \u2013 Vuoden 1993 loistoleffa on aivan turhaan sivuutettu<\/a><\/p>\n<p>Yll\u00e4tt\u00e4en Butch ja Phillip yst\u00e4vystyv\u00e4t poikkeuksellisessa tilanteessa. V\u00e4hitellen katsojaa kuitenkin muistutaan siit\u00e4, ett\u00e4 pojan yst\u00e4v\u00e4n\u00e4 on v\u00e4kivaltainen rikollinen.<\/p>\n<p>Alun perin Eastwood halusi toimia vain ohjaajana, mutta Costner patisti konkarin toiseen p\u00e4\u00e4rooliin. Kaksikko hioi k\u00e4sikirjoitukseen riitt\u00e4v\u00e4n tilan Eastwoodille ja loppu on historiaa.<\/p>\n<p>Vaikka elokuvan arvostus on vuosien saatossa kohonnut, T\u00e4ydellinen maailma on edelleen sek\u00e4 Costnerin, ett\u00e4 Eastwoodin uran aliarvostetuimpia teoksia.<\/p>\n<p>Suomessa elokuva on n\u00e4ht\u00e4vill\u00e4 t\u00e4ll\u00e4 hetkell\u00e4 vain VOD-palveluissa.<\/p>\n<p><img loading=\"lazy\" decoding=\"async\" alt=\"YouTube video\" width=\"480\" height=\"360\" data-pin-nopin=\"true\" nopin=\"nopin\" class=\"perfmatters-lazy\" src=\"https:\/\/www.europesays.com\/fi\/wp-content\/uploads\/2025\/11\/1763227029_172_hqdefault.jpg\"\/><\/p>\n<p>L\u00e4hde: <a href=\"https:\/\/screenrant.com\/clint-eastwood-kevin-costner-western-team-up-a-perfect-world\/\" rel=\"nofollow noopener\" target=\"_blank\">Screen Rant<\/a><\/p>\n","protected":false},"excerpt":{"rendered":"Clint Eastwood ja Kevin Costner tekiv\u00e4t ainoan yhteisen elokuvansa vuonna 1993. Oscareita rohmunneen Armottoman (1992) j\u00e4lkeen Eastwood halusi&hellip;\n","protected":false},"author":2,"featured_media":90964,"comment_status":"","ping_status":"","sticky":false,"template":"","format":"standard","meta":{"footnotes":""},"categories":[131],"tags":[155,137,33,173,31,30,172,32,18184,109],"class_list":{"0":"post-90963","1":"post","2":"type-post","3":"status-publish","4":"format-standard","5":"has-post-thumbnail","7":"category-elokuvat","8":"tag-elokuvat","9":"tag-entertainment","10":"tag-fi","11":"tag-film","12":"tag-finland","13":"tag-finnish","14":"tag-movies","15":"tag-suomi","16":"tag-taydellinen-maailma","17":"tag-viihde"},"share_on_mastodon":{"url":"https:\/\/pubeurope.com\/@fi\/115554854096676462","error":""},"_links":{"self":[{"href":"https:\/\/www.europesays.com\/fi\/wp-json\/wp\/v2\/posts\/90963","targetHints":{"allow":["GET"]}}],"collection":[{"href":"https:\/\/www.europesays.com\/fi\/wp-json\/wp\/v2\/posts"}],"about":[{"href":"https:\/\/www.europesays.com\/fi\/wp-json\/wp\/v2\/types\/post"}],"author":[{"embeddable":true,"href":"https:\/\/www.europesays.com\/fi\/wp-json\/wp\/v2\/users\/2"}],"replies":[{"embeddable":true,"href":"https:\/\/www.europesays.com\/fi\/wp-json\/wp\/v2\/comments?post=90963"}],"version-history":[{"count":0,"href":"https:\/\/www.europesays.com\/fi\/wp-json\/wp\/v2\/posts\/90963\/revisions"}],"wp:featuredmedia":[{"embeddable":true,"href":"https:\/\/www.europesays.com\/fi\/wp-json\/wp\/v2\/media\/90964"}],"wp:attachment":[{"href":"https:\/\/www.europesays.com\/fi\/wp-json\/wp\/v2\/media?parent=90963"}],"wp:term":[{"taxonomy":"category","embeddable":true,"href":"https:\/\/www.europesays.com\/fi\/wp-json\/wp\/v2\/categories?post=90963"},{"taxonomy":"post_tag","embeddable":true,"href":"https:\/\/www.europesays.com\/fi\/wp-json\/wp\/v2\/tags?post=90963"}],"curies":[{"name":"wp","href":"https:\/\/api.w.org\/{rel}","templated":true}]}}