{"id":90965,"date":"2025-11-15T17:19:08","date_gmt":"2025-11-15T17:19:08","guid":{"rendered":"https:\/\/www.europesays.com\/fi\/90965\/"},"modified":"2025-11-15T17:19:08","modified_gmt":"2025-11-15T17:19:08","slug":"hiihto-uusi-kaanne-victoria-carlin-dopingtapauksessa-2","status":"publish","type":"post","link":"https:\/\/www.europesays.com\/fi\/90965\/","title":{"rendered":"Hiihto: Uusi k\u00e4\u00e4nne Victoria Carlin dopingtapauksessa"},"content":{"rendered":"<p>Maastohiihto|SVT uutisoi Victoria Carlin asiasta.<\/p>\n<p class=\"article-body mb-nof-24 px-nof-16\">Saksalaishiiht\u00e4j\u00e4 <a class=\"article-personlink\" href=\"https:\/\/www.hs.fi\/haku\/?query=Victoria%20Carlin\" rel=\"nofollow noopener\" target=\"_blank\">Victoria Carlin<\/a>, 30, dopingasiassa on uusi k\u00e4\u00e4nne, kertoo Ruotsin yleisradioyhti\u00f6 <a class=\"article-genericlink\" href=\"https:\/\/www.svt.se\/sport\/langdskidor\/wada-inkopplat-i-victoria-carl-fallet-kan-tyda-pa-uppgorelse\" rel=\"nofollow noopener\" target=\"_blank\">SVT.<\/a><\/p>\n<p class=\"article-body mb-nof-24 px-nof-16\">SVT:n mukaan Maailman antidopingtoimisto Wada tutkii nyt asiaa. SVT:n haastatteleman ruotsalaisen antidopingtoimijan <a class=\"article-personlink\" href=\"https:\/\/www.hs.fi\/haku\/?query=Jessica%20Wissmanin\" rel=\"nofollow noopener\" target=\"_blank\">Jessica Wissmanin<\/a> mukaan t\u00e4m\u00e4 viittaa siihen, ett\u00e4 asiassa haetaan todenn\u00e4k\u00f6isesti jonkinlaista sovitteluratkaisua.<\/p>\n<p class=\"article-body mb-nof-24 px-nof-16\">Viime kes\u00e4n\u00e4 <a class=\"article-genericlink\" href=\"https:\/\/www.is.fi\/hiihtolajit\/art-2000011323729.html\" rel=\"nofollow noopener\" target=\"_blank\">uutisoitiin<\/a> Carlin k\u00e4r\u00e4ht\u00e4neen dopingtestiss\u00e4, joka tehtiin kilpailujen ulkopuolella. Asiasta tiedotti Saksan hiihtoliitto.<\/p>\n<p class=\"article-body mb-nof-24 px-nof-16\">Moninkertaisen arvokisamitalistin Carlin kerrottiin j\u00e4\u00e4neen kiinni l\u00e4\u00e4kkeest\u00e4, joka sis\u00e4lsi kielletty\u00e4 klenbuterolia.<\/p>\n<p class=\"article-body mb-nof-24 px-nof-16\">Saksan hiihtoliiton mukaan Saksan armeijan l\u00e4\u00e4k\u00e4ri oli m\u00e4\u00e4r\u00e4nnyt kyseist\u00e4 l\u00e4\u00e4kett\u00e4 hiiht\u00e4j\u00e4lle maaliskuun lopulla keuhkoputkentulehdukseen sotilaiden MM-hiihtojen yhteydess\u00e4.<\/p>\n<p class=\"article-body mb-nof-24 px-nof-16\">Carl on kertonut ottaneensa urheilussa kielletty\u00e4 l\u00e4\u00e4kett\u00e4 tiet\u00e4m\u00e4tt\u00e4\u00e4n.<\/p>\n<p class=\"article-body mb-nof-24 px-nof-16\">\u201dMinulla oli vakavia ysk\u00e4kohtauksia ja otin l\u00e4\u00e4kkeen l\u00e4\u00e4k\u00e4rin ohjeiden mukaan. En tiennyt, ett\u00e4 se sis\u00e4lsi kielletty\u00e4 ainetta. Toivon todella, ett\u00e4 asia arvioidaan oikeudenmukaisesti\u201d, Carl puolustautui kes\u00e4ll\u00e4.<\/p>\n<p class=\"article-body mb-nof-24 px-nof-16\">Saksan hiihtoliitto syytti dopingk\u00e4ryst\u00e4 l\u00e4\u00e4kkeen m\u00e4\u00e4r\u00e4nnytt\u00e4 armeijan l\u00e4\u00e4k\u00e4ri\u00e4 ja piti Carlia syytt\u00f6m\u00e4n\u00e4 tapahtumaan.<\/p>\n<p class=\"article-body mb-nof-24 px-nof-16\">Saksan armeijan ja hiihtoliiton edustajat painottivat yhdess\u00e4, ett\u00e4 he toivovat vapauttavaa tuomiota viattomana pit\u00e4m\u00e4lleen urheilijalle.<\/p>\n<p class=\"article-body mb-nof-24 px-nof-16\">SVT:n mukaan normaali rangaistus klenbuterolista on nelj\u00e4n vuoden toimintakielto.<\/p>\n<p class=\"article-body mb-nof-24 px-nof-16\">Ruotsin antidopingtahon leiviss\u00e4 ty\u00f6skentelev\u00e4 Wissman arvioi, ett\u00e4 p\u00e4\u00e4vastuu asiassa yritet\u00e4\u00e4n vieritt\u00e4\u00e4 kyseiselle l\u00e4\u00e4k\u00e4rille. Wissman ei kuitenkaan usko, ett\u00e4 Carl selviytyisi asiassa kokonaan vailla rangaistusta. Carl on ollut toistaiseksi toimintakiellossa kuluvan vuoden kes\u00e4kuun lopulta l\u00e4htien.<\/p>\n<p class=\"article-body mb-nof-24 px-nof-16\">Wissman viittaa my\u00f6s italialaisen tennist\u00e4hti <a class=\"article-personlink\" href=\"https:\/\/www.hs.fi\/haku\/?query=Jannik%20Sinnerin\" rel=\"nofollow noopener\" target=\"_blank\">Jannik Sinnerin<\/a>, 24, <a class=\"article-genericlink\" href=\"https:\/\/www.is.fi\/tennis\/art-2000011036865.html\" rel=\"nofollow noopener\" target=\"_blank\">tapaukseen<\/a>, jossa anabolisesta steroidista klostebolista kiinni j\u00e4\u00e4neen Sinnerin toimintakielto supistui kolmeen kuukauteen Wadan k\u00e4sittelyn my\u00f6t\u00e4. Aineen v\u00e4itettiin joutuneen Sinnerin kehoon tahattomasti, mutta tapausta pidettiin yleisesti ottaen kiistanalaisena.<\/p>\n<p class=\"article-body mb-nof-24 px-nof-16\">Wissman mainitsi, ett\u00e4 Carl taustavoimineen saattaa yritt\u00e4\u00e4 menn\u00e4 t\u00e4t\u00e4 \u201dsamanlaista reitti\u00e4\u201d kuin Sinner.<\/p>\n","protected":false},"excerpt":{"rendered":"Maastohiihto|SVT uutisoi Victoria Carlin asiasta. Saksalaishiiht\u00e4j\u00e4 Victoria Carlin, 30, dopingasiassa on uusi k\u00e4\u00e4nne, kertoo Ruotsin yleisradioyhti\u00f6 SVT. SVT:n&hellip;\n","protected":false},"author":2,"featured_media":90966,"comment_status":"","ping_status":"","sticky":false,"template":"","format":"standard","meta":{"footnotes":""},"categories":[158],"tags":[33,31,30,46,159,32,160],"class_list":{"0":"post-90965","1":"post","2":"type-post","3":"status-publish","4":"format-standard","5":"has-post-thumbnail","7":"category-urheilu","8":"tag-fi","9":"tag-finland","10":"tag-finnish","11":"tag-helsingin-sanomat","12":"tag-sports","13":"tag-suomi","14":"tag-urheilu"},"share_on_mastodon":{"url":"https:\/\/pubeurope.com\/@fi\/115554862051466229","error":""},"_links":{"self":[{"href":"https:\/\/www.europesays.com\/fi\/wp-json\/wp\/v2\/posts\/90965","targetHints":{"allow":["GET"]}}],"collection":[{"href":"https:\/\/www.europesays.com\/fi\/wp-json\/wp\/v2\/posts"}],"about":[{"href":"https:\/\/www.europesays.com\/fi\/wp-json\/wp\/v2\/types\/post"}],"author":[{"embeddable":true,"href":"https:\/\/www.europesays.com\/fi\/wp-json\/wp\/v2\/users\/2"}],"replies":[{"embeddable":true,"href":"https:\/\/www.europesays.com\/fi\/wp-json\/wp\/v2\/comments?post=90965"}],"version-history":[{"count":0,"href":"https:\/\/www.europesays.com\/fi\/wp-json\/wp\/v2\/posts\/90965\/revisions"}],"wp:featuredmedia":[{"embeddable":true,"href":"https:\/\/www.europesays.com\/fi\/wp-json\/wp\/v2\/media\/90966"}],"wp:attachment":[{"href":"https:\/\/www.europesays.com\/fi\/wp-json\/wp\/v2\/media?parent=90965"}],"wp:term":[{"taxonomy":"category","embeddable":true,"href":"https:\/\/www.europesays.com\/fi\/wp-json\/wp\/v2\/categories?post=90965"},{"taxonomy":"post_tag","embeddable":true,"href":"https:\/\/www.europesays.com\/fi\/wp-json\/wp\/v2\/tags?post=90965"}],"curies":[{"name":"wp","href":"https:\/\/api.w.org\/{rel}","templated":true}]}}