{"id":90967,"date":"2025-11-15T17:20:10","date_gmt":"2025-11-15T17:20:10","guid":{"rendered":"https:\/\/www.europesays.com\/fi\/90967\/"},"modified":"2025-11-15T17:20:10","modified_gmt":"2025-11-15T17:20:10","slug":"riitta-heimosen-romaani-kertoo-uupuneesta-tyttaresta-vanhojen-vanhempiensa-hoitajana","status":"publish","type":"post","link":"https:\/\/www.europesays.com\/fi\/90967\/","title":{"rendered":"Riitta Heimosen romaani kertoo uupuneesta tytt\u00e4rest\u00e4 vanhojen vanhempiensa hoitajana"},"content":{"rendered":"<p>Kirja-arvio|Esikoisromaani on lyyrinen ja todistusvoimainen kertomus uupuneesta tytt\u00e4rest\u00e4 vanhojen vanhempiensa hoitajana.<\/p>\n<p class=\"article-body mb-nof-24 px-nof-16\">Romaani<\/p>\n<p class=\"article-body mb-nof-24 px-nof-16\">Riitta Heimonen: \u00c4kki\u00e4 on ilta. WSOY. 219 s.<\/p>\n<p class=\"article-body mb-nof-24 px-nof-16\">Jokainen keski-ik\u00e4inen on matkalla vanhuuden maahan, ja jos h\u00e4n hoitaa vanhempiaan tai muita ik\u00e4\u00e4ntyneit\u00e4 l\u00e4heisi\u00e4, reissulla ollaan jo tukevasti. Toimittaja <a class=\"article-personlink\" href=\"https:\/\/www.hs.fi\/haku\/?query=Riitta%20Heimosen\" rel=\"nofollow noopener\" target=\"_blank\">Riitta Heimosen<\/a> esikoisromaanissa \u00c4kki\u00e4 on ilta t\u00e4m\u00e4 tulee harvinaisen selv\u00e4ksi.<\/p>\n","protected":false},"excerpt":{"rendered":"Kirja-arvio|Esikoisromaani on lyyrinen ja todistusvoimainen kertomus uupuneesta tytt\u00e4rest\u00e4 vanhojen vanhempiensa hoitajana. Romaani Riitta Heimonen: \u00c4kki\u00e4 on ilta. WSOY.&hellip;\n","protected":false},"author":2,"featured_media":90968,"comment_status":"","ping_status":"","sticky":false,"template":"","format":"standard","meta":{"footnotes":""},"categories":[130],"tags":[137,33,31,30,46,32,109],"class_list":{"0":"post-90967","1":"post","2":"type-post","3":"status-publish","4":"format-standard","5":"has-post-thumbnail","7":"category-viihde","8":"tag-entertainment","9":"tag-fi","10":"tag-finland","11":"tag-finnish","12":"tag-helsingin-sanomat","13":"tag-suomi","14":"tag-viihde"},"share_on_mastodon":{"url":"https:\/\/pubeurope.com\/@fi\/115554865810535947","error":""},"_links":{"self":[{"href":"https:\/\/www.europesays.com\/fi\/wp-json\/wp\/v2\/posts\/90967","targetHints":{"allow":["GET"]}}],"collection":[{"href":"https:\/\/www.europesays.com\/fi\/wp-json\/wp\/v2\/posts"}],"about":[{"href":"https:\/\/www.europesays.com\/fi\/wp-json\/wp\/v2\/types\/post"}],"author":[{"embeddable":true,"href":"https:\/\/www.europesays.com\/fi\/wp-json\/wp\/v2\/users\/2"}],"replies":[{"embeddable":true,"href":"https:\/\/www.europesays.com\/fi\/wp-json\/wp\/v2\/comments?post=90967"}],"version-history":[{"count":0,"href":"https:\/\/www.europesays.com\/fi\/wp-json\/wp\/v2\/posts\/90967\/revisions"}],"wp:featuredmedia":[{"embeddable":true,"href":"https:\/\/www.europesays.com\/fi\/wp-json\/wp\/v2\/media\/90968"}],"wp:attachment":[{"href":"https:\/\/www.europesays.com\/fi\/wp-json\/wp\/v2\/media?parent=90967"}],"wp:term":[{"taxonomy":"category","embeddable":true,"href":"https:\/\/www.europesays.com\/fi\/wp-json\/wp\/v2\/categories?post=90967"},{"taxonomy":"post_tag","embeddable":true,"href":"https:\/\/www.europesays.com\/fi\/wp-json\/wp\/v2\/tags?post=90967"}],"curies":[{"name":"wp","href":"https:\/\/api.w.org\/{rel}","templated":true}]}}