{"id":90969,"date":"2025-11-15T17:24:09","date_gmt":"2025-11-15T17:24:09","guid":{"rendered":"https:\/\/www.europesays.com\/fi\/90969\/"},"modified":"2025-11-15T17:24:09","modified_gmt":"2025-11-15T17:24:09","slug":"trump-hyokkasi-rajusti-omiensa-kimppuun","status":"publish","type":"post","link":"https:\/\/www.europesays.com\/fi\/90969\/","title":{"rendered":"Trump hy\u00f6kk\u00e4si rajusti omiensa kimppuun"},"content":{"rendered":"<p>Yhdysvaltain presidentti Donald Trump hy\u00f6kk\u00e4si omiaan vastaan.<\/p>\n<p><img decoding=\"async\" class=\"image image-show image-preview\" src=\"https:\/\/www.europesays.com\/fi\/wp-content\/uploads\/2025\/11\/e56736020a7a05c29caf46bf925ed752563fe5732f4074fed3b49bb01e0cd3d9.jpg\" alt=\"\"\/><img decoding=\"async\" class=\"image image-show\" src=\"https:\/\/www.europesays.com\/fi\/wp-content\/uploads\/2025\/11\/1763227449_522_e56736020a7a05c29caf46bf925ed752563fe5732f4074fed3b49bb01e0cd3d9.jpg\" alt=\"\"\/><\/p>\n<p>Yhdysvaltain presidentti yltyi kritisoimaan yht\u00e4 vankimpaa tukijaansa. ZumaWire \/ MVPHOTOS<\/p>\n<p class=\"paragraph\">Yhdysvaltain presidentti <a href=\"https:\/\/www.iltalehti.fi\/henkilot\/Donald Trump\" class=\"article-link-person-page\" rel=\"nofollow noopener\" target=\"_blank\">Donald Trump<\/a> on vet\u00e4nyt tukensa pois yhdelt\u00e4 \u00e4\u00e4nekk\u00e4imm\u00e4lt\u00e4 tukijaltaan <a href=\"https:\/\/www.iltalehti.fi\/henkilot\/Marjorie Taylor Greene\" class=\"article-link-person-page\" rel=\"nofollow noopener\" target=\"_blank\">Marjorie Taylor Greenelt\u00e4<\/a>.<\/p>\n<p class=\"paragraph\">Yhdysvaltain edustajainhuoneen j\u00e4sen Greene on jo vuosia kuulunut Trumpin Make America Great Again -liikkeen (MAGA) n\u00e4kyvimpiin hahmoihin.<\/p>\n<p class=\"paragraph\">Trump ilmoitti asiasta perjantaina Truth Social -palvelussaan. Julkaisussaan presidentti listasi tehneens\u00e4 monia asioita, mutta siit\u00e4 huolimatta Greene vain \u201dvalittaa\u201d.<\/p>\n<p class=\"paragraph\">\u2013 Ainoa, mit\u00e4 \u201douto\u201d Marjorie tekee, on valittaa, valittaa ja valittaa! Trump kirjoittaa.<\/p>\n<p class=\"paragraph\">Greenen k\u00e4\u00e4ntyminen presidentti\u00e4\u00e4n vastaan tapahtui jo viime kes\u00e4n\u00e4, kun Yhdysvallat iski Iranin ydinlaitoksiin. Ulkomaisiin sotiin sekaantuminen on ollut vastoin Trumpin ajamaa Amerikka ensin -politiikkaa.<\/p>\n<p class=\"paragraph\">Trump rakensi itse osittain omaa poliittista uraansa kritisoimalla aikanaan Yhdysvaltain entisi\u00e4 presidenttej\u00e4 juuri t\u00e4st\u00e4 asiasta.<\/p>\n<p class=\"paragraph\">Amerikka ensin -politiikkaa vankasti tukeva Greene ei suhtautunut iskuihin suopeasti.<\/p>\n<p class=\"paragraph\">\u2013 Voin helposti sanoa, ett\u00e4 kannatan ydinaseistautuneen Israelin oikeutta puolustautua, mutta samalla voin sanoa, ett\u00e4 en halua taistella tai rahoittaa ydinaseistautuneen Israelin sotia, Greene kirjoittaa.<\/p>\n<p class=\"paragraph\">\u2013 Nyt tehty on tehty, ja amerikkalaiset pelk\u00e4\u00e4v\u00e4t iranilaisten terroristien hy\u00f6kk\u00e4yksi\u00e4 omalla maaper\u00e4ll\u00e4mme. Liika on liikaa, Greene <a href=\"https:\/\/x.com\/RepMTG\/status\/1936844893655020017\" rel=\"noopener nofollow\">kirjoitti<\/a> kes\u00e4ll\u00e4 X:ss\u00e4.<\/p>\n<p class=\"paragraph\">Greene on kritisoinut viime aikoina my\u00f6s Trumpin tullipolitiikkaa ja t\u00e4m\u00e4n v\u00e4itteit\u00e4 inflaation tilasta.<\/p>\n<p class=\"paragraph\">H\u00e4n my\u00f6s <a href=\"https:\/\/www.theguardian.com\/us-news\/2025\/aug\/23\/marjorie-taylor-greene-bernie-sanders-famine-gaza\" target=\"_blank\" rel=\"noopener nofollow\">nimesi<\/a> Trumpin l\u00e4heisen L\u00e4hi-id\u00e4n liittolaisen <a href=\"https:\/\/www.iltalehti.fi\/henkilot\/Benjamin Netanjahu\" class=\"article-link-person-page\" rel=\"nofollow noopener\" target=\"_blank\">Benjamin Netanjahun<\/a> hallinnon toimet Gazassa kansanmurhaksi. Kyseess\u00e4 oli poikkeuksellinen lausunto republikaanipoliitikolta.<\/p>\n<p>Marjorie Taylor Greene valittiin Yhdysvaltain edustajainhuoneeseen vuoden 2020 vaaleissa. EPA \/ AOP<\/p>\n<p>Suosittu poliitikko<\/p>\n<p class=\"paragraph\">Greene ilmaantui Yhdysvaltain poliittiselle kartalle otettuaan vuoden 2020 vaaleissa <a href=\"https:\/\/ballotpedia.org\/Marjorie_Taylor_Greene\" target=\"_blank\" rel=\"noopener nofollow\">murskavoiton<\/a> Georgian osavaltion 14. vaalipiiriss\u00e4.<\/p>\n<p class=\"paragraph\">Viety\u00e4\u00e4n suvereenisti ensin voiton republikaanien esivaaleissa Greene onnistui saamaan itse vaaleissa liki kolme nelj\u00e4sosaa vaalipiirins\u00e4 \u00e4\u00e4nist\u00e4. H\u00e4nen kannatuksensa vuoden 2022 v\u00e4livaaleissa oli l\u00e4hes yht\u00e4 murskaavaa.<\/p>\n<p class=\"paragraph\">Vuoden 2024 vaaleissa, joissa my\u00f6s Trump nousi toista kertaa presidentiksi, Greenen ainoa republikaanihaastaja esivaaleissa vet\u00e4ytyi kisasta.<\/p>\n<p class=\"paragraph\">Lopullisissa vaaleissa Greene kahmi yli 64 prosenttia \u00e4\u00e4nist\u00e4, ja demokraattien ehdokas <a href=\"https:\/\/www.iltalehti.fi\/henkilot\/Shawn Harrison\" class=\"article-link-person-page\" rel=\"nofollow noopener\" target=\"_blank\">Shawn Harris<\/a> joutui tyytym\u00e4\u00e4n tappioonsa.<\/p>\n<p class=\"paragraph\">Greene on omiensa joukossa ollut pidetty poliitikko. Trump tosin kyseenalaisti perjantaisessa julkaisussaan my\u00f6s t\u00e4m\u00e4n seikan.<\/p>\n<p class=\"paragraph\">Presidentin mukaan kaikki alkoi siit\u00e4, kun h\u00e4n l\u00e4hetti Greenelle mielipidemittauksen tulokset, joissa todettiin, ett\u00e4 t\u00e4m\u00e4n ei kannattaisi pyrki\u00e4 Georgian senaattoriksi tai kuvern\u00f6\u00f6riksi.<\/p>\n<p class=\"paragraph\">\u2013 H\u00e4nell\u00e4 oli 12 prosentin kannatus ja h\u00e4nell\u00e4 ei ollut mahdollisuuksia (ellei h\u00e4n tietenk\u00e4\u00e4n saanut minun tukeani \u2013 jota h\u00e4n ei ollut saamassa), Trump kirjoitti.<\/p>\n<p class=\"paragraph\">Trumpin mukaan Greene on kertonut muille tuohtuneensa siit\u00e4, ett\u00e4 presidentti ei en\u00e4\u00e4 vastaa t\u00e4m\u00e4n soittoihin.<\/p>\n<p>Marjorie Taylor Greene on yksi Trumpin MAGA-siiven n\u00e4kyvimmist\u00e4 poliitikoista. AOP<\/p>\n<p>Epstein hiert\u00e4\u00e4<\/p>\n<p class=\"paragraph\">Greene itse kiist\u00e4\u00e4 edes soitelleensa Trumpille, mutta kertoo l\u00e4hett\u00e4neens\u00e4 t\u00e4lle viestin, joka liittyi viime aikoina j\u00e4lleen otsikoihin nousseisiin Epstein-tiedostoihin.<\/p>\n<p class=\"paragraph\">MAGA-liikkeen edustajat \u2013 Greene mukaan lukien \u2013 ovat jo pitk\u00e4\u00e4n vaatineet seksuaalirikoksista tuomittuun <a href=\"https:\/\/www.iltalehti.fi\/henkilot\/Jeffrey Epstein\" class=\"article-link-person-page\" rel=\"nofollow noopener\" target=\"_blank\">Jeffrey Epsteiniin<\/a> liittyvi\u00e4 tiedostoja t\u00e4ysin julkistettavaksi.<\/p>\n<p class=\"paragraph\">Kohu nousikin hein\u00e4kuussa, kun Trumpin oikeusministeri <a href=\"https:\/\/www.iltalehti.fi\/henkilot\/Pam Bondi\" class=\"article-link-person-page\" rel=\"nofollow noopener\" target=\"_blank\">Pam Bondi<\/a> ilmoitti, ett\u00e4 huhuttua Epsteinin asiakaslistaa ei todellisuudessa ollut olemassakaan.<\/p>\n<p class=\"paragraph\">Kannattajat eiv\u00e4t ilmoituksesta ilakoineet, koska viel\u00e4 helmikuussa Bondi oli julistanut asiakaslistan olleen h\u00e4nen p\u00f6yd\u00e4ll\u00e4\u00e4n l\u00e4pik\u00e4ynti\u00e4 odottamassa.<\/p>\n<p class=\"paragraph\">Greene nosti esille tuolloin Epsteinin liikekumppanin <a href=\"https:\/\/www.iltalehti.fi\/henkilot\/Ghislaine Maxwell\" class=\"article-link-person-page\" rel=\"nofollow noopener\" target=\"_blank\">Ghislaine Maxwellin<\/a> huhutun \u201dpienen mustan kirjan\u201d, jossa on v\u00e4itetysti useita Epsteinin asiakkaiden nimi\u00e4.<\/p>\n<p class=\"paragraph\">\u2013 Kukaan ei usko, ett\u00e4 asiakaslistaa ei ole olemassa, Greene kirjoitti tuolloin X:ss\u00e4.<\/p>\n<p class=\"paragraph\">Trump itse v\u00e4h\u00e4tteli kohun keskell\u00e4 koko asiaa ja puolusteli omaa oikeusministeri\u00e4\u00e4n.<\/p>\n<p class=\"paragraph\">Greenen mukaan h\u00e4nen Epstein-tiedostoihinsa liittyv\u00e4 viestins\u00e4 sai Trumpin \u201dmenett\u00e4m\u00e4\u00e4n malttinsa\u201d.<\/p>\n<p class=\"paragraph\">\u2013 Ja tietenkin h\u00e4n tulee kovaa minun per\u00e4\u00e4ni, jotta h\u00e4n voi tehd\u00e4 minusta esimerkin pelotellakseen muita republikaaneja ennen ensi viikon Epstein-tiedostojen julkistamista koskevaa \u00e4\u00e4nestyst\u00e4, Greene kirjoitti X:ss\u00e4.<\/p>\n<p>Greene on ajanut Epsteiniin liittyvien asiakirjojen t\u00e4ytt\u00e4 julkistamista. AOP<\/p>\n<p class=\"paragraph\">Greenen mainitsemaa \u00e4\u00e4nestyst\u00e4 on povattu tiistaille. Siin\u00e4 on tarkoitus \u00e4\u00e4nest\u00e4\u00e4 Epstein-tiedostojen t\u00e4ydest\u00e4 julkistamisesta. Yhdysvaltalaislehti Politicon mukaan monet Trumpin puolueen edustajat ovat todenn\u00e4k\u00f6isesti valmiita tukemaan lakiesityst\u00e4.<\/p>\n<p class=\"paragraph\">Greene oli yksi niist\u00e4 nelj\u00e4st\u00e4 republikaanista, jotka allekirjoittivat aloittivat Epstein-\u00e4\u00e4nestyksen pakottavan aloitteen.<\/p>\n<p class=\"paragraph\">N\u00e4m\u00e4 nelj\u00e4 edustajaa voisivat est\u00e4\u00e4 kaikki lakia heikent\u00e4v\u00e4\u00e4 tai muuttavaa toimenpidett\u00e4, mik\u00e4 saisi juuri hallinnon sulusta selvinneen edustajainhuoneen toiminnan j\u00e4lleen j\u00e4ihin.<\/p>\n<p class=\"paragraph\">Trump on <a href=\"https:\/\/www.politico.com\/news\/2025\/11\/14\/trump-epstein-investigation-department-of-justice-00651851\" target=\"_blank\" rel=\"noopener nofollow\">pyrkinyt<\/a> tukahduttamaan aloitteen Truth Social -julkaisuillaan. My\u00f6s hy\u00f6kk\u00e4ys Greene\u00e4 kohtaan saattaa olla ajoitettu juuri t\u00e4h\u00e4n hetkeen lakialoitteen takia.<\/p>\n<p class=\"paragraph\">\u2013 On todella h\u00e4mm\u00e4stytt\u00e4v\u00e4\u00e4, kuinka kovasti h\u00e4n [Trump] taistelee est\u00e4\u00e4kseen Epsteinin asiakirjojen julkaisemista, ett\u00e4 h\u00e4n menee jopa n\u00e4in pitk\u00e4lle, Greene kirjoitti.<\/p>\n","protected":false},"excerpt":{"rendered":"Yhdysvaltain presidentti Donald Trump hy\u00f6kk\u00e4si omiaan vastaan. Yhdysvaltain presidentti yltyi kritisoimaan yht\u00e4 vankimpaa tukijaansa. ZumaWire \/ MVPHOTOS Yhdysvaltain&hellip;\n","protected":false},"author":2,"featured_media":90970,"comment_status":"","ping_status":"","sticky":false,"template":"","format":"standard","meta":{"footnotes":""},"categories":[14],"tags":[35,22,23,26,27,33,31,30,17,24,25,28,29,15,18,21,142,637,144,32,19,20,56,16,59,60,61,143,145],"class_list":{"0":"post-90969","1":"post","2":"type-post","3":"status-publish","4":"format-standard","5":"has-post-thumbnail","7":"category-ulkomaat","8":"tag-24h","9":"tag-breaking-news","10":"tag-breakingnews","11":"tag-featured-news","12":"tag-featurednews","13":"tag-fi","14":"tag-finland","15":"tag-finnish","16":"tag-headlines","17":"tag-latest-news","18":"tag-latestnews","19":"tag-main-news","20":"tag-mainnews","21":"tag-news","22":"tag-otsikot","23":"tag-paauutiset","24":"tag-poliitikot","25":"tag-politiikka","26":"tag-presidentti","27":"tag-suomi","28":"tag-top-stories","29":"tag-topstories","30":"tag-ulkomaat","31":"tag-uutiset","32":"tag-world","33":"tag-world-news","34":"tag-worldnews","35":"tag-yhdysvaltain-politiikka","36":"tag-yhdysvaltalaiset-poliittiset-puolueet"},"share_on_mastodon":{"url":"https:\/\/pubeurope.com\/@fi\/115554881889388302","error":""},"_links":{"self":[{"href":"https:\/\/www.europesays.com\/fi\/wp-json\/wp\/v2\/posts\/90969","targetHints":{"allow":["GET"]}}],"collection":[{"href":"https:\/\/www.europesays.com\/fi\/wp-json\/wp\/v2\/posts"}],"about":[{"href":"https:\/\/www.europesays.com\/fi\/wp-json\/wp\/v2\/types\/post"}],"author":[{"embeddable":true,"href":"https:\/\/www.europesays.com\/fi\/wp-json\/wp\/v2\/users\/2"}],"replies":[{"embeddable":true,"href":"https:\/\/www.europesays.com\/fi\/wp-json\/wp\/v2\/comments?post=90969"}],"version-history":[{"count":0,"href":"https:\/\/www.europesays.com\/fi\/wp-json\/wp\/v2\/posts\/90969\/revisions"}],"wp:featuredmedia":[{"embeddable":true,"href":"https:\/\/www.europesays.com\/fi\/wp-json\/wp\/v2\/media\/90970"}],"wp:attachment":[{"href":"https:\/\/www.europesays.com\/fi\/wp-json\/wp\/v2\/media?parent=90969"}],"wp:term":[{"taxonomy":"category","embeddable":true,"href":"https:\/\/www.europesays.com\/fi\/wp-json\/wp\/v2\/categories?post=90969"},{"taxonomy":"post_tag","embeddable":true,"href":"https:\/\/www.europesays.com\/fi\/wp-json\/wp\/v2\/tags?post=90969"}],"curies":[{"name":"wp","href":"https:\/\/api.w.org\/{rel}","templated":true}]}}