{"id":90973,"date":"2025-11-15T17:26:15","date_gmt":"2025-11-15T17:26:15","guid":{"rendered":"https:\/\/www.europesays.com\/fi\/90973\/"},"modified":"2025-11-15T17:26:15","modified_gmt":"2025-11-15T17:26:15","slug":"laulaja-raimo-rexi-kero-on-poissa-puhtaat-purjeet-tulkitsija-kuoli-77-vuotiaana","status":"publish","type":"post","link":"https:\/\/www.europesays.com\/fi\/90973\/","title":{"rendered":"Laulaja Raimo \u201dRexi\u201d Kero on poissa \u2013 Puhtaat purjeet -tulkitsija kuoli 77-vuotiaana"},"content":{"rendered":"<p class=\"has-drop-cap\">Iskelm\u00e4laulaja <strong>Raimo Kero <\/strong>on menehtynyt. H\u00e4n oli kuollessaan 77 vuoden ik\u00e4inen. Kero tunnettiin taiteilijanimell\u00e4 <strong>Rexi<\/strong>, ja h\u00e4n oli suosittu ja arvostettu iskelm\u00e4laulaja 1970-90-luvuilla. Rexi tunnetaan erityisesti kauniista, instrumentaalisen pehme\u00e4st\u00e4 \u00e4\u00e4nest\u00e4\u00e4n.<\/p>\n<p>Rexin menehtymisen vahvistaa Tanssiin.fi:lle h\u00e4nen yst\u00e4v\u00e4ns\u00e4 sek\u00e4 vaimonsa. Rexi nukkui pois lauantaiaamuna, 15. marraskuuta 2025 rauhallisesti hoitokodissa.<\/p>\n<p>Uutinen Rexin kuolemasta on her\u00e4tt\u00e4nyt laajaa huomiota koko suomalaisessa iskelm\u00e4kent\u00e4ss\u00e4. My\u00f6s useat valtamediat ovat jo kertoneet Rexin poismenosta ja viitanneet h\u00e4nen el\u00e4m\u00e4nty\u00f6h\u00f6ns\u00e4. Aihe nousee nyt nopeasti esiin sek\u00e4 hakukyselyiss\u00e4 ett\u00e4 sosiaalisessa mediassa.<\/p>\n<p>Raul Reimanin Syksyn S\u00e4vel -hitti nosti Rexin purjeet<\/p>\n<p>Rexin ura alkoi jo 1960-luvun puoliv\u00e4liss\u00e4, mutta varsinainen l\u00e4pimurto rakennettiin v\u00e4hitellen \u2013 rautalankayhtyeist\u00e4 kohti 1970-luvun iskelm\u00e4kentt\u00e4\u00e4.<\/p>\n<p>Rexi teki ensimm\u00e4isen julkisen keikkansa vuonna\u00a01964. H\u00e4n soitteli eri\u00a0rautalankayhtyeiss\u00e4, kunnes pestautui vuonna\u00a01966\u00a0<strong>Kari Keiskin\u00a0<\/strong>yhtyeeseen kitaristiksi ja laulusolistiksi.<\/p>\n<p>Vuonna\u00a01974\u00a0ilmestyi Rexin ensimm\u00e4inen,\u00a0covereita\u00a0sis\u00e4lt\u00e4nyt albumi\u00a0Parhaat, jonka julkaisi\u00a0<strong><a href=\"https:\/\/www.tanssiin.fi\/tag\/jukka-kuoppamaki\/\" title=\"jukka kuoppam\u00e4ki\" rel=\"nofollow noopener\" target=\"_blank\">Jukka Kuoppam\u00e4en<\/a><\/strong>\u00a0levy-yhti\u00f6.<\/p>\n<p><img loading=\"lazy\" data-lazyloaded=\"1\" title=\"Rexi levynkansi\" decoding=\"async\" width=\"350\" height=\"349\" data-attachment-id=\"61385\" data-permalink=\"https:\/\/www.tanssiin.fi\/laulaja-raimo-rexi-kero-on-poissa-puhtaat-purjeet-tulkitsija-kuoli-77-vuotiaana\/494081407_9095231843916723_6234876792040701995_n\/\" data-orig-file=\"https:\/\/www.europesays.com\/fi\/wp-content\/uploads\/2025\/11\/494081407_9095231843916723_6234876792040701995_n.jpg\" data-orig-size=\"350,349\" data-comments-opened=\"1\" data-image-meta=\"{&quot;aperture&quot;:&quot;0&quot;,&quot;credit&quot;:&quot;&quot;,&quot;camera&quot;:&quot;&quot;,&quot;caption&quot;:&quot;&quot;,&quot;created_timestamp&quot;:&quot;0&quot;,&quot;copyright&quot;:&quot;&quot;,&quot;focal_length&quot;:&quot;0&quot;,&quot;iso&quot;:&quot;0&quot;,&quot;shutter_speed&quot;:&quot;0&quot;,&quot;title&quot;:&quot;&quot;,&quot;orientation&quot;:&quot;0&quot;}\" data-image-title=\"Rexi levynkansi\" data-image-description=\"\" data-image-caption=\"&lt;p&gt;Rexi 1980-luvulla promokuvassa \u2013 iskelm\u00e4laulaja, joka tunnettiin Puhtaat purjeet -hitist\u00e4 ja pitk\u00e4st\u00e4 urastaan.&lt;\/p&gt;&#10;\" data-medium-file=\"https:\/\/www.tanssiin.fi\/wp-content\/uploads\/2025\/11\/494081407_9095231843916723_6234876792040701995_n-300x300.jpg\" data-large-file=\"https:\/\/www.europesays.com\/fi\/wp-content\/uploads\/2025\/11\/494081407_9095231843916723_6234876792040701995_n.jpg\" data- src=\"https:\/\/www.europesays.com\/fi\/wp-content\/uploads\/2025\/11\/494081407_9095231843916723_6234876792040701995_n.jpg\" alt=\"Rexi  mainoskuvassa levynkannessa l\u00e4mmin ilme kuva 1980 luku\" class=\"wp-image-61385\" style=\"width:386px;height:auto\" \/>Rexi 1980-luvulla promokuvassa \u2013 iskelm\u00e4laulaja, joka tunnettiin Puhtaat purjeet -hitist\u00e4 ja pitk\u00e4st\u00e4 urastaan.<\/p>\n<p>Ensimm\u00e4isen hittins\u00e4 Rexi sai vuonna\u00a01977, jolloin h\u00e4n p\u00e4\u00e4si\u00a0Syksyn S\u00e4vel\u00a0-kilpailuun kappaleella Puhtaat purjeet, jonka oli s\u00e4velt\u00e4nyt ja sanoittanut\u00a0<strong><a href=\"https:\/\/www.tanssiin.fi\/tag\/raul-reiman\/\" title=\"Raul Reiman\" rel=\"nofollow noopener\" target=\"_blank\">Raul Reiman<\/a><\/strong>. Reimanista oli tullut Rexin hyv\u00e4 yst\u00e4v\u00e4, ja Rexist\u00e4 taas tuli h\u00e4nen sanoitustensa vakituinen esitt\u00e4j\u00e4 70-luvulla.<\/p>\n<p>Vaikka kappale sijoittautui vasta viidenneksi, se pysytteli vuoden verran\u00a0Mit\u00e4 Suomi soittaa\u00a0-listalla. Heti per\u00e4\u00e4n julkaistiin samanniminen albumi, jolla on eri tyylilajeja edustavia kappaleita.<\/p>\n<p>Kun Reiman menehtyi vuonna 1987, Rexi esitti koskettavan ja herk\u00e4n Puhtaat purjeet -kappaleen h\u00e4nen hautajaisissaan.<\/p>\n<p><strong>Puhtaat purjeet \u2013 videoklipiss\u00e4 yksi Rexin t\u00e4rkeimmist\u00e4 esityksist\u00e4:<\/strong><\/p>\n<p>Laulu on yh\u00e4 monille se s\u00e4vel, josta Rexin \u00e4\u00e4ni muistetaan parhaiten.<\/p>\n<p>Tanssi-iskelm\u00e4st\u00e4 Euroviisukarsintoihin<\/p>\n<p>1980-luvun alkajaisiksi Rexilt\u00e4 ilmestyi tanssikappaleita sis\u00e4lt\u00e4v\u00e4 albumi\u00a0Katseet, jonka nimis\u00e4velm\u00e4 on suomennos\u00a0<strong>Art Garfunkelin<\/strong> levytt\u00e4m\u00e4st\u00e4 kappaleesta Bright Eyes. Albumin varsinaiseksi vetonaulaksi muodostui Raul Reimanin s\u00e4vellys Pepita.\u00a0<\/p>\n<p>Syksyll\u00e4\u00a01984\u00a0Rexi sai\u00a0\u00c4KT:n\u00a0Emma-palkinnon Syksyn S\u00e4vel -ehdokkaastaan Kun sen aika on, jonka s\u00e4velsi\u00a0<strong>Veikko Samuli<\/strong>\u00a0ja sanoitti Raul Reiman.\u00a0<\/p>\n<p><strong>Emma-palkittu Kun sen aika on:<\/strong><\/p>\n<p>Kappale on palautunut striimeiss\u00e4 esille nyt Rexin poismenon my\u00f6t\u00e4.<\/p>\n<p>Rexi s\u00e4velsi klassikoita Kari Tapiolle<\/p>\n<p>1980-luvulla Rexin taustayhtyeen\u00e4 oli Napoleon-niminen kokoonpano. Kolmisen vuotta keikkailtuaan h\u00e4n p\u00e4\u00e4tti vet\u00e4yty\u00e4 julkisuudesta. H\u00e4n kuitenkin s\u00e4velsi lauluja eri artisteille, joista esimerkkein\u00e4 ovat\u00a0<strong><a href=\"https:\/\/www.tanssiin.fi\/tag\/kari-tapio\/\" title=\"kari tapio\" rel=\"nofollow noopener\" target=\"_blank\">Kari Tapion<\/a><\/strong>\u00a0levytt\u00e4m\u00e4t kappaleet Haavetango ja Tytt\u00f6 kuin taivaasta.<\/p>\n<p>1990-luvun alussa Rexi aloitti laulamisen ja keikkailun uudelleen.<\/p>\n<p>Vuonna\u00a01992\u00a0h\u00e4n osallistui Suomen Euroviisukarsintoihin s\u00e4velt\u00e4m\u00e4ll\u00e4\u00e4n kappaleella Ruskaa n\u00e4in sinun silmiss\u00e4si yhdess\u00e4\u00a0tangokuningatar <strong><a href=\"https:\/\/www.tanssiin.fi\/tag\/kaija-pohjola\/\" title=\"kaija pohjola\" rel=\"nofollow noopener\" target=\"_blank\">Kaija Pohjolan<\/a>\u00a0<\/strong>kanssa.\u00a0<\/p>\n<blockquote>\n<p>Rexi siirtyi hengelliseen musiikkiin<\/p>\n<\/blockquote>\n<p>1990-luvun lopulla Rexi vaihtoi t\u00e4ysin musiikkityyli\u00e4 iskelm\u00e4st\u00e4 hengelliseen musiikkiin.<\/p>\n<p>\u201dYmm\u00e4rsin, ett\u00e4 hengelliselle musiikille on paljon kysynt\u00e4\u00e4. Istuin yhten\u00e4 iltana p\u00f6yd\u00e4n \u00e4\u00e4reen ja kirjoitin kaikki biisit yhdelt\u00e4 istumalta. Ne julkaistiin vuonna 1998 levyll\u00e4\u00a0Siunaa Jeesus lastasi\u00a0-albumilla\u201d,\u00a0Rexi on kertonut.<\/p>\n<p><strong>Rexin s\u00e4velt\u00e4m\u00e4 Kari Tapio -klassikko Haavetango:<\/strong><\/p>\n<p>Rexi rakasti maalaamista ja puusep\u00e4nt\u00f6it\u00e4<\/p>\n<p>2000-luvulla Rexi poistui j\u00e4lleen julkisuudesta ja muutti lapsuudenkotiinsa Ruotsalossa, Kokkolan K\u00e4lvi\u00e4ll\u00e4.\u00a0<\/p>\n<p>H\u00e4n kertoi keskittyv\u00e4ns\u00e4 maalaamiseen, puusep\u00e4nt\u00f6ihin ja veneiden suunnitteluun.<\/p>\n<p>\u201dKyll\u00e4 soittoura on katsottu loppuun. Nyt on aika keskitty\u00e4 muuhun\u201d, h\u00e4n totesi.<\/p>\n<p>Pitk\u00e4 ura j\u00e4tti j\u00e4ljen sukupolviin<\/p>\n<p>Rexi\u00e4 pidettiin pitk\u00e4linjan iskelm\u00e4artistina, jonka l\u00e4mmin \u00e4\u00e4ni ja Reiman-yhteisty\u00f6 j\u00e4ttiv\u00e4t pysyv\u00e4n j\u00e4ljen suomalaisiin tanssilavoihin ja radioaalloille.<\/p>\n<p>H\u00e4n jatkoi esiintymisi\u00e4 ja musiikin tekemist\u00e4 vuosikymmenten ajan ja oli arvostettu hahmo suomalaisen iskelm\u00e4perinteen vaalijana.<\/p>\n<p>Rexi\u00e4 haetaan nyt Googlessa poikkeuksellisen paljon, ja h\u00e4nen musiikkiaan ja el\u00e4m\u00e4\u00e4ns\u00e4 muistellaan laajasti.<\/p>\n<p><img loading=\"lazy\" decoding=\"async\" data-lazyloaded=\"1\" width=\"512\" height=\"512\" class=\"aioseo-author-bio-compact-image\" src=\"https:\/\/www.europesays.com\/fi\/wp-content\/uploads\/2025\/10\/cropped-tanssiin-logo.jpg\" alt=\"author avatar\"\/><br \/>\nTanssi- ja iskelm\u00e4musiikin uutiset asiantuntevasti.<\/p>\n<p>25%<br \/>\nIhana<\/p>\n<p>0%<br \/>\nHauska<\/p>\n<p>0%<br \/>\nVau<\/p>\n<p>75%<br \/>\nSurullinen<\/p>\n<p>0%<br \/>\nVihainen\n<\/p>\n<p>Post navigation<\/p>\n","protected":false},"excerpt":{"rendered":"Iskelm\u00e4laulaja Raimo Kero on menehtynyt. H\u00e4n oli kuollessaan 77 vuoden ik\u00e4inen. Kero tunnettiin taiteilijanimell\u00e4 Rexi, ja h\u00e4n oli&hellip;\n","protected":false},"author":2,"featured_media":90974,"comment_status":"","ping_status":"","sticky":false,"template":"","format":"standard","meta":{"footnotes":""},"categories":[5],"tags":[22,23,26,27,33,31,30,17,18185,683,24,25,5159,28,29,15,18,21,18186,18188,18187,18189,18190,32,3626,4049,19,20,16],"class_list":{"0":"post-90973","1":"post","2":"type-post","3":"status-publish","4":"format-standard","5":"has-post-thumbnail","7":"category-otsikot","8":"tag-breaking-news","9":"tag-breakingnews","10":"tag-featured-news","11":"tag-featurednews","12":"tag-fi","13":"tag-finland","14":"tag-finnish","15":"tag-headlines","16":"tag-kari-tapio","17":"tag-kuolema","18":"tag-latest-news","19":"tag-latestnews","20":"tag-laulaja","21":"tag-main-news","22":"tag-mainnews","23":"tag-news","24":"tag-otsikot","25":"tag-paauutiset","26":"tag-puhtaat-purjeet","27":"tag-raimo-kero","28":"tag-raimo-rexi-kero","29":"tag-raul-reiman","30":"tag-rexi","31":"tag-suomi","32":"tag-syksyn-savel","33":"tag-tanssitahdet","34":"tag-top-stories","35":"tag-topstories","36":"tag-uutiset"},"share_on_mastodon":{"url":"https:\/\/pubeurope.com\/@fi\/115554889595222226","error":""},"_links":{"self":[{"href":"https:\/\/www.europesays.com\/fi\/wp-json\/wp\/v2\/posts\/90973","targetHints":{"allow":["GET"]}}],"collection":[{"href":"https:\/\/www.europesays.com\/fi\/wp-json\/wp\/v2\/posts"}],"about":[{"href":"https:\/\/www.europesays.com\/fi\/wp-json\/wp\/v2\/types\/post"}],"author":[{"embeddable":true,"href":"https:\/\/www.europesays.com\/fi\/wp-json\/wp\/v2\/users\/2"}],"replies":[{"embeddable":true,"href":"https:\/\/www.europesays.com\/fi\/wp-json\/wp\/v2\/comments?post=90973"}],"version-history":[{"count":0,"href":"https:\/\/www.europesays.com\/fi\/wp-json\/wp\/v2\/posts\/90973\/revisions"}],"wp:featuredmedia":[{"embeddable":true,"href":"https:\/\/www.europesays.com\/fi\/wp-json\/wp\/v2\/media\/90974"}],"wp:attachment":[{"href":"https:\/\/www.europesays.com\/fi\/wp-json\/wp\/v2\/media?parent=90973"}],"wp:term":[{"taxonomy":"category","embeddable":true,"href":"https:\/\/www.europesays.com\/fi\/wp-json\/wp\/v2\/categories?post=90973"},{"taxonomy":"post_tag","embeddable":true,"href":"https:\/\/www.europesays.com\/fi\/wp-json\/wp\/v2\/tags?post=90973"}],"curies":[{"name":"wp","href":"https:\/\/api.w.org\/{rel}","templated":true}]}}