{"id":90977,"date":"2025-11-15T17:41:10","date_gmt":"2025-11-15T17:41:10","guid":{"rendered":"https:\/\/www.europesays.com\/fi\/90977\/"},"modified":"2025-11-15T17:41:10","modified_gmt":"2025-11-15T17:41:10","slug":"ikitie-ohjaaja-tekee-seuraavaksi-helsinki-1939-nimisen-satiirisarjan-talvisodan-propagandayksikkoa-johtaa-mika-waltari","status":"publish","type":"post","link":"https:\/\/www.europesays.com\/fi\/90977\/","title":{"rendered":"Ikitie-ohjaaja tekee seuraavaksi Helsinki 1939 -nimisen satiirisarjan &#8211; Talvisodan propagandayksikk\u00f6\u00e4 johtaa Mika Waltari"},"content":{"rendered":"<p>Elisa Viihde on tilannut Ikitie- ja Rauhantekij\u00e4 -ohjaaja<strong> A.J. Annilalta <\/strong>Helsinki 1939<strong> <\/strong>-nimisen propagandasatiirin.<\/p>\n<p>Tarinassa ollaan keskell\u00e4 talvisotaa. Kirjailija <strong>Mika Waltari<\/strong> v\u00e4s\u00e4\u00e4 propagandakirjoituksia Neuvostoliiton h\u00e4m\u00e4\u00e4miseksi, joka pommittaa Helsinki\u00e4 mink\u00e4 kerke\u00e4\u00e4.<\/p>\n<p>Samaan aikaan amerikkalaiset sotareportterit, kuten <strong>Martha Gelhorn <\/strong>(<strong>Ernest Hemingwayn<\/strong> tuleva vaimo), etsiv\u00e4t totuutta Helsingin K\u00e4mp-hotellissa.<\/p>\n<p>Kuusiosainen sarja on tuotettu Take Two Studiosin, <strong>Eero Hietalan<\/strong> ja <strong>Sara Norbergin <\/strong>toimesta. Elisa Viihde on tilannut sarjan Suomeen ja Viroon.<\/p>\n<p>Lue my\u00f6s: <a href=\"https:\/\/www.episodi.fi\/uutiset\/yle-areenasta-poistuu-viiden-tahden-kotimainen-leffa-klassikko-jo-syntyessaan\/\" title=\"Yle Areenasta poistuu viiden t\u00e4hden kotimainen leffa \u2013 \u201dKlassikko jo syntyess\u00e4\u00e4n\u201d\" class=\"underline-custom !font-montserrat !font-bold !underline-offset-4 !decoration-4 !decoration-episodi-blue !text-md\" rel=\"nofollow noopener\" target=\"_blank\">Yle Areenasta poistuu viiden t\u00e4hden kotimainen leffa \u2013 \u201dKlassikko jo syntyess\u00e4\u00e4n\u201d<\/a><\/p>\n<p>Lue my\u00f6s: <a href=\"https:\/\/www.episodi.fi\/uutiset\/maa-on-syntinen-laulu-klassikosta-tekeilla-uusi-filmatisointi-elokuvasaatio-teki-uusia-tukipaatoksia\/\" title=\"Maa on syntinen laulu -klassikosta tekeill\u00e4 uusi filmatisointi \u2013 Elokuvas\u00e4\u00e4ti\u00f6 teki uusia tukip\u00e4\u00e4t\u00f6ksi\u00e4\" class=\"underline-custom !font-montserrat !font-bold !underline-offset-4 !decoration-4 !decoration-episodi-blue !text-md\" rel=\"nofollow noopener\" target=\"_blank\">Maa on syntinen laulu -klassikosta tekeill\u00e4 uusi filmatisointi \u2013 Elokuvas\u00e4\u00e4ti\u00f6 teki uusia tukip\u00e4\u00e4t\u00f6ksi\u00e4<\/a><\/p>\n<p>Lue my\u00f6s: <a href=\"https:\/\/www.episodi.fi\/uutiset\/nain-syntyi-molotovin-cocktail-euroopan-sodista-kertova-sarja-starttaa-suomi-jaksolla\/\" title=\"N\u00e4in syntyi Molotovin cocktail \u2013 Euroopan sodista kertova sarja starttaa Suomi-jaksolla\" class=\"underline-custom !font-montserrat !font-bold !underline-offset-4 !decoration-4 !decoration-episodi-blue !text-md\" rel=\"nofollow noopener\" target=\"_blank\">N\u00e4in syntyi Molotovin cocktail \u2013 Euroopan sodista kertova sarja starttaa Suomi-jaksolla<\/a><\/p>\n<p>Annila sai idean sarjaan vuonna 2024 Hietalalta. H\u00e4n kertoi kuulleensa talvisodan propagandayksik\u00f6st\u00e4 entiselt\u00e4 rikosetsiv\u00e4lt\u00e4 <strong>Kimmo Nokkoselta<\/strong>.<\/p>\n<p>Sarjan p\u00e4\u00e4henkil\u00f6n\u00e4 on Waltari, joka johtaa propagandayksikk\u00f6\u00e4. Todellisuudessa Waltari ty\u00f6skenteli sodan aikana l\u00e4hinn\u00e4 kulttuurisis\u00e4ll\u00f6n tuottajana.<\/p>\n<p>Helsinki 1939 -sarjan kerrotaan olevan \u201dt\u00e4ynn\u00e4 v\u00e4rikk\u00e4it\u00e4, emotionaalisia ja rohkeita hahmoja\u201d. Heid\u00e4n el\u00e4m\u00e4\u00e4ns\u00e4 K\u00e4mpiss\u00e4 kuvataan \u201dkontrastiksi sodan kauhuihin, joka muistuttaa Titanicin kansiorkesteria\u201d. B\u00e4ndi soitti tunnetusti laivan uppoamiseen saakka, vaikka kaikki sortui ymp\u00e4rilt\u00e4.<\/p>\n<p>Projekti on saanut tuotantotukea ainakin helsinkil\u00e4iselt\u00e4 IPR.VC-rahastolta. Take Two Studios etsii parhaillaan yhteisty\u00f6kumppaneita my\u00f6s Tallinnan markkinoilla.<\/p>\n<p>L\u00e4hde: <a href=\"https:\/\/variety.com\/2025\/film\/global\/shadow-lines-aj-annila-helsinki-1939-elisa-viihde-1236581911\/\" rel=\"nofollow noopener\" target=\"_blank\">Variety<\/a><\/p>\n","protected":false},"excerpt":{"rendered":"Elisa Viihde on tilannut Ikitie- ja Rauhantekij\u00e4 -ohjaaja A.J. Annilalta Helsinki 1939 -nimisen propagandasatiirin. Tarinassa ollaan keskell\u00e4 talvisotaa.&hellip;\n","protected":false},"author":2,"featured_media":90978,"comment_status":"","ping_status":"","sticky":false,"template":"","format":"standard","meta":{"footnotes":""},"categories":[133],"tags":[137,33,31,30,18191,32,206,156,109],"class_list":{"0":"post-90977","1":"post","2":"type-post","3":"status-publish","4":"format-standard","5":"has-post-thumbnail","7":"category-televisiot","8":"tag-entertainment","9":"tag-fi","10":"tag-finland","11":"tag-finnish","12":"tag-helsinki-1939","13":"tag-suomi","14":"tag-televisiot","15":"tag-tv","16":"tag-viihde"},"share_on_mastodon":{"url":"https:\/\/pubeurope.com\/@fi\/115554948401157972","error":""},"_links":{"self":[{"href":"https:\/\/www.europesays.com\/fi\/wp-json\/wp\/v2\/posts\/90977","targetHints":{"allow":["GET"]}}],"collection":[{"href":"https:\/\/www.europesays.com\/fi\/wp-json\/wp\/v2\/posts"}],"about":[{"href":"https:\/\/www.europesays.com\/fi\/wp-json\/wp\/v2\/types\/post"}],"author":[{"embeddable":true,"href":"https:\/\/www.europesays.com\/fi\/wp-json\/wp\/v2\/users\/2"}],"replies":[{"embeddable":true,"href":"https:\/\/www.europesays.com\/fi\/wp-json\/wp\/v2\/comments?post=90977"}],"version-history":[{"count":0,"href":"https:\/\/www.europesays.com\/fi\/wp-json\/wp\/v2\/posts\/90977\/revisions"}],"wp:featuredmedia":[{"embeddable":true,"href":"https:\/\/www.europesays.com\/fi\/wp-json\/wp\/v2\/media\/90978"}],"wp:attachment":[{"href":"https:\/\/www.europesays.com\/fi\/wp-json\/wp\/v2\/media?parent=90977"}],"wp:term":[{"taxonomy":"category","embeddable":true,"href":"https:\/\/www.europesays.com\/fi\/wp-json\/wp\/v2\/categories?post=90977"},{"taxonomy":"post_tag","embeddable":true,"href":"https:\/\/www.europesays.com\/fi\/wp-json\/wp\/v2\/tags?post=90977"}],"curies":[{"name":"wp","href":"https:\/\/api.w.org\/{rel}","templated":true}]}}