{"id":90979,"date":"2025-11-15T17:43:10","date_gmt":"2025-11-15T17:43:10","guid":{"rendered":"https:\/\/www.europesays.com\/fi\/90979\/"},"modified":"2025-11-15T17:43:10","modified_gmt":"2025-11-15T17:43:10","slug":"lankkarihetki-ilmaiskatselussa-muistinsa-menettaneen-pyssysankarin-kostoretki-rambo-tahden-harvinainen-spagettiwestern","status":"publish","type":"post","link":"https:\/\/www.europesays.com\/fi\/90979\/","title":{"rendered":"L\u00e4nkk\u00e4rihetki: Ilmaiskatselussa muistinsa menett\u00e4neen pyssysankarin kostoretki &#8211; Rambo-t\u00e4hden harvinainen spagettiwestern"},"content":{"rendered":"<p>Vakuuttavilla aseenk\u00e4sittelytaidoilla varustettu Noon (<strong>Richard Crenna<\/strong>) on yksin\u00e4inen susi, joka her\u00e4\u00e4 muistinsa menett\u00e4neen\u00e4. H\u00e4n ymm\u00e4rt\u00e4\u00e4 pian, ett\u00e4 h\u00e4net on j\u00e4tetty kuolemaan.<\/p>\n<p>Saadakseen selville, mit\u00e4 on oikein tapahtunut \u2013 ja kuka h\u00e4n ylip\u00e4\u00e4t\u00e4\u00e4n on \u2013 h\u00e4n ly\u00f6tt\u00e4ytyy yhteen <strong>Stephen Boydin<\/strong> n\u00e4yttelem\u00e4n Rimes-nimisen lainsuojattoman kanssa. V\u00e4hitellen k\u00e4y ilmi, ett\u00e4 Noonin vaimo ja lapsi on murhattu, ja ett\u00e4 h\u00e4nell\u00e4 on tietoa arvokkaasta kulta-aarteesta.<\/p>\n<p><strong>Peter Collinsonin<\/strong>\u00a0ohjaama\u00a0Mies nimelt\u00e4 Noon\u00a0(The Man Called Noon, 1973) on spagettiwestern, joka rakentuu h\u00e4ilyv\u00e4n mysteerin ymp\u00e4rille.\u00a0Rambo-elokuvista tutun\u00a0Crennan\u00a0t\u00e4hditt\u00e4m\u00e4n l\u00e4nnenelokuvan teemana on \u2013 genrelleen uskollisesti \u2013 kosto.<\/p>\n<p>Mies nimelt\u00e4 Noon\u00a0on varsin v\u00e4h\u00e4n tunnettu, mutta persoonallisen kerrontatyylins\u00e4 ansiosta sopivan poikkeuksellinen ja juuri siksi tutustumisen arvoinen l\u00e4nkk\u00e4ri. Elokuva sai ensi-iltansa Suomen valkokankailla 7.9.1973 ja se julkaistiin 1980-luvulla videolla. Televisioesitykset ovat kuitenkin olleet harvassa, eik\u00e4 elokuvasta ole julkaistu suomenkielisill\u00e4 teksteill\u00e4 varustettua DVD- tai Blu-ray-tallennetta.<\/p>\n<p>Mies nimelt\u00e4 Noon\u00a0ei kuulu mink\u00e4\u00e4n kuukausimaksullisen suoratoistopalvelun valikoimaan. Sen voi kuitenkin katsoa ilmaiseksi Fawesomessa. Suoratoistoa ei ole tekstitetty suomeksi.<\/p>\n<p>Lue my\u00f6s: <a href=\"https:\/\/www.episodi.fi\/uutiset\/nyt-ilmaiskatselussa-murtovaras-loytaa-kidnapatun-naisen-ja-saa-peraansa-vaarallisen-psykopaatin\/\" title=\"Nyt ilmaiskatselussa: Murtovaras l\u00f6yt\u00e4\u00e4 kidnapatun naisen \u2013 ja saa per\u00e4\u00e4ns\u00e4 vaarallisen psykopaatin\" class=\"underline-custom !font-montserrat !font-bold !underline-offset-4 !decoration-4 !decoration-episodi-blue !text-md\" rel=\"nofollow noopener\" target=\"_blank\">Nyt ilmaiskatselussa: Murtovaras l\u00f6yt\u00e4\u00e4 kidnapatun naisen \u2013 ja saa per\u00e4\u00e4ns\u00e4 vaarallisen psykopaatin<\/a><\/p>\n<p>Katso\u00a0Mies nimelt\u00e4 Noon\u00a0<a href=\"https:\/\/fawesome.tv\/movies\/10636921\/the-man-called-noon\" target=\"_blank\" rel=\"noreferrer noopener nofollow\">t\u00e4\u00e4ll\u00e4<\/a>. Elokuvan ik\u00e4raja on K-16 ja sen kesto 92 minuuttia.<\/p>\n<p>Alla elokuvan juliste, traileri ja triviaa.<\/p>\n<p><img loading=\"lazy\" height=\"973\" width=\"648\" class=\"wp-image-207750 sp-no-webp perfmatters-lazy\" alt=\"\" decoding=\"async\" src=\"https:\/\/www.europesays.com\/fi\/wp-content\/uploads\/2025\/11\/themancallednoon-1973-01-648x973.jpg\"  data-\/> <\/p>\n<p><img loading=\"lazy\" decoding=\"async\" alt=\"YouTube video\" width=\"480\" height=\"360\" data-pin-nopin=\"true\" nopin=\"nopin\" class=\"perfmatters-lazy\" src=\"https:\/\/www.europesays.com\/fi\/wp-content\/uploads\/2025\/11\/1763228590_775_hqdefault.jpg\"\/><\/p>\n<ul class=\"wp-block-list\">\n<li>Richard Crenna (1926-2003) n\u00e4ytteli my\u00f6s muutamissa pienemmiss\u00e4 l\u00e4nkk\u00e4rityyppisiss\u00e4 projekteissa ja tv-sarjoissa, mutta l\u00e4nnenelokuvat eiv\u00e4t koskaan olleet keskeinen osa h\u00e4nen uraansa. Crennan roolit olivat enimm\u00e4kseen draama- ja rikoselokuvissa sek\u00e4 tv-sarjoissa, joissa h\u00e4n n\u00e4ytteli 1950-luvulta alkaen aina 2000-luvulle asti.<\/li>\n<li>Suomen valkokankailla esitetty versio oli sensuroitu: \u201d5.osan kidutusta ampumalla lyhennetty.\u201d My\u00f6s videoversiota oli leikattu.<\/li>\n<li>Suomen valkokankailla elokuvan n\u00e4ki 25 895 katsojaa.<\/li>\n<\/ul>\n<p>L\u00e4hteet:\u00a0<a href=\"https:\/\/elonet.finna.fi\/Record\/kavi.elonet_elokuva_101659\" target=\"_blank\" rel=\"noreferrer noopener nofollow\">Elonet<\/a>,\u00a0<a href=\"https:\/\/www.ses.fi\/katsojaluvut\/\" target=\"_blank\" rel=\"noreferrer noopener nofollow\">SES<\/a><\/p>\n<p>Lue my\u00f6s: <a href=\"https:\/\/www.episodi.fi\/uutiset\/lankkarihetki-ilmaiskatselussa-synkka-kostotarina-vuodelta-1971-arvoituksellinen-ja-raju-spagettiwestern\/\" title=\"L\u00e4nkk\u00e4rihetki: Ilmaiskatselussa synkk\u00e4 kostotarina vuodelta 1971 \u2013 arvoituksellinen ja raju spagettiwestern\" class=\"underline-custom !font-montserrat !font-bold !underline-offset-4 !decoration-4 !decoration-episodi-blue !text-md\" rel=\"nofollow noopener\" target=\"_blank\">L\u00e4nkk\u00e4rihetki: Ilmaiskatselussa synkk\u00e4 kostotarina vuodelta 1971 \u2013 arvoituksellinen ja raju spagettiwestern<\/a><\/p>\n<p>Lue my\u00f6s: <a href=\"https:\/\/www.episodi.fi\/uutiset\/nyt-ilmaiskatselussa-kun-ikakriisi-iskee-mikaan-moka-ei-ole-liian-suuri-michael-douglas-loistaa-alamaessaan\/\" title=\"Nyt ilmaiskatselussa: Kun ik\u00e4kriisi iskee, mik\u00e4\u00e4n moka ei ole liian suuri \u2013 Michael Douglas loistaa alam\u00e4ess\u00e4\u00e4n\" class=\"underline-custom !font-montserrat !font-bold !underline-offset-4 !decoration-4 !decoration-episodi-blue !text-md\" rel=\"nofollow noopener\" target=\"_blank\">Nyt ilmaiskatselussa: Kun ik\u00e4kriisi iskee, mik\u00e4\u00e4n moka ei ole liian suuri \u2013 Michael Douglas loistaa alam\u00e4ess\u00e4\u00e4n<\/a><\/p>\n<p>Lue my\u00f6s: <a href=\"https:\/\/www.episodi.fi\/uutiset\/nyt-ilmaiskatselussa-laatunayttelijoiden-intensiivinen-oikeussalitrilleri-miesta-syytetaan-jarkyttavista-sotarikoksista\/\" title=\"Nyt ilmaiskatselussa: Laatun\u00e4yttelij\u00f6iden intensiivinen oikeussalitrilleri \u2013 Miest\u00e4 syytet\u00e4\u00e4n j\u00e4rkytt\u00e4vist\u00e4 sotarikoksista\" class=\"underline-custom !font-montserrat !font-bold !underline-offset-4 !decoration-4 !decoration-episodi-blue !text-md\" rel=\"nofollow noopener\" target=\"_blank\">Nyt ilmaiskatselussa: Laatun\u00e4yttelij\u00f6iden intensiivinen oikeussalitrilleri \u2013 Miest\u00e4 syytet\u00e4\u00e4n j\u00e4rkytt\u00e4vist\u00e4 sotarikoksista<\/a><\/p>\n<p>Lue my\u00f6s: <a href=\"https:\/\/www.episodi.fi\/uutiskirje\/?uutiskirjemainos=tekstilinkkimainos\" title=\"Tilaa Episodin uutiskirje ja voit voittaa leffalippuja! Nappaa tv-vinkit suoraan s\u00e4hk\u00f6postiin t\u00e4st\u00e4.\" class=\"underline-custom !font-montserrat !font-bold !underline-offset-4 !decoration-4 !decoration-episodi-blue !text-md\" rel=\"nofollow noopener\" target=\"_blank\">Tilaa Episodin uutiskirje ja voit voittaa leffalippuja! Nappaa katseluvinkit suoraan s\u00e4hk\u00f6postiin t\u00e4st\u00e4.<\/a><\/p>\n","protected":false},"excerpt":{"rendered":"Vakuuttavilla aseenk\u00e4sittelytaidoilla varustettu Noon (Richard Crenna) on yksin\u00e4inen susi, joka her\u00e4\u00e4 muistinsa menett\u00e4neen\u00e4. H\u00e4n ymm\u00e4rt\u00e4\u00e4 pian, ett\u00e4 h\u00e4net&hellip;\n","protected":false},"author":2,"featured_media":90980,"comment_status":"","ping_status":"","sticky":false,"template":"","format":"standard","meta":{"footnotes":""},"categories":[131],"tags":[155,137,7990,33,173,31,30,9590,172,32,109],"class_list":{"0":"post-90979","1":"post","2":"type-post","3":"status-publish","4":"format-standard","5":"has-post-thumbnail","7":"category-elokuvat","8":"tag-elokuvat","9":"tag-entertainment","10":"tag-fawesome","11":"tag-fi","12":"tag-film","13":"tag-finland","14":"tag-finnish","15":"tag-lankkarit","16":"tag-movies","17":"tag-suomi","18":"tag-viihde"},"share_on_mastodon":{"url":"https:\/\/pubeurope.com\/@fi\/115554956475761648","error":""},"_links":{"self":[{"href":"https:\/\/www.europesays.com\/fi\/wp-json\/wp\/v2\/posts\/90979","targetHints":{"allow":["GET"]}}],"collection":[{"href":"https:\/\/www.europesays.com\/fi\/wp-json\/wp\/v2\/posts"}],"about":[{"href":"https:\/\/www.europesays.com\/fi\/wp-json\/wp\/v2\/types\/post"}],"author":[{"embeddable":true,"href":"https:\/\/www.europesays.com\/fi\/wp-json\/wp\/v2\/users\/2"}],"replies":[{"embeddable":true,"href":"https:\/\/www.europesays.com\/fi\/wp-json\/wp\/v2\/comments?post=90979"}],"version-history":[{"count":0,"href":"https:\/\/www.europesays.com\/fi\/wp-json\/wp\/v2\/posts\/90979\/revisions"}],"wp:featuredmedia":[{"embeddable":true,"href":"https:\/\/www.europesays.com\/fi\/wp-json\/wp\/v2\/media\/90980"}],"wp:attachment":[{"href":"https:\/\/www.europesays.com\/fi\/wp-json\/wp\/v2\/media?parent=90979"}],"wp:term":[{"taxonomy":"category","embeddable":true,"href":"https:\/\/www.europesays.com\/fi\/wp-json\/wp\/v2\/categories?post=90979"},{"taxonomy":"post_tag","embeddable":true,"href":"https:\/\/www.europesays.com\/fi\/wp-json\/wp\/v2\/tags?post=90979"}],"curies":[{"name":"wp","href":"https:\/\/api.w.org\/{rel}","templated":true}]}}