{"id":9098,"date":"2025-08-18T08:58:10","date_gmt":"2025-08-18T08:58:10","guid":{"rendered":"https:\/\/www.europesays.com\/fi\/9098\/"},"modified":"2025-08-18T08:58:10","modified_gmt":"2025-08-18T08:58:10","slug":"se-oli-ymparisto-jossa-ei-yrittanyt-olla-mitaan-ja-silti-tuli-nahdyksi-itsenaan-valtakunnallisesti-suosiotaan-kasvattanut-protuleiri-oli-kajaanilaiselle-selma-saarelle-me","status":"publish","type":"post","link":"https:\/\/www.europesays.com\/fi\/9098\/","title":{"rendered":"\u201dSe oli ymp\u00e4rist\u00f6, jossa ei yritt\u00e4nyt olla mit\u00e4\u00e4n, ja silti tuli n\u00e4hdyksi itsen\u00e4\u00e4n\u201d \u2013 Valtakunnallisesti suosiotaan kasvattanut protuleiri oli kajaanilaiselle Selma Saarelle merkitt\u00e4v\u00e4 kokemus"},"content":{"rendered":"<p>                                  Paikallisuutiset<\/p>\n<p>                <img loading=\"lazy\" decoding=\"async\" itemprop=\"contentUrl\" class=\"figure-img img-fluid\"  src=\"https:\/\/www.europesays.com\/fi\/wp-content\/uploads\/2025\/08\/1755507489_95_imengine.public.prod.hil.infomaker.io\" width=\"4823\" height=\"3216\"  alt=\"\"\/><\/p>\n<p>                                    Prometheus-leiri oli kajaanilaiselle Selma Saarelle, 15, vapauttava ja ajatuksia her\u00e4tt\u00e4nyt sek\u00e4 syvent\u00e4nyt kokemus. H\u00e4n halusi osallistua leirille, jossa pohditaan aikuistumisen ja el\u00e4m\u00e4n kannalta t\u00e4rkeit\u00e4 kysymyksi\u00e4 ilman poliittista tai uskonnollista sitoutumista.<br \/>\n                                                    Kuva:<br \/>\n                    Miika Manninen<\/p>\n<p>      MAINOS &#8211; juttu jatkuu mainoksen j\u00e4lkeen<\/p>\n<p>      MAINOS &#8211; mainos p\u00e4\u00e4ttyy<\/p>\n<p class=\"ew-body\">\u2013 Mit\u00e4 on olla ihminen? Miksi min\u00e4 ajattelen niin kuin min\u00e4 ajattelen?<\/p>\n<p class=\"ew-body\">N\u00e4m\u00e4 j\u00e4iv\u00e4t p\u00e4\u00e4kysymyksin\u00e4 mieleen kajaanilaiselle <strong id=\"strong-d05d73932779ea8cfcc45030cf5dbd4e\">Selma Saarelle<\/strong>, 15, joka osallistui hein\u00e4kuun ensimm\u00e4isell\u00e4 viikolla poliittisesti ja uskonnollisesti sitoutumattomalle Prometheus-aikuistumisleirille.<\/p>\n<p class=\"ew-body\">Leirille ilmoittautuminen ta<\/p>\n<p>  <a class=\"btn btn-secondary btn-icon-left\" href=\"#coral_thread\"><br \/>\n    <img decoding=\"async\" src=\"https:\/\/www.kainuunsanomat.fi\/wp-content\/themes\/hilla-theme\/assets\/img\/icon_comments.svg\" alt=\"\"\/><br \/>\n    Kommentoi<br \/>\n  <\/a><\/p>\n<p>  <a class=\"btn btn-secondary btn-icon-left mailto_web\" href=\"mailto:toimitus@kainuunsanomat.fi?subject=Ilmoita%20asiavirheest%C3%A4&amp;body=Otsikko%3A%20%E2%80%9DSe%20oli%20ymp%C3%A4rist%C3%B6%2C%20jossa%20ei%20yritt%C3%A4nyt%20olla%20mit%C3%A4%C3%A4n%2C%20ja%20silti%20tuli%20n%C3%A4hdyksi%20itsen%C3%A4%C3%A4n%E2%80%9D%20%E2%80%93%20Valtakunnallisesti%20suosiotaan%20kasvattanut%20protuleiri%20oli%20kajaanilaiselle%20Selma%20Saarelle%20merkitt%C3%A4v%C3%A4%20kokemus%20%0AUuid%3A%20aae0cd69-c939-46a3-81fe-15030e857d5c%0AUrl%3A%20https%3A%2F%2Fwww.kainuunsanomat.fi%2Fartikkeli%2Fse-oli-ymparisto-jossa-ei-yrittanyt-olla-mitaan-ja-silti-tuli-nahdyksi-itsenaan-valtakunnallis\"><br \/>\n    <img decoding=\"async\" src=\"https:\/\/www.kainuunsanomat.fi\/wp-content\/themes\/hilla-theme\/assets\/img\/icon_feedback.svg\" alt=\"\"\/><br \/>\n    Ilmoita asiavirheest\u00e4<br \/>\n  <\/a><\/p>\n","protected":false},"excerpt":{"rendered":"Paikallisuutiset Prometheus-leiri oli kajaanilaiselle Selma Saarelle, 15, vapauttava ja ajatuksia her\u00e4tt\u00e4nyt sek\u00e4 syvent\u00e4nyt kokemus. H\u00e4n halusi osallistua leirille,&hellip;\n","protected":false},"author":2,"featured_media":9099,"comment_status":"","ping_status":"","sticky":false,"template":"","format":"standard","meta":{"footnotes":""},"categories":[113],"tags":[446,33,31,30,118,32,119,447],"class_list":{"0":"post-9098","1":"post","2":"type-post","3":"status-publish","4":"format-standard","5":"has-post-thumbnail","7":"category-ymparisto","8":"tag-environment","9":"tag-fi","10":"tag-finland","11":"tag-finnish","12":"tag-science","13":"tag-suomi","14":"tag-tiede","15":"tag-ymparisto"},"share_on_mastodon":{"url":"","error":""},"_links":{"self":[{"href":"https:\/\/www.europesays.com\/fi\/wp-json\/wp\/v2\/posts\/9098","targetHints":{"allow":["GET"]}}],"collection":[{"href":"https:\/\/www.europesays.com\/fi\/wp-json\/wp\/v2\/posts"}],"about":[{"href":"https:\/\/www.europesays.com\/fi\/wp-json\/wp\/v2\/types\/post"}],"author":[{"embeddable":true,"href":"https:\/\/www.europesays.com\/fi\/wp-json\/wp\/v2\/users\/2"}],"replies":[{"embeddable":true,"href":"https:\/\/www.europesays.com\/fi\/wp-json\/wp\/v2\/comments?post=9098"}],"version-history":[{"count":0,"href":"https:\/\/www.europesays.com\/fi\/wp-json\/wp\/v2\/posts\/9098\/revisions"}],"wp:featuredmedia":[{"embeddable":true,"href":"https:\/\/www.europesays.com\/fi\/wp-json\/wp\/v2\/media\/9099"}],"wp:attachment":[{"href":"https:\/\/www.europesays.com\/fi\/wp-json\/wp\/v2\/media?parent=9098"}],"wp:term":[{"taxonomy":"category","embeddable":true,"href":"https:\/\/www.europesays.com\/fi\/wp-json\/wp\/v2\/categories?post=9098"},{"taxonomy":"post_tag","embeddable":true,"href":"https:\/\/www.europesays.com\/fi\/wp-json\/wp\/v2\/tags?post=9098"}],"curies":[{"name":"wp","href":"https:\/\/api.w.org\/{rel}","templated":true}]}}