{"id":90986,"date":"2025-11-15T17:50:08","date_gmt":"2025-11-15T17:50:08","guid":{"rendered":"https:\/\/www.europesays.com\/fi\/90986\/"},"modified":"2025-11-15T17:50:08","modified_gmt":"2025-11-15T17:50:08","slug":"venajalla-ryssittiin-taas-mahtipontisesti-esitelty-tekoalyrobotti-vaikutti-olevan-kannissa","status":"publish","type":"post","link":"https:\/\/www.europesays.com\/fi\/90986\/","title":{"rendered":"Ven\u00e4j\u00e4ll\u00e4 &#8221;ryssittiin&#8221; taas &#8211; mahtipontisesti esitelty teko\u00e4lyrobotti vaikutti olevan k\u00e4nniss\u00e4"},"content":{"rendered":"<p>Ven\u00e4j\u00e4ll\u00e4 on kehitetty humanoidirobotti, joka ei kuitenkaan n\u00e4yt\u00e4 olevan kovinkaan laadukas.<\/p>\n<p>Humanoidirobotin ensiesiintyminen Moskovassa j\u00e4rjestetyss\u00e4 teknologiakonferenssissa <a href=\"https:\/\/www.newsweek.com\/russia-human-robot-falls-stage-during-debut-11031104\" target=\"_blank\" rel=\"noreferrer noopener nofollow\">meni<\/a> nololla tavalla pieleen.<\/p>\n<p>Robotti tuotiin lavalle mahtipontisesti, Rocky-elokuvan tunnusmusiikin tahdissa. Aldol-niminen robotti kuitenkin kaatui vain hetki sen j\u00e4lkeen, kun <a href=\"https:\/\/www.bbc.com\/news\/videos\/crre8g5e45jo\" target=\"_blank\" rel=\"noreferrer noopener nofollow\">se<\/a> ilmestyi lavalle. Tapahtuman henkil\u00f6kunta peitti sitten robotin yleis\u00f6lt\u00e4 ja yritti korjata vian paikan p\u00e4\u00e4ll\u00e4.<\/p>\n<p>Aldolin kehitt\u00e4j\u00e4t kertoivat my\u00f6hemmin, ett\u00e4 kaatuminen johtui kalibrointivirheist\u00e4. Kehitt\u00e4j\u00e4yhti\u00f6n mukaan robotti on viel\u00e4 testausvaiheessa.<\/p>\n<p>AIdolissa on 19 servomoottoria, joiden ansiosta se kykenee ilmaisemaan yli kymmenen perustunnetta ja my\u00f6s mikroilmeit\u00e4. Sen silikonipinta on suunniteltu j\u00e4ljittelem\u00e4\u00e4n ihmisen kasvonliikkeit\u00e4 ja ihon joustavuutta.<\/p>\n<p>Robotin komponenteista v\u00e4itetysti 77 prosenttia on valmistettu Ven\u00e4j\u00e4ll\u00e4, ja tavoite on nostaa osuus 93 prosenttiin tulevissa malleissa. Alla video.<\/p>\n<p>LUE MY\u00d6S: <a href=\"https:\/\/muropaketti.com\/tietotekniikka\/tietotekniikkauutiset\/apple-aikoo-julkaista-seurarobotin-vuonna-2027-kuvataan-mullistavaksi\/\" rel=\"nofollow noopener\" target=\"_blank\">Apple aikoo julkaista seurarobotin vuonna 2027 \u2013 kuvataan mullistavaksi<\/a><\/p>\n","protected":false},"excerpt":{"rendered":"Ven\u00e4j\u00e4ll\u00e4 on kehitetty humanoidirobotti, joka ei kuitenkaan n\u00e4yt\u00e4 olevan kovinkaan laadukas. Humanoidirobotin ensiesiintyminen Moskovassa j\u00e4rjestetyss\u00e4 teknologiakonferenssissa meni nololla&hellip;\n","protected":false},"author":2,"featured_media":15007,"comment_status":"","ping_status":"","sticky":false,"template":"","format":"standard","meta":{"footnotes":""},"categories":[14],"tags":[22,23,26,27,33,31,30,17,24,25,28,29,15,18,21,4116,32,433,19,20,56,16,547,59,60,61],"class_list":{"0":"post-90986","1":"post","2":"type-post","3":"status-publish","4":"format-standard","5":"has-post-thumbnail","7":"category-ulkomaat","8":"tag-breaking-news","9":"tag-breakingnews","10":"tag-featured-news","11":"tag-featurednews","12":"tag-fi","13":"tag-finland","14":"tag-finnish","15":"tag-headlines","16":"tag-latest-news","17":"tag-latestnews","18":"tag-main-news","19":"tag-mainnews","20":"tag-news","21":"tag-otsikot","22":"tag-paauutiset","23":"tag-robotiikka","24":"tag-suomi","25":"tag-tekoaly","26":"tag-top-stories","27":"tag-topstories","28":"tag-ulkomaat","29":"tag-uutiset","30":"tag-venaja","31":"tag-world","32":"tag-world-news","33":"tag-worldnews"},"share_on_mastodon":{"url":"https:\/\/pubeurope.com\/@fi\/115554984008729539","error":""},"_links":{"self":[{"href":"https:\/\/www.europesays.com\/fi\/wp-json\/wp\/v2\/posts\/90986","targetHints":{"allow":["GET"]}}],"collection":[{"href":"https:\/\/www.europesays.com\/fi\/wp-json\/wp\/v2\/posts"}],"about":[{"href":"https:\/\/www.europesays.com\/fi\/wp-json\/wp\/v2\/types\/post"}],"author":[{"embeddable":true,"href":"https:\/\/www.europesays.com\/fi\/wp-json\/wp\/v2\/users\/2"}],"replies":[{"embeddable":true,"href":"https:\/\/www.europesays.com\/fi\/wp-json\/wp\/v2\/comments?post=90986"}],"version-history":[{"count":0,"href":"https:\/\/www.europesays.com\/fi\/wp-json\/wp\/v2\/posts\/90986\/revisions"}],"wp:featuredmedia":[{"embeddable":true,"href":"https:\/\/www.europesays.com\/fi\/wp-json\/wp\/v2\/media\/15007"}],"wp:attachment":[{"href":"https:\/\/www.europesays.com\/fi\/wp-json\/wp\/v2\/media?parent=90986"}],"wp:term":[{"taxonomy":"category","embeddable":true,"href":"https:\/\/www.europesays.com\/fi\/wp-json\/wp\/v2\/categories?post=90986"},{"taxonomy":"post_tag","embeddable":true,"href":"https:\/\/www.europesays.com\/fi\/wp-json\/wp\/v2\/tags?post=90986"}],"curies":[{"name":"wp","href":"https:\/\/api.w.org\/{rel}","templated":true}]}}