{"id":90987,"date":"2025-11-15T17:51:10","date_gmt":"2025-11-15T17:51:10","guid":{"rendered":"https:\/\/www.europesays.com\/fi\/90987\/"},"modified":"2025-11-15T17:51:10","modified_gmt":"2025-11-15T17:51:10","slug":"vaimo-kielsi-hiihtamasta-pihalla-joten-jorma-seppala-sauvoo-edestakaisin-300-metrin-patkaa","status":"publish","type":"post","link":"https:\/\/www.europesays.com\/fi\/90987\/","title":{"rendered":"Vaimo kielsi hiiht\u00e4m\u00e4st\u00e4 pihalla, joten Jorma Sepp\u00e4l\u00e4 sauvoo edestakaisin 300 metrin p\u00e4tk\u00e4\u00e4"},"content":{"rendered":"<p>Hiihtokausi|Vaikka talvi viel\u00e4 antaakin odottaa itse\u00e4\u00e4n, hiihtokausi Vantaan Hakunilassa ja samalla koko p\u00e4\u00e4kaupunkiseudulla on jo alkanut.<\/p>\n<p>Lue tiivistelm\u00e4<\/p>\n<p>Tiivistelm\u00e4 on teko\u00e4lyn tekem\u00e4 ja ihmisen tarkistama.<\/p>\n<p class=\"article-body mb-nof-24 px-nof-16 sndp-summary-bullet-point-font\">P\u00e4\u00e4kaupunkiseudun hiihtokausi on k\u00e4ynnistynyt Vantaan Hakunilan urheilupuistossa.<\/p>\n<p class=\"article-body mb-nof-24 px-nof-16 sndp-summary-bullet-point-font\">Ensilumenlatu on alkuun 300 metri\u00e4 pitk\u00e4, mutta se riitt\u00e4\u00e4 hyvin innokkaiden hiiht\u00e4jien tarpeisiin.<\/p>\n<p class=\"article-body mb-nof-24 px-nof-16 sndp-summary-bullet-point-font\">Lauantaina aurinkoisella ladulla oli liikkeell\u00e4 parikymment\u00e4 hiiht\u00e4j\u00e4\u00e4, joista 75-vuotias Jorma Sepp\u00e4l\u00e4 kertoo hiiht\u00e4neens\u00e4 65 vuoden aikana 112 000 kilometri\u00e4.<\/p>\n<p class=\"article-body mb-nof-24 px-nof-16\">\u201dKyll\u00e4 t\u00e4m\u00e4 on niin kiva, kun aurinkokin paistaa!\u201d<\/p>\n<p class=\"article-body mb-nof-24 px-nof-16\">Helsingin Kannelm\u00e4ess\u00e4 asuva <a class=\"article-personlink\" href=\"https:\/\/www.hs.fi\/haku\/?query=Helena%20Tikkanen\" rel=\"nofollow noopener\" target=\"_blank\">Helena Tikkanen<\/a> on yksi niist\u00e4 paristakymmenest\u00e4 innokkaasta hiihtoharrastajasta, jotka ovat ker\u00e4\u00e4ntyneet Vantaan Hakunilan aurinkoiselle ensilumenladulle lauantaina iltap\u00e4iv\u00e4ll\u00e4.<\/p>\n<p class=\"article-body mb-nof-24 px-nof-16\">Ohikulkeva hiiht\u00e4j\u00e4 tervehtii, eik\u00e4 ihme, sill\u00e4 monen kasvot ovat tulleet tutuksi.<\/p>\n<p class=\"article-body mb-nof-24 px-nof-16\">Tikkasen kanssa rupattelee <a class=\"article-personlink\" href=\"https:\/\/www.hs.fi\/haku\/?query=Tuija%20Harakka\" rel=\"nofollow noopener\" target=\"_blank\">Tuija Harakka<\/a>, joka on saapunut paikalle Tapaninvainiosta Helsingist\u00e4. Hakunilan ensilumenlatu on molemmille tuttu paikka, sill\u00e4 p\u00e4\u00e4kaupunkiseudun hiihtokausi py\u00f6r\u00e4ht\u00e4\u00e4 usein k\u00e4yntiin joko Hakunilassa tai Espoon Oittaalla.<\/p>\n<p><img decoding=\"async\" src=\"https:\/\/www.europesays.com\/fi\/wp-content\/uploads\/2025\/11\/1763229069_704_468.jpg\" alt=\"Helsinkil\u00e4iset Tuija Harakka (vasemmalla) ja Helena Tikkanen aloittivat vuosittaisen hiihtokautensa lauantaina.\" class=\"_Img_1rerz_1\" style=\"aspect-ratio:1.5\" loading=\"eager\"\/><\/p>\n<p class=\"article-picture-caption\">Helsinkil\u00e4iset Tuija Harakka (vasemmalla) ja Helena Tikkanen aloittivat vuosittaisen hiihtokautensa lauantaina. Kuva:\u00a0Kari Pullinen<\/p>\n<p class=\"article-body mb-nof-24 px-nof-16\">Tikkanen on hiiht\u00e4nyt jo reilut kymmenen kilometri\u00e4. H\u00e4n arvioi k\u00e4ytt\u00e4neens\u00e4 matkaan noin tunnin.<\/p>\n<p class=\"article-body mb-nof-24 px-nof-16\">\u201dHarvoin t\u00e4h\u00e4n aikaan vuodesta on n\u00e4in ihana ilma. Ja hiiht\u00e4ji\u00e4 on sopivasti, nyt ei en\u00e4\u00e4 ole ruuhkaa. Toki aamuvirkut ovat varmasti olleet jo aikaisin paikalla\u201d, Tikkanen sanoo.<\/p>\n<p class=\"article-body mb-nof-24 px-nof-16\">Harakka on k\u00e4ynyt ostamassa uudet sukset aiemmin lauantaina.<\/p>\n<p class=\"article-body mb-nof-24 px-nof-16\">\u201dOikein hyv\u00e4lt\u00e4 n\u00e4m\u00e4 vaikuttavat. Takana on nyt kuusi kilometri\u00e4, tavoite on t\u00e4n\u00e4\u00e4n 12 tai 13 kilometri\u00e4.\u201d<\/p>\n<p class=\"article-body mb-nof-24 px-nof-16\">Ladun alkup\u00e4\u00e4ss\u00e4 t\u00f6rm\u00e4\u00e4 heti J\u00e4rvenp\u00e4\u00e4ss\u00e4 asuvaan <a class=\"article-personlink\" href=\"https:\/\/www.hs.fi\/haku\/?query=Jorma%20Sepp%C3%A4l%C3%A4%C3%A4n\" rel=\"nofollow noopener\" target=\"_blank\">Jorma Sepp\u00e4l\u00e4\u00e4n<\/a>. H\u00e4n on tuttu n\u00e4ky Uudenmaan laduilla.<\/p>\n<p class=\"article-body mb-nof-24 px-nof-16\">Sepp\u00e4l\u00e4 aloitti hiihtokautensa Vihdiss\u00e4 jo 17. lokakuuta, kun ensilumenlatu avattiin siell\u00e4. Hakunilan latukin tuli kokeiltua ensimm\u00e4isen kerran perjantaina.<\/p>\n<p><img decoding=\"async\" src=\"https:\/\/www.europesays.com\/fi\/wp-content\/uploads\/2025\/11\/1763229069_801_468.jpg\" alt=\"Jorma Sepp\u00e4l\u00e4n tavoitteena on hiiht\u00e4\u00e4 t\u00e4n\u00e4 talvena 3\u202f300 kilometri\u00e4.\" class=\"_Img_1rerz_1\" style=\"aspect-ratio:1.5\" loading=\"eager\"\/><\/p>\n<p class=\"article-picture-caption\">Jorma Sepp\u00e4l\u00e4n tavoitteena on hiiht\u00e4\u00e4 t\u00e4n\u00e4 talvena 3\u202f300 kilometri\u00e4. Kuva:\u00a0Kari Pullinen<\/p>\n<p class=\"article-body mb-nof-24 px-nof-16\">Hakunilan urheilupuistoon avatulla ensilumenladulla voi hiiht\u00e4\u00e4 alkuun 300 metrin matkalla, mutta se ei haittaa, vakuuttaa Sepp\u00e4l\u00e4.<\/p>\n<p class=\"article-body mb-nof-24 px-nof-16\">\u201dOlen joskus hiiht\u00e4nyt omalle pihalle tehdyll\u00e4 50 metrin ladulla. Vaimo on kielt\u00e4nyt hiiht\u00e4m\u00e4st\u00e4 en\u00e4\u00e4 siell\u00e4, ja naapuritkin pit\u00e4v\u00e4t minua hiihtohulluna. En sitten tied\u00e4, onko siin\u00e4 per\u00e4\u00e4\u201d, h\u00e4n naurahtaa.<\/p>\n<p class=\"article-body mb-nof-24 px-nof-16\">75-vuotias Sepp\u00e4l\u00e4 kertoo hiiht\u00e4neens\u00e4 7-vuotiaasta asti. Hiihtokilometrit h\u00e4n on kirjannut yl\u00f6s 10-vuotiaasta. H\u00e4nen mukaansa 65 vuoden ajalta niit\u00e4 on kertynyt 112\u202f000.<\/p>\n<p class=\"article-body mb-nof-24 px-nof-16\">Lauantain s\u00e4\u00e4olosuhteita, auringonpaistetta ja kahta plusastetta Sepp\u00e4l\u00e4 pit\u00e4\u00e4 ihanteellisina. H\u00e4n hiiht\u00e4\u00e4 talvisin enimm\u00e4kseen p\u00e4\u00e4kaupunkiseudulla, sill\u00e4 yli 22 asteen pakkasesta h\u00e4n ei samalla tavoin pid\u00e4.<\/p>\n<p class=\"article-body mb-nof-24 px-nof-16\">Perjantaina Sepp\u00e4l\u00e4 hiihti 30 kilometri\u00e4, lauantain tavoite on 50 kilometri\u00e4. Koko talven tavoite on 3\u202f300 kilometri\u00e4, jos terveytt\u00e4 vain riitt\u00e4\u00e4.<\/p>\n<p class=\"article-body mb-nof-24 px-nof-16\">\u201dToisaalta olen ollut el\u00e4kkeell\u00e4kin jo 19 vuotta, enk\u00e4 sin\u00e4 aikana ole j\u00e4tt\u00e4nyt yht\u00e4\u00e4n hiihtokertaa v\u00e4liin flunssan takia\u201d, Sepp\u00e4l\u00e4 kertoo.<\/p>\n<p class=\"article-body mb-nof-24 px-nof-16\">Helsingist\u00e4 paikalle on lauantaina saapunut my\u00f6s <a class=\"article-personlink\" href=\"https:\/\/www.hs.fi\/haku\/?query=Reetta%20Lavonen\" rel=\"nofollow noopener\" target=\"_blank\">Reetta Lavonen<\/a>. H\u00e4n kertoo hiiht\u00e4neens\u00e4 lapsena ja aloittaneensa harrastuksen uudelleen aikuisena.<\/p>\n<p><img decoding=\"async\" src=\"https:\/\/www.europesays.com\/fi\/wp-content\/uploads\/2025\/11\/1763229070_572_468.jpg\" alt=\"Reetta Lavonen oli tyytyv\u00e4inen p\u00e4\u00e4stess\u00e4\u00e4n ladulle lauantaina. H\u00e4n kertoi odottavansa kovasti jo kilpaladun avaamista Hakunilaan.\" class=\"_Img_1rerz_1\" style=\"aspect-ratio:1.5\" loading=\"eager\"\/><\/p>\n<p class=\"article-picture-caption\">Reetta Lavonen oli tyytyv\u00e4inen p\u00e4\u00e4stess\u00e4\u00e4n ladulle lauantaina. H\u00e4n kertoi odottavansa kovasti jo kilpaladun avaamista Hakunilaan. Kuva:\u00a0Kari Pullinen<\/p>\n<p class=\"article-body mb-nof-24 px-nof-16\">\u201dTalvisin tulee k\u00e4yty\u00e4 aika paljon t\u00e4\u00e4ll\u00e4 Hakunilassa mutta my\u00f6s Vesalassa, kotoa on sinne niin lyhyt matka. Ja joka p\u00e4\u00e4si\u00e4isen\u00e4 k\u00e4yd\u00e4\u00e4n perheen kanssa Saarisel\u00e4ll\u00e4\u201d, Lavonen sanoo.<\/p>\n<p class=\"article-body mb-nof-24 px-nof-16\">H\u00e4n huomasi perjantaina Facebookista, ett\u00e4 Hakunilan latu on jo avattu. Ensilumenladulle houkuttelee liikunnan ja ulkoilun ilo, kauden edetess\u00e4 ja latujen pidentyess\u00e4 h\u00e4n kertoo nauttivansa my\u00f6s luonnosta.<\/p>\n<p class=\"article-body mb-nof-24 px-nof-16\">\u201dOdotan jo tosi paljon sit\u00e4, ett\u00e4 t\u00e4nne Hakunilaan saadaan avattua kilpalatu. Se on my\u00f6s tosi hyv\u00e4, ja siin\u00e4 p\u00e4\u00e4see my\u00f6s laskemaan m\u00e4ki\u00e4\u201d, Lavonen kertoo.<\/p>\n<p class=\"article-body mb-nof-24 px-nof-16\">Silti ensilumenlatu riitt\u00e4\u00e4 alkuun mainiosti.<\/p>\n<p><img decoding=\"async\" src=\"https:\/\/www.europesays.com\/fi\/wp-content\/uploads\/2025\/11\/1763229070_29_468.jpg\" alt=\"Lauantaina iltap\u00e4iv\u00e4ll\u00e4 Hakunilan ladunp\u00e4tk\u00e4ll\u00e4 sivakoi jo parisenkymment\u00e4 innokasta hiiht\u00e4j\u00e4\u00e4.\" class=\"_Img_1rerz_1\" style=\"aspect-ratio:1.5\" loading=\"eager\"\/><\/p>\n<p class=\"article-picture-caption\">Lauantaina iltap\u00e4iv\u00e4ll\u00e4 Hakunilan ladunp\u00e4tk\u00e4ll\u00e4 sivakoi jo parisenkymment\u00e4 innokasta hiiht\u00e4j\u00e4\u00e4. Kuva:\u00a0Kari Pullinen<\/p>\n","protected":false},"excerpt":{"rendered":"Hiihtokausi|Vaikka talvi viel\u00e4 antaakin odottaa itse\u00e4\u00e4n, hiihtokausi Vantaan Hakunilassa ja samalla koko p\u00e4\u00e4kaupunkiseudulla on jo alkanut. Lue tiivistelm\u00e4&hellip;\n","protected":false},"author":2,"featured_media":90988,"comment_status":"","ping_status":"","sticky":false,"template":"","format":"standard","meta":{"footnotes":""},"categories":[12],"tags":[22,23,26,27,33,31,30,17,46,24,25,28,29,15,18,21,32,19,20,16],"class_list":{"0":"post-90987","1":"post","2":"type-post","3":"status-publish","4":"format-standard","5":"has-post-thumbnail","7":"category-suomi","8":"tag-breaking-news","9":"tag-breakingnews","10":"tag-featured-news","11":"tag-featurednews","12":"tag-fi","13":"tag-finland","14":"tag-finnish","15":"tag-headlines","16":"tag-helsingin-sanomat","17":"tag-latest-news","18":"tag-latestnews","19":"tag-main-news","20":"tag-mainnews","21":"tag-news","22":"tag-otsikot","23":"tag-paauutiset","24":"tag-suomi","25":"tag-top-stories","26":"tag-topstories","27":"tag-uutiset"},"share_on_mastodon":{"url":"https:\/\/pubeurope.com\/@fi\/115554988087828153","error":""},"_links":{"self":[{"href":"https:\/\/www.europesays.com\/fi\/wp-json\/wp\/v2\/posts\/90987","targetHints":{"allow":["GET"]}}],"collection":[{"href":"https:\/\/www.europesays.com\/fi\/wp-json\/wp\/v2\/posts"}],"about":[{"href":"https:\/\/www.europesays.com\/fi\/wp-json\/wp\/v2\/types\/post"}],"author":[{"embeddable":true,"href":"https:\/\/www.europesays.com\/fi\/wp-json\/wp\/v2\/users\/2"}],"replies":[{"embeddable":true,"href":"https:\/\/www.europesays.com\/fi\/wp-json\/wp\/v2\/comments?post=90987"}],"version-history":[{"count":0,"href":"https:\/\/www.europesays.com\/fi\/wp-json\/wp\/v2\/posts\/90987\/revisions"}],"wp:featuredmedia":[{"embeddable":true,"href":"https:\/\/www.europesays.com\/fi\/wp-json\/wp\/v2\/media\/90988"}],"wp:attachment":[{"href":"https:\/\/www.europesays.com\/fi\/wp-json\/wp\/v2\/media?parent=90987"}],"wp:term":[{"taxonomy":"category","embeddable":true,"href":"https:\/\/www.europesays.com\/fi\/wp-json\/wp\/v2\/categories?post=90987"},{"taxonomy":"post_tag","embeddable":true,"href":"https:\/\/www.europesays.com\/fi\/wp-json\/wp\/v2\/tags?post=90987"}],"curies":[{"name":"wp","href":"https:\/\/api.w.org\/{rel}","templated":true}]}}