{"id":90989,"date":"2025-11-15T17:52:11","date_gmt":"2025-11-15T17:52:11","guid":{"rendered":"https:\/\/www.europesays.com\/fi\/90989\/"},"modified":"2025-11-15T17:52:11","modified_gmt":"2025-11-15T17:52:11","slug":"karpat-hifk-palohalytys-ja-kaikki-ulos-hallista-2","status":"publish","type":"post","link":"https:\/\/www.europesays.com\/fi\/90989\/","title":{"rendered":"K\u00e4rp\u00e4t\u2013HIFK: Paloh\u00e4lytys ja kaikki ulos hallista"},"content":{"rendered":"<p>J\u00e4\u00e4kiekko|Palo saatiin sammutettua nopeasti.<\/p>\n<p class=\"article-body mb-nof-24 px-nof-16\">Oulussa Raksilan j\u00e4\u00e4hallissa p\u00e4r\u00e4hti soimaan paloh\u00e4lytys lauantaina juuri ennen K\u00e4rppien ja HIFK:n v\u00e4list\u00e4 ottelua, jonka piti k\u00e4ynnisty\u00e4 kello 17.<\/p>\n<p class=\"article-body mb-nof-24 px-nof-16\">Joukkueet poistuvat j\u00e4\u00e4lt\u00e4 paloh\u00e4lytyksen vuoksi. My\u00f6s yleis\u00f6\u00e4 pyydettiin poistumaan hallista.<\/p>\n<p class=\"article-body mb-nof-24 px-nof-16\">Pelaajat olivat odottivat kaukalossa ottelua edelt\u00e4vien juhlallisuuksien alkua. Tilaisuudessa oli tarkoitus juhlistaa K\u00e4rppien <a class=\"article-personlink\" href=\"https:\/\/www.hs.fi\/haku\/?query=Atte%20Ohtamaata\" rel=\"nofollow noopener\" target=\"_blank\">Atte Ohtamaata<\/a>, joka pelaa 600. ottelunsa SM-liigassa ja K\u00e4rpiss\u00e4.<\/p>\n<p class=\"article-body mb-nof-24 px-nof-16\">K\u00e4rp\u00e4t tiedotti ottelun aikana, ett\u00e4 hallissa oli pieni palon alku, joka johtui vieraskannattajien katsomossa sytytetyist\u00e4 soihduista. Tiedotteen mukaan palo saatiin nopeasti sammutettua.<\/p>\n<p class=\"article-body mb-nof-24 px-nof-16\">MTV:n tv-l\u00e4hetyksess\u00e4 HIFK:n fanikatsomossa n\u00e4kyi jonkinlainen kirkas valo, josta nousi savua.<\/p>\n<p class=\"article-body mb-nof-24 px-nof-16\">Ottelu p\u00e4\u00e4stiin aloittamaan noin 20 minuuttia sen j\u00e4lkeen, kun pelaajat poistuivat j\u00e4\u00e4lt\u00e4.<\/p>\n<p><img decoding=\"async\" src=\"https:\/\/www.europesays.com\/fi\/wp-content\/uploads\/2025\/11\/1763226013_310_468.jpg\" alt=\"\" class=\"_Img_1rerz_1\" style=\"aspect-ratio:1.7777777777777777\" loading=\"eager\"\/><img decoding=\"async\" src=\"https:\/\/www.europesays.com\/fi\/wp-content\/uploads\/2025\/11\/1763226015_224_468.jpg\" alt=\"\" class=\"_Img_1rerz_1\" style=\"aspect-ratio:1.7777777777777777\" loading=\"eager\"\/><\/p>\n","protected":false},"excerpt":{"rendered":"J\u00e4\u00e4kiekko|Palo saatiin sammutettua nopeasti. Oulussa Raksilan j\u00e4\u00e4hallissa p\u00e4r\u00e4hti soimaan paloh\u00e4lytys lauantaina juuri ennen K\u00e4rppien ja HIFK:n v\u00e4list\u00e4 ottelua,&hellip;\n","protected":false},"author":2,"featured_media":90990,"comment_status":"","ping_status":"","sticky":false,"template":"","format":"standard","meta":{"footnotes":""},"categories":[5],"tags":[22,23,26,27,33,31,30,17,46,24,25,28,29,15,18,21,32,19,20,16],"class_list":{"0":"post-90989","1":"post","2":"type-post","3":"status-publish","4":"format-standard","5":"has-post-thumbnail","7":"category-otsikot","8":"tag-breaking-news","9":"tag-breakingnews","10":"tag-featured-news","11":"tag-featurednews","12":"tag-fi","13":"tag-finland","14":"tag-finnish","15":"tag-headlines","16":"tag-helsingin-sanomat","17":"tag-latest-news","18":"tag-latestnews","19":"tag-main-news","20":"tag-mainnews","21":"tag-news","22":"tag-otsikot","23":"tag-paauutiset","24":"tag-suomi","25":"tag-top-stories","26":"tag-topstories","27":"tag-uutiset"},"share_on_mastodon":{"url":"https:\/\/pubeurope.com\/@fi\/115554991793176368","error":""},"_links":{"self":[{"href":"https:\/\/www.europesays.com\/fi\/wp-json\/wp\/v2\/posts\/90989","targetHints":{"allow":["GET"]}}],"collection":[{"href":"https:\/\/www.europesays.com\/fi\/wp-json\/wp\/v2\/posts"}],"about":[{"href":"https:\/\/www.europesays.com\/fi\/wp-json\/wp\/v2\/types\/post"}],"author":[{"embeddable":true,"href":"https:\/\/www.europesays.com\/fi\/wp-json\/wp\/v2\/users\/2"}],"replies":[{"embeddable":true,"href":"https:\/\/www.europesays.com\/fi\/wp-json\/wp\/v2\/comments?post=90989"}],"version-history":[{"count":0,"href":"https:\/\/www.europesays.com\/fi\/wp-json\/wp\/v2\/posts\/90989\/revisions"}],"wp:featuredmedia":[{"embeddable":true,"href":"https:\/\/www.europesays.com\/fi\/wp-json\/wp\/v2\/media\/90990"}],"wp:attachment":[{"href":"https:\/\/www.europesays.com\/fi\/wp-json\/wp\/v2\/media?parent=90989"}],"wp:term":[{"taxonomy":"category","embeddable":true,"href":"https:\/\/www.europesays.com\/fi\/wp-json\/wp\/v2\/categories?post=90989"},{"taxonomy":"post_tag","embeddable":true,"href":"https:\/\/www.europesays.com\/fi\/wp-json\/wp\/v2\/tags?post=90989"}],"curies":[{"name":"wp","href":"https:\/\/api.w.org\/{rel}","templated":true}]}}