{"id":90999,"date":"2025-11-15T18:16:08","date_gmt":"2025-11-15T18:16:08","guid":{"rendered":"https:\/\/www.europesays.com\/fi\/90999\/"},"modified":"2025-11-15T18:16:08","modified_gmt":"2025-11-15T18:16:08","slug":"ruoka-apua-saapui-viimein-laatikon-sisalto-oli-pettymys","status":"publish","type":"post","link":"https:\/\/www.europesays.com\/fi\/90999\/","title":{"rendered":"Ruoka-apua saapui viimein: Laatikon sis\u00e4lt\u00f6 oli pettymys"},"content":{"rendered":"<p>Gaza|Varastettua ruoka-apua myyd\u00e4\u00e4n toreilla hirmuhinnoilla.<\/p>\n<p class=\"article-body mb-nof-24 px-nof-16\">Nuseirah, Gaza \/ Helsinki<\/p>\n<p class=\"article-body mb-nof-24 px-nof-16\">Kipe\u00e4sti kaivatun ruoka-avun piti alkaa virrata Gazaan jo yli kuukausi sitten, kun tulitauko Israelin ja \u00e4\u00e4rij\u00e4rjest\u00f6 Hamasin v\u00e4lill\u00e4 astui voimaan 10. lokakuuta.<\/p>\n<p class=\"article-body mb-nof-24 px-nof-16\">Yhdysvaltain presidentin <a class=\"article-personlink\" href=\"https:\/\/www.hs.fi\/haku\/?query=Donald%20Trumpin\" rel=\"nofollow noopener\" target=\"_blank\">Donald Trumpin<\/a> esittelem\u00e4n rauhansuunnitelman mukaan avustusrekkoja oli tarkoitus saada Gazaan 600 p\u00e4iv\u00e4ss\u00e4. Tavoite ei ole ollut l\u00e4hell\u00e4k\u00e4\u00e4n toteutumista, eik\u00e4 rajan yli p\u00e4\u00e4sseidenk\u00e4\u00e4n rekkojen lastia ole saatu kattavasti avun tarvitsijoille.<\/p>\n","protected":false},"excerpt":{"rendered":"Gaza|Varastettua ruoka-apua myyd\u00e4\u00e4n toreilla hirmuhinnoilla. Nuseirah, Gaza \/ Helsinki Kipe\u00e4sti kaivatun ruoka-avun piti alkaa virrata Gazaan jo yli&hellip;\n","protected":false},"author":2,"featured_media":91000,"comment_status":"","ping_status":"","sticky":false,"template":"","format":"standard","meta":{"footnotes":""},"categories":[14],"tags":[22,23,26,27,33,31,30,17,46,24,25,28,29,15,18,21,32,19,20,56,16,59,60,61],"class_list":{"0":"post-90999","1":"post","2":"type-post","3":"status-publish","4":"format-standard","5":"has-post-thumbnail","7":"category-ulkomaat","8":"tag-breaking-news","9":"tag-breakingnews","10":"tag-featured-news","11":"tag-featurednews","12":"tag-fi","13":"tag-finland","14":"tag-finnish","15":"tag-headlines","16":"tag-helsingin-sanomat","17":"tag-latest-news","18":"tag-latestnews","19":"tag-main-news","20":"tag-mainnews","21":"tag-news","22":"tag-otsikot","23":"tag-paauutiset","24":"tag-suomi","25":"tag-top-stories","26":"tag-topstories","27":"tag-ulkomaat","28":"tag-uutiset","29":"tag-world","30":"tag-world-news","31":"tag-worldnews"},"share_on_mastodon":{"url":"https:\/\/pubeurope.com\/@fi\/115555086312545265","error":""},"_links":{"self":[{"href":"https:\/\/www.europesays.com\/fi\/wp-json\/wp\/v2\/posts\/90999","targetHints":{"allow":["GET"]}}],"collection":[{"href":"https:\/\/www.europesays.com\/fi\/wp-json\/wp\/v2\/posts"}],"about":[{"href":"https:\/\/www.europesays.com\/fi\/wp-json\/wp\/v2\/types\/post"}],"author":[{"embeddable":true,"href":"https:\/\/www.europesays.com\/fi\/wp-json\/wp\/v2\/users\/2"}],"replies":[{"embeddable":true,"href":"https:\/\/www.europesays.com\/fi\/wp-json\/wp\/v2\/comments?post=90999"}],"version-history":[{"count":0,"href":"https:\/\/www.europesays.com\/fi\/wp-json\/wp\/v2\/posts\/90999\/revisions"}],"wp:featuredmedia":[{"embeddable":true,"href":"https:\/\/www.europesays.com\/fi\/wp-json\/wp\/v2\/media\/91000"}],"wp:attachment":[{"href":"https:\/\/www.europesays.com\/fi\/wp-json\/wp\/v2\/media?parent=90999"}],"wp:term":[{"taxonomy":"category","embeddable":true,"href":"https:\/\/www.europesays.com\/fi\/wp-json\/wp\/v2\/categories?post=90999"},{"taxonomy":"post_tag","embeddable":true,"href":"https:\/\/www.europesays.com\/fi\/wp-json\/wp\/v2\/tags?post=90999"}],"curies":[{"name":"wp","href":"https:\/\/api.w.org\/{rel}","templated":true}]}}