{"id":91211,"date":"2025-11-16T01:13:11","date_gmt":"2025-11-16T01:13:11","guid":{"rendered":"https:\/\/www.europesays.com\/fi\/91211\/"},"modified":"2025-11-16T01:13:11","modified_gmt":"2025-11-16T01:13:11","slug":"mysteerihaju-on-piinannut-tanaan-oulussa-mutta-syy-ei-ole-selvinnyt-palomestari-yleisin-kuvaus-on-kissanpissa-pohjois-pohjanmaa","status":"publish","type":"post","link":"https:\/\/www.europesays.com\/fi\/91211\/","title":{"rendered":"Mysteerihaju on piinannut t\u00e4n\u00e4\u00e4n Oulussa, mutta syy ei ole selvinnyt \u2013 palomestari: \u201dYleisin kuvaus on kissanpissa\u201d | Pohjois-Pohjanmaa"},"content":{"rendered":"<p class=\"aw-1gybjub aw-5vja16 kEtdKx kmuxyA yle__article__paragraph\">Hajusta on tullut ilmoituksia pelastuslaitokselle laajalta alueelta. Syy pist\u00e4v\u00e4lle hajulle ei ole selvinnyt.<\/p>\n<p><img decoding=\"async\" alt=\"Stora Enson paperitehdas merelt\u00e4 p\u00e4in Oulussa.\" src=\"https:\/\/www.europesays.com\/fi\/wp-content\/uploads\/2025\/11\/39-6057855db953043004d.jpeg\" class=\"aw-1l9m598 hKVVvP\"\/><\/p>\n<p>Avaa kuvien katselu<\/p>\n<p>Stora Enson tehdas Nuottasaaren teollisuusalueella on perinteinen hajuhaittojen aiheuttaja Oulussa, mutta t\u00e4ll\u00e4 kertaa hajun ei uskota johtuvan siit\u00e4. Arkistokuva. Kuva: Risto Degerman \/ Yle<\/p>\n<p class=\"aw-1gybjub aw-1p7kakr kEtdKx cEmitX yle__article__paragraph\">Pelastuslaitos on t\u00e4n\u00e4\u00e4n selvitt\u00e4nyt erikoista hajua Oulussa.<\/p>\n<p class=\"aw-1gybjub aw-1p7kakr kEtdKx cEmitX yle__article__paragraph\">Asiasta uutisoi ensin sanomalehti <a class=\"aw-iao6s4 iHOxEa yle__article__link\" href=\"https:\/\/www.kaleva.fi\/oulua-yolla-ja-aamusta-piinannut-mysteerihaju-halv\/12400713\" role=\"link\" rel=\"nofollow noopener\" target=\"_blank\">Kaleva<\/a>.<\/p>\n<p class=\"aw-1gybjub aw-1p7kakr kEtdKx cEmitX yle__article__paragraph\">Hajua on kuvailtu ammoniakin, kissanpissan ja pist\u00e4v\u00e4n hajuiseksi.<\/p>\n<p class=\"aw-1gybjub aw-1p7kakr kEtdKx cEmitX yle__article__paragraph\">\u2013 Yleisin kuvaus on kissanpissa, kertoo Pohjois-Pohjanmaan pelastuslaitoksen p\u00e4ivyst\u00e4v\u00e4 palomestari <strong class=\"aw-ak79eh KyCXm yle__article__strong\">Mikko Heikkil\u00e4<\/strong>.<\/p>\n<p class=\"aw-1gybjub aw-1p7kakr kEtdKx cEmitX yle__article__paragraph\">Pelastuslaitos on selvitt\u00e4nyt hajun l\u00e4hdett\u00e4 koko lauantain, mutta syyt\u00e4 ei ole l\u00f6ytynyt. Hajusta on tullut ilmoituksia Oulusta sek\u00e4 kymmenien kilometrien p\u00e4\u00e4ss\u00e4 pohjoisempaa Haukiputaalta ja Iist\u00e4.<\/p>\n<p class=\"aw-1gybjub aw-1p7kakr kEtdKx cEmitX yle__article__paragraph\">\u2013 Haju on aika laajalla alueella ja omituisesti v\u00e4h\u00e4n siell\u00e4 t\u00e4\u00e4ll\u00e4, Heikkil\u00e4 kertoo.<\/p>\n<p class=\"aw-1gybjub aw-1p7kakr kEtdKx cEmitX yle__article__paragraph\">Pelastuslaitos on kysynyt hajusta my\u00f6s raide- ja laivaliikenteelt\u00e4, mutta sielt\u00e4k\u00e4\u00e4n ei osattu kertoa hajun mahdollista aiheuttajaa.<\/p>\n<p class=\"aw-1gybjub aw-1p7kakr kEtdKx cEmitX yle__article__paragraph\">\u2013 Liikkuva kohde voisi selitt\u00e4\u00e4 hajun, mutta sille ei ole l\u00f6ytynyt vahvistusta.<\/p>\n","protected":false},"excerpt":{"rendered":"Hajusta on tullut ilmoituksia pelastuslaitokselle laajalta alueelta. Syy pist\u00e4v\u00e4lle hajulle ei ole selvinnyt. Avaa kuvien katselu Stora Enson&hellip;\n","protected":false},"author":2,"featured_media":91212,"comment_status":"","ping_status":"","sticky":false,"template":"","format":"standard","meta":{"footnotes":""},"categories":[12],"tags":[22,23,26,27,33,31,30,14531,17,3619,71,24,25,28,29,15,18,952,21,728,32,19,20,16,447],"class_list":{"0":"post-91211","1":"post","2":"type-post","3":"status-publish","4":"format-standard","5":"has-post-thumbnail","7":"category-suomi","8":"tag-breaking-news","9":"tag-breakingnews","10":"tag-featured-news","11":"tag-featurednews","12":"tag-fi","13":"tag-finland","14":"tag-finnish","15":"tag-haukipudas","16":"tag-headlines","17":"tag-ii","18":"tag-kotimaa","19":"tag-latest-news","20":"tag-latestnews","21":"tag-main-news","22":"tag-mainnews","23":"tag-news","24":"tag-otsikot","25":"tag-oulu","26":"tag-paauutiset","27":"tag-pohjois-pohjanmaa","28":"tag-suomi","29":"tag-top-stories","30":"tag-topstories","31":"tag-uutiset","32":"tag-ymparisto"},"share_on_mastodon":{"url":"https:\/\/pubeurope.com\/@fi\/115556725935172213","error":""},"_links":{"self":[{"href":"https:\/\/www.europesays.com\/fi\/wp-json\/wp\/v2\/posts\/91211","targetHints":{"allow":["GET"]}}],"collection":[{"href":"https:\/\/www.europesays.com\/fi\/wp-json\/wp\/v2\/posts"}],"about":[{"href":"https:\/\/www.europesays.com\/fi\/wp-json\/wp\/v2\/types\/post"}],"author":[{"embeddable":true,"href":"https:\/\/www.europesays.com\/fi\/wp-json\/wp\/v2\/users\/2"}],"replies":[{"embeddable":true,"href":"https:\/\/www.europesays.com\/fi\/wp-json\/wp\/v2\/comments?post=91211"}],"version-history":[{"count":0,"href":"https:\/\/www.europesays.com\/fi\/wp-json\/wp\/v2\/posts\/91211\/revisions"}],"wp:featuredmedia":[{"embeddable":true,"href":"https:\/\/www.europesays.com\/fi\/wp-json\/wp\/v2\/media\/91212"}],"wp:attachment":[{"href":"https:\/\/www.europesays.com\/fi\/wp-json\/wp\/v2\/media?parent=91211"}],"wp:term":[{"taxonomy":"category","embeddable":true,"href":"https:\/\/www.europesays.com\/fi\/wp-json\/wp\/v2\/categories?post=91211"},{"taxonomy":"post_tag","embeddable":true,"href":"https:\/\/www.europesays.com\/fi\/wp-json\/wp\/v2\/tags?post=91211"}],"curies":[{"name":"wp","href":"https:\/\/api.w.org\/{rel}","templated":true}]}}