{"id":91217,"date":"2025-11-16T01:30:08","date_gmt":"2025-11-16T01:30:08","guid":{"rendered":"https:\/\/www.europesays.com\/fi\/91217\/"},"modified":"2025-11-16T01:30:08","modified_gmt":"2025-11-16T01:30:08","slug":"tata-et-osannut-odottaa-edesmenneen-death-kippari-chuck-schuldinerin-madonna-cover-loytyi-arkistojen-katkoista","status":"publish","type":"post","link":"https:\/\/www.europesays.com\/fi\/91217\/","title":{"rendered":"T\u00e4t\u00e4 et osannut odottaa \u2013 edesmenneen Death-kippari Chuck Schuldinerin Madonna-cover l\u00f6ytyi arkistojen k\u00e4tk\u00f6ist\u00e4"},"content":{"rendered":"<p>Florida death metalin kivijalkayhtyeisiin lukeutuvan <strong>Deathin<\/strong> perustajaj\u00e4senen, laulaja <strong>Chuck Schuldinerin<\/strong> kuolemasta tulee joulukuussa kuluneeksi 24 vuotta.<\/p>\n<p>Schuldiner menehtyi sy\u00f6p\u00e4\u00e4n 13.12.2001 vain 34-vuotiaana.<\/p>\n<p>Lue my\u00f6s: <a href=\"https:\/\/www.inferno.fi\/uutiset\/emme-todellakaan-istuneet-alas-ja-keksineet-jonkinlaista-nerokasta-suunnitelmaa-etta-yhdistamme-nyt-naita-metallin-osasia-ja-kutsumme-sotkua-death-metaliksi-suuri-teemajuttu-deat\/\" title=\"\u201dEmme todellakaan istuneet alas ja keksineet jonkinlaista nerokasta suunnitelmaa, ett\u00e4 yhdist\u00e4mme nyt n\u00e4it\u00e4 metallin osasia ja kutsumme sotkua death metaliksi\u201d \u2013 suuri teemajuttu Death-yhtyeest\u00e4 ja Chuck Schuldinerista\" class=\"underline-custom !font-montserrat !font-bold !underline-offset-4 !decoration-4 !decoration-red-600 !text-md\" rel=\"nofollow noopener\" target=\"_blank\">\u201dEmme todellakaan istuneet alas ja keksineet jonkinlaista nerokasta suunnitelmaa, ett\u00e4 yhdist\u00e4mme nyt n\u00e4it\u00e4 metallin osasia ja kutsumme sotkua death metaliksi\u201d \u2013 suuri teemajuttu Death-yhtyeest\u00e4 ja Chuck Schuldinerista<\/a><\/p>\n<p>Lue my\u00f6s: <a href=\"https:\/\/www.inferno.fi\/uutiset\/haluatko-omistaa-palan-death-metal-historiaa-chuck-schuldinerin-soittopeli-laitettiin-myyntiin\/\" title=\"Haluatko omistaa palan death metal -historiaa? Chuck Schuldinerin soittopeli laitettiin myyntiin\" class=\"underline-custom !font-montserrat !font-bold !underline-offset-4 !decoration-4 !decoration-red-600 !text-md\" rel=\"nofollow noopener\" target=\"_blank\">Haluatko omistaa palan death metal -historiaa? Chuck Schuldinerin soittopeli laitettiin myyntiin<\/a><\/p>\n<p>Nyt arkistojen k\u00e4tk\u00f6ist\u00e4 on putkahtanut yll\u00e4tt\u00e4v\u00e4 tuulahdus menneest\u00e4, nimitt\u00e4in kaiken kansan kuultavaksi on pompsahtanut Schuldinerin cover-versio <strong>Madonnan<\/strong> kappaleesta Frozen.<\/p>\n<p>Jutun lopusta l\u00f6ytyv\u00e4 \u00e4\u00e4nite on nauhoitettu vuonna 1998.<\/p>\n<p>Lue my\u00f6s: <a href=\"https:\/\/www.inferno.fi\/uutiset\/entiset-death-banditoverit-sanasodassa-rick-rozz-sanoo-kam-leeta-narsistiseksi-revisionistiksi-taman-chuck-schuldiner-kommenttien-vuoksi\/\" title=\"Entiset Death-b\u00e4nditoverit sanasodassa \u2013 Rick Rozz sanoo Kam Leet\u00e4 \u201dnarsistiseksi revisionistiksi\u201d t\u00e4m\u00e4n Chuck Schuldiner -kommenttien vuoksi\" class=\"underline-custom !font-montserrat !font-bold !underline-offset-4 !decoration-4 !decoration-red-600 !text-md\" rel=\"nofollow noopener\" target=\"_blank\">Entiset Death-b\u00e4nditoverit sanasodassa \u2013 Rick Rozz sanoo Kam Leet\u00e4 \u201dnarsistiseksi revisionistiksi\u201d t\u00e4m\u00e4n Chuck Schuldiner -kommenttien vuoksi<\/a><\/p>\n<p>Lue my\u00f6s: <a href=\"https:\/\/www.inferno.fi\/uutiset\/gruesome-nostaa-jalleen-hattua-chuck-schuldinerille-talla-kertaa-rehellisella-death-coverilla\/\" title=\"Gruesome nostaa j\u00e4lleen hattua Chuck Schuldinerille \u2013 t\u00e4ll\u00e4 kertaa rehellisell\u00e4 Death-coverilla\" class=\"underline-custom !font-montserrat !font-bold !underline-offset-4 !decoration-4 !decoration-red-600 !text-md\" rel=\"nofollow noopener\" target=\"_blank\">Gruesome nostaa j\u00e4lleen hattua Chuck Schuldinerille \u2013 t\u00e4ll\u00e4 kertaa rehellisell\u00e4 Death-coverilla<\/a><\/p>\n<p>Madonna julkaisi samana vuonna albuminsa Ray of Light, jolta Frozen alun perin l\u00f6ytyy. Kappale oli j\u00e4ttimenestys, ja se keikkui ilmestytty\u00e4\u00e4n lukuisten maiden listahittien k\u00e4rkikahinoissa nousten ykk\u00f6seksi muun muassa Suomessa.<\/p>\n<p><img loading=\"lazy\" decoding=\"async\" alt=\"YouTube video\" width=\"480\" height=\"360\" data-pin-nopin=\"true\" nopin=\"nopin\" class=\"perfmatters-lazy\" src=\"https:\/\/www.europesays.com\/fi\/wp-content\/uploads\/2025\/11\/1763256608_609_hqdefault.jpg\"\/><\/p>\n","protected":false},"excerpt":{"rendered":"Florida death metalin kivijalkayhtyeisiin lukeutuvan Deathin perustajaj\u00e4senen, laulaja Chuck Schuldinerin kuolemasta tulee joulukuussa kuluneeksi 24 vuotta. Schuldiner menehtyi&hellip;\n","protected":false},"author":2,"featured_media":91218,"comment_status":"","ping_status":"","sticky":false,"template":"","format":"standard","meta":{"footnotes":""},"categories":[132],"tags":[4275,137,33,31,30,195,47,32,109],"class_list":{"0":"post-91217","1":"post","2":"type-post","3":"status-publish","4":"format-standard","5":"has-post-thumbnail","7":"category-musiikki","8":"tag-coverbiisi","9":"tag-entertainment","10":"tag-fi","11":"tag-finland","12":"tag-finnish","13":"tag-music","14":"tag-musiikki","15":"tag-suomi","16":"tag-viihde"},"share_on_mastodon":{"url":"https:\/\/pubeurope.com\/@fi\/115556792742779050","error":""},"_links":{"self":[{"href":"https:\/\/www.europesays.com\/fi\/wp-json\/wp\/v2\/posts\/91217","targetHints":{"allow":["GET"]}}],"collection":[{"href":"https:\/\/www.europesays.com\/fi\/wp-json\/wp\/v2\/posts"}],"about":[{"href":"https:\/\/www.europesays.com\/fi\/wp-json\/wp\/v2\/types\/post"}],"author":[{"embeddable":true,"href":"https:\/\/www.europesays.com\/fi\/wp-json\/wp\/v2\/users\/2"}],"replies":[{"embeddable":true,"href":"https:\/\/www.europesays.com\/fi\/wp-json\/wp\/v2\/comments?post=91217"}],"version-history":[{"count":0,"href":"https:\/\/www.europesays.com\/fi\/wp-json\/wp\/v2\/posts\/91217\/revisions"}],"wp:featuredmedia":[{"embeddable":true,"href":"https:\/\/www.europesays.com\/fi\/wp-json\/wp\/v2\/media\/91218"}],"wp:attachment":[{"href":"https:\/\/www.europesays.com\/fi\/wp-json\/wp\/v2\/media?parent=91217"}],"wp:term":[{"taxonomy":"category","embeddable":true,"href":"https:\/\/www.europesays.com\/fi\/wp-json\/wp\/v2\/categories?post=91217"},{"taxonomy":"post_tag","embeddable":true,"href":"https:\/\/www.europesays.com\/fi\/wp-json\/wp\/v2\/tags?post=91217"}],"curies":[{"name":"wp","href":"https:\/\/api.w.org\/{rel}","templated":true}]}}