{"id":91225,"date":"2025-11-16T01:56:13","date_gmt":"2025-11-16T01:56:13","guid":{"rendered":"https:\/\/www.europesays.com\/fi\/91225\/"},"modified":"2025-11-16T01:56:13","modified_gmt":"2025-11-16T01:56:13","slug":"arvio-perturbatorin-varikirjo-on-haalistunut-age-of-aquarius-ei-tempaa-mukaansa","status":"publish","type":"post","link":"https:\/\/www.europesays.com\/fi\/91225\/","title":{"rendered":"Arvio: Perturbatorin v\u00e4rikirjo on haalistunut &#8211; Age of Aquarius ei tempaa mukaansa"},"content":{"rendered":"<p>Perturbatorin kuudennella albumilla vierailee upeasti biiseihin sopivia laulajia. Mukana ovat muun muassa Ulverin Kristoffer \u201dGarm\u201d Rygg ja Alcestin St\u00e9phane \u201dNeige\u201d Paut.<\/p>\n<p>Avausraita Apocalypse Now tun\u00adtuu utuisenl\u00e4mpim\u00e4\u00e4n veteen as\u00adtumiselta. Sit\u00e4 seuraava Lunacy on odottamani Perturbator-biili. Sen ratin takana istuu kyytiin k\u00e4skev\u00e4 meemikani, jolla ei todellakaan ole aikaa selitt\u00e4\u00e4. Pian kaahataankin jo tukka suorana kaupungin neonva\u00adlojen l\u00e4pi \u2013 tai ehk\u00e4 kurvailemme sittenkin teollisuusalueella, sill\u00e4 ote on varhaisten levyjen auringon\u00adlaskutunnelmia raskaampi ja verk\u00adkaisempi, industrialistisempi.<\/p>\n<p>Albumin nimibiisilt\u00e4 toivoin enemm\u00e4n, koska sill\u00e4 laulaa Neige ja rakastan vanhaa Alcestia. Kap\u00adpale kyll\u00e4 paranee loppua kohden, kun \u00e4\u00e4nt\u00e4 ryhdyt\u00e4\u00e4n avaamaan kunnolla, mutta valitettavasti lop\u00adputulos j\u00e4\u00e4 jotenkin vaillinaiseksi.<\/p>\n<p>Lunacyn lis\u00e4ksi The Art of War on kelpo rynkytyst\u00e4, mutta kokonai\u00adsuutena levy tuntuu v\u00e4h\u00e4n puu\u00adroiselta. Se ei tempaa mukaansa samalla tavalla kuin aktin alkup\u00e4\u00e4n tuotanto. Synthwaven v\u00e4rikirjo on pikkuhiljaa haalistunut ja kauhu\u00adleffakoukut korvautuneet toisen\u00adlaisella tunnelmoinnilla, josta en saa kiinni aivan samalla lailla. On kolkkoa, muttei tarpeeksi.<\/p>\n<p>Ik\u00e4v\u00e4 sanoa, mutta muutamaa v\u00e4l\u00e4hdyst\u00e4 lukuun ottamatta albu\u00admi j\u00e4\u00e4 keskinkertaiseksi.<\/p>\n","protected":false},"excerpt":{"rendered":"Perturbatorin kuudennella albumilla vierailee upeasti biiseihin sopivia laulajia. Mukana ovat muun muassa Ulverin Kristoffer \u201dGarm\u201d Rygg ja Alcestin&hellip;\n","protected":false},"author":2,"featured_media":91226,"comment_status":"","ping_status":"","sticky":false,"template":"","format":"standard","meta":{"footnotes":""},"categories":[132],"tags":[137,33,31,30,195,47,32,109],"class_list":{"0":"post-91225","1":"post","2":"type-post","3":"status-publish","4":"format-standard","5":"has-post-thumbnail","7":"category-musiikki","8":"tag-entertainment","9":"tag-fi","10":"tag-finland","11":"tag-finnish","12":"tag-music","13":"tag-musiikki","14":"tag-suomi","15":"tag-viihde"},"share_on_mastodon":{"url":"https:\/\/pubeurope.com\/@fi\/115556894842951950","error":""},"_links":{"self":[{"href":"https:\/\/www.europesays.com\/fi\/wp-json\/wp\/v2\/posts\/91225","targetHints":{"allow":["GET"]}}],"collection":[{"href":"https:\/\/www.europesays.com\/fi\/wp-json\/wp\/v2\/posts"}],"about":[{"href":"https:\/\/www.europesays.com\/fi\/wp-json\/wp\/v2\/types\/post"}],"author":[{"embeddable":true,"href":"https:\/\/www.europesays.com\/fi\/wp-json\/wp\/v2\/users\/2"}],"replies":[{"embeddable":true,"href":"https:\/\/www.europesays.com\/fi\/wp-json\/wp\/v2\/comments?post=91225"}],"version-history":[{"count":0,"href":"https:\/\/www.europesays.com\/fi\/wp-json\/wp\/v2\/posts\/91225\/revisions"}],"wp:featuredmedia":[{"embeddable":true,"href":"https:\/\/www.europesays.com\/fi\/wp-json\/wp\/v2\/media\/91226"}],"wp:attachment":[{"href":"https:\/\/www.europesays.com\/fi\/wp-json\/wp\/v2\/media?parent=91225"}],"wp:term":[{"taxonomy":"category","embeddable":true,"href":"https:\/\/www.europesays.com\/fi\/wp-json\/wp\/v2\/categories?post=91225"},{"taxonomy":"post_tag","embeddable":true,"href":"https:\/\/www.europesays.com\/fi\/wp-json\/wp\/v2\/tags?post=91225"}],"curies":[{"name":"wp","href":"https:\/\/api.w.org\/{rel}","templated":true}]}}