{"id":91227,"date":"2025-11-16T02:00:12","date_gmt":"2025-11-16T02:00:12","guid":{"rendered":"https:\/\/www.europesays.com\/fi\/91227\/"},"modified":"2025-11-16T02:00:12","modified_gmt":"2025-11-16T02:00:12","slug":"sanna-marin-valmistautuu-40-vuotissynttareilleen-en-malta-odottaa","status":"publish","type":"post","link":"https:\/\/www.europesays.com\/fi\/91227\/","title":{"rendered":"Sanna Marin valmistautuu 40-vuotissyntt\u00e4reilleen &#8211; &#8221;En malta odottaa&#8221;"},"content":{"rendered":"<p><strong>Sanna Marin muistutti maailmaa huomisista syntt\u00e4reist\u00e4\u00e4n.<\/strong><\/p>\n<p>Ex-p\u00e4\u00e4ministeri <strong>Sanna Marin<\/strong> t\u00e4ytt\u00e4\u00e4 huomenna sunnuntaina (16.11.) py\u00f6reit\u00e4 eli 40 vuotta. Lauantai-iltana Sanna sujautti Instagram-stooreihinsa muikean selfien, joka olisi voinut olla suoraan L\u2019Or\u00e9alin mainoksesta.<\/p>\n<p>\u2013 Still 39. Tomorrow 40. Can\u2019t wait!, Sanna kirjoitti kuvan yhteydess\u00e4, eli vapaasti suomennettuna \u201dViel\u00e4 39. Huomenna 40. En malta odottaa!\u201d.<\/p>\n<p>Sannan p\u00e4ivitys toimii muistutuksena koko maailmalle: \u201dHuomio kaikki, huomisen t\u00e4rkein kansallinen juhlap\u00e4iv\u00e4 olen min\u00e4.\u201d<\/p>\n<p>Kuvassa h\u00e4n hymyilee ja katsoo kameraan tummassa t-paidassa.<\/p>\n<p><img fetchpriority=\"high\" decoding=\"async\" width=\"800\" height=\"1191\" src=\"https:\/\/www.europesays.com\/fi\/wp-content\/uploads\/2025\/11\/sanna-marin-40-vuotta.jpg\" alt=\"\"  \/><\/p>\n<p>Instagram: @sannamarin<\/p>\n<p>Taustalla soi Queenin Bohemian Rhapsody, ja Marin vaikuttaa olevan valmiina juhlimaan nelikymppisi\u00e4\u00e4n rennosti ja hyv\u00e4ll\u00e4 fiiliksell\u00e4, ilman turhaa p\u00f6n\u00f6tyst\u00e4 tai poliittisia velvoitteita.<\/p>\n<p>Gekkonen veikkaa, ett\u00e4 Marin saattaa laittaa nelikymppisjuhlansa k\u00e4yntiin kalliolaisessa kuppilassa sellaisella energialla, ett\u00e4 kampaakulta <strong>Joni Willberg<\/strong> ja ex-puoliso <strong>Markus R\u00e4ikk\u00f6nen<\/strong> j\u00e4\u00e4v\u00e4t lattian reunalle haukkomaan happea ja miettim\u00e4\u00e4n, menik\u00f6 tuuli vai Sanna ohi.<\/p>\n<p><strong>Lue my\u00f6s:<\/strong> <a href=\"https:\/\/gekkonen.net\/is-sanna-marin-biletti-queer-klubilla-yhdessa-exansa-ja-kampaajakultansa-kanssa\/\" rel=\"nofollow noopener\" target=\"_blank\">IS: Sanna Marin biletti queer-klubilla yhdess\u00e4 ex\u00e4ns\u00e4 ja kampaajakultansa kanssa<\/a><\/p>\n<blockquote class=\"instagram-media\" data-instgrm-permalink=\"https:\/\/www.instagram.com\/p\/DDU41hAtW_n\/?utm_source=ig_embed&amp;utm_campaign=loading\" data-instgrm-version=\"14\" style=\" background:#FFF; border:0; border-radius:3px; box-shadow:0 0 1px 0 rgba(0,0,0,0.5),0 1px 10px 0 rgba(0,0,0,0.15); margin: 1px; max-width:540px; min-width:326px; padding:0; width:99.375%; width:-webkit-calc(100% - 2px); width:calc(100% - 2px);\"\/>\n<p><script async src=\"\/\/www.instagram.com\/embed.js\"><\/script><\/p>\n","protected":false},"excerpt":{"rendered":"Sanna Marin muistutti maailmaa huomisista syntt\u00e4reist\u00e4\u00e4n. Ex-p\u00e4\u00e4ministeri Sanna Marin t\u00e4ytt\u00e4\u00e4 huomenna sunnuntaina (16.11.) py\u00f6reit\u00e4 eli 40 vuotta. Lauantai-iltana&hellip;\n","protected":false},"author":2,"featured_media":91228,"comment_status":"","ping_status":"","sticky":false,"template":"","format":"standard","meta":{"footnotes":""},"categories":[130],"tags":[137,33,31,30,2799,32,410,109],"class_list":{"0":"post-91227","1":"post","2":"type-post","3":"status-publish","4":"format-standard","5":"has-post-thumbnail","7":"category-viihde","8":"tag-entertainment","9":"tag-fi","10":"tag-finland","11":"tag-finnish","12":"tag-sanna-marin","13":"tag-suomi","14":"tag-syntymapaiva","15":"tag-viihde"},"share_on_mastodon":{"url":"https:\/\/pubeurope.com\/@fi\/115556910690037546","error":""},"_links":{"self":[{"href":"https:\/\/www.europesays.com\/fi\/wp-json\/wp\/v2\/posts\/91227","targetHints":{"allow":["GET"]}}],"collection":[{"href":"https:\/\/www.europesays.com\/fi\/wp-json\/wp\/v2\/posts"}],"about":[{"href":"https:\/\/www.europesays.com\/fi\/wp-json\/wp\/v2\/types\/post"}],"author":[{"embeddable":true,"href":"https:\/\/www.europesays.com\/fi\/wp-json\/wp\/v2\/users\/2"}],"replies":[{"embeddable":true,"href":"https:\/\/www.europesays.com\/fi\/wp-json\/wp\/v2\/comments?post=91227"}],"version-history":[{"count":0,"href":"https:\/\/www.europesays.com\/fi\/wp-json\/wp\/v2\/posts\/91227\/revisions"}],"wp:featuredmedia":[{"embeddable":true,"href":"https:\/\/www.europesays.com\/fi\/wp-json\/wp\/v2\/media\/91228"}],"wp:attachment":[{"href":"https:\/\/www.europesays.com\/fi\/wp-json\/wp\/v2\/media?parent=91227"}],"wp:term":[{"taxonomy":"category","embeddable":true,"href":"https:\/\/www.europesays.com\/fi\/wp-json\/wp\/v2\/categories?post=91227"},{"taxonomy":"post_tag","embeddable":true,"href":"https:\/\/www.europesays.com\/fi\/wp-json\/wp\/v2\/tags?post=91227"}],"curies":[{"name":"wp","href":"https:\/\/api.w.org\/{rel}","templated":true}]}}