{"id":91243,"date":"2025-11-16T02:31:09","date_gmt":"2025-11-16T02:31:09","guid":{"rendered":"https:\/\/www.europesays.com\/fi\/91243\/"},"modified":"2025-11-16T02:31:09","modified_gmt":"2025-11-16T02:31:09","slug":"haju-kukaan-ei-tieda-mika-oulussa-haisee-hs-fi","status":"publish","type":"post","link":"https:\/\/www.europesays.com\/fi\/91243\/","title":{"rendered":"Haju | Kukaan ei tied\u00e4, mik\u00e4 Oulussa haisee &#8211; HS.fi"},"content":{"rendered":"<ol>\n<li><a href=\"https:\/\/news.google.com\/rss\/articles\/CBMiWkFVX3lxTE1IclpfRm54ekRHWHd3UjVDR09pSW1SY2J2bXF4N0RGbnlfcmhmRG44dTdQVXJXamxTRFB1RXZNa1p6azEyd3NndVFWT29UeE9WZTFuaGkzalBWdw?oc=5\" target=\"_blank\" rel=\"nofollow noopener\">Haju | Kukaan ei tied\u00e4, mik\u00e4 Oulussa haisee<\/a>&nbsp;&nbsp;HS.fi<\/li>\n<li><a href=\"https:\/\/news.google.com\/rss\/articles\/CBMiYkFVX3lxTFAwODlpNExrZDFNMm02RGdzUWRlYTRiYU1KTUJfNkI5MjZ4azgtMkZxcV9LV1JVM0x2SmJqZk40aGUzNk9pLWRBR2tDRHhDbW9JZ3ZQcVYzOVJENGx5QngzMnN3?oc=5\" target=\"_blank\" rel=\"nofollow noopener\">Hajumysteeri syvenee Oulussa \u2013 pelastuslaitos \u00e4im\u00e4n\u00e4: \u201dKaikki on selvitetty\u201d<\/a>&nbsp;&nbsp;Ilta-Sanomat<\/li>\n<li><a href=\"https:\/\/news.google.com\/rss\/articles\/CBMiiAFBVV95cUxQTzVVWlpJdk9QZ3RwbVMzV0V6TUR4bDVrSnpYMFRjWEFoMW1GWXRyVE1IRUROZ0tRVkxPRHVrNTQ4MnA5YklIbFlOYjIzaXMxWGF2azVNUUlnR3pPS1djWGU4LWd1a3VzdzJGM3lieUYxYTIxb3R2MFhkUE9Sbk5rVmUyYkppc3I3?oc=5\" target=\"_blank\" rel=\"nofollow noopener\">Oulua y\u00f6ll\u00e4 ja aamusta piinannut mysteerihaju h\u00e4lveni \u2013 Pelastuslaitoksen mukaan vaaraa ei ollut, p\u00e4\u00e4st\u00f6l\u00e4hteest\u00e4 ei viel\u00e4k\u00e4\u00e4n tietoa<\/a>&nbsp;&nbsp;Kaleva<\/li>\n<li><a href=\"https:\/\/news.google.com\/rss\/articles\/CBMiQkFVX3lxTE1vdmlkTjNUdWprUnJBY1VUTm12ZzFMbXJyMERTS3BKV1VHSGwwcnpEMlc5OV90b0poMHQybGJ5VmpvUQ?oc=5\" target=\"_blank\" rel=\"nofollow noopener\">Mysteerihaju on piinannut t\u00e4n\u00e4\u00e4n Oulussa, mutta syy ei ole selvinnyt \u2013 palomestari: \u201dYleisin kuvaus on kissanpissa\u201d<\/a>&nbsp;&nbsp;Yle<\/li>\n<li><a href=\"https:\/\/news.google.com\/rss\/articles\/CBMiVEFVX3lxTFB6NTN6eVhwUE1CS1NnbHJBc1dQakVXb0RaaHBsNUNoSkxidkUyRG9DVEgtV29iSV9lRFE2VDBLN3NlUm1lVmhKT2VkLUpaWldNajFIRg?oc=5\" target=\"_blank\" rel=\"nofollow noopener\">IS: Oulu haisee<\/a>&nbsp;&nbsp;Voice.fi<\/li>\n<\/ol>\n","protected":false},"excerpt":{"rendered":"Haju | Kukaan ei tied\u00e4, mik\u00e4 Oulussa haisee&nbsp;&nbsp;HS.fi Hajumysteeri syvenee Oulussa \u2013 pelastuslaitos \u00e4im\u00e4n\u00e4: \u201dKaikki on selvitetty\u201d&nbsp;&nbsp;Ilta-Sanomat Oulua&hellip;\n","protected":false},"author":2,"featured_media":79326,"comment_status":"","ping_status":"","sticky":false,"template":"","format":"standard","meta":{"footnotes":""},"categories":[12],"tags":[22,23,26,27,33,31,30,17,46,24,25,28,29,15,18,21,32,19,20,16],"class_list":{"0":"post-91243","1":"post","2":"type-post","3":"status-publish","4":"format-standard","5":"has-post-thumbnail","7":"category-suomi","8":"tag-breaking-news","9":"tag-breakingnews","10":"tag-featured-news","11":"tag-featurednews","12":"tag-fi","13":"tag-finland","14":"tag-finnish","15":"tag-headlines","16":"tag-helsingin-sanomat","17":"tag-latest-news","18":"tag-latestnews","19":"tag-main-news","20":"tag-mainnews","21":"tag-news","22":"tag-otsikot","23":"tag-paauutiset","24":"tag-suomi","25":"tag-top-stories","26":"tag-topstories","27":"tag-uutiset"},"share_on_mastodon":{"url":"https:\/\/pubeurope.com\/@fi\/115557032625570853","error":""},"_links":{"self":[{"href":"https:\/\/www.europesays.com\/fi\/wp-json\/wp\/v2\/posts\/91243","targetHints":{"allow":["GET"]}}],"collection":[{"href":"https:\/\/www.europesays.com\/fi\/wp-json\/wp\/v2\/posts"}],"about":[{"href":"https:\/\/www.europesays.com\/fi\/wp-json\/wp\/v2\/types\/post"}],"author":[{"embeddable":true,"href":"https:\/\/www.europesays.com\/fi\/wp-json\/wp\/v2\/users\/2"}],"replies":[{"embeddable":true,"href":"https:\/\/www.europesays.com\/fi\/wp-json\/wp\/v2\/comments?post=91243"}],"version-history":[{"count":0,"href":"https:\/\/www.europesays.com\/fi\/wp-json\/wp\/v2\/posts\/91243\/revisions"}],"wp:featuredmedia":[{"embeddable":true,"href":"https:\/\/www.europesays.com\/fi\/wp-json\/wp\/v2\/media\/79326"}],"wp:attachment":[{"href":"https:\/\/www.europesays.com\/fi\/wp-json\/wp\/v2\/media?parent=91243"}],"wp:term":[{"taxonomy":"category","embeddable":true,"href":"https:\/\/www.europesays.com\/fi\/wp-json\/wp\/v2\/categories?post=91243"},{"taxonomy":"post_tag","embeddable":true,"href":"https:\/\/www.europesays.com\/fi\/wp-json\/wp\/v2\/tags?post=91243"}],"curies":[{"name":"wp","href":"https:\/\/api.w.org\/{rel}","templated":true}]}}