{"id":91244,"date":"2025-11-16T02:32:11","date_gmt":"2025-11-16T02:32:11","guid":{"rendered":"https:\/\/www.europesays.com\/fi\/91244\/"},"modified":"2025-11-16T02:32:11","modified_gmt":"2025-11-16T02:32:11","slug":"otteluseuranta-katso-tasta-kalpa-jyp-ottelun-kuvat-ja-tilastot-urheilu","status":"publish","type":"post","link":"https:\/\/www.europesays.com\/fi\/91244\/","title":{"rendered":"Otteluseuranta | Katso t\u00e4st\u00e4 KalPa\u2013JYP-ottelun kuvat ja tilastot! | Urheilu"},"content":{"rendered":"<p>\t\t<a class=\"diks-gallery__link\" href=\"https:\/\/www.savonsanomat.fi\/incoming\/bemmip\/11151854_.jpg\/alternates\/FREE_1440\/11151854_.jpg\" data-thumbnail=\"https:\/\/www.savonsanomat.fi\/incoming\/bemmip\/11151854_.jpg\/alternates\/SQUARE_240\/11151854_.jpg\" data-sub-html=\"Ruuhkaa kuopiolaisten maalinedustalla ottelussa KalPa-JYP. Paula Pohjamo\" aria-label=\"Katso isompi kuva\" rel=\"nofollow noopener\" target=\"_blank\"><br \/>\n\t\t\t\t<img class=\"diks-figure__image\" src=\"https:\/\/www.europesays.com\/fi\/wp-content\/uploads\/2025\/11\/11151854_.jpg\" loading=\"lazy\" decoding=\"sync\" alt=\"\"\/><\/p>\n<p>\t\t\t<\/a><br \/>\n\t\t\t\t\tRuuhkaa kuopiolaisten maalinedustalla ottelussa KalPa-JYP. Paula Pohjamo<\/p>\n<p class=\"diks-article__lead\">T\u00e4st\u00e4 artikkelista voit katsoa KalPa\u2013JYP-ottelun tilannetiedot. Artikkeliin lis\u00e4ttiin pelin aikana my\u00f6s runsaasti kuvia ottelusta. Artikkelissa n\u00e4kyv\u00e4t lis\u00e4ksi joukkueiden kokoonpanot sek\u00e4 p\u00e4iv\u00e4n muiden kiekko-otteluiden tulokset. JYP siis vei pisteet luvuin 2\u20135 Kuopiosta lauantaina.<\/p>\n<p class=\"diks-byline__author\">Jerri Koskinen<\/p>\n<p>\n\t\tEilen 16:45<\/p>\n<p>\t\t\t\t\t\t\t\t\t| P\u00e4ivitetty eilen 19:38\n\t\t\t\t\t\t<\/p>\n<p>\t\t\tLataa sovelluksemme<\/p>\n<p>Helpoin tapa lukea tuoreimmat uutiset.<\/p>\n<p class=\"diks-title diks-title--size-s\">Mainos: Kuntokeskus Energy<\/p>\n<p>\t\t\t\t<img src=\"https:\/\/www.europesays.com\/fi\/wp-content\/uploads\/2025\/11\/UUSI_Energy_Kuopio_update.jpg\" class=\"diks-native-ad__image\"   loading=\"lazy\" decoding=\"sync\" alt=\"\"\/><\/p>\n<p class=\"diks-title diks-title--size-s\">Mainos: Kuntokeskus Energy<\/p>\n<p>\n\t\t10.11.2025 0:00<\/p>\n<p class=\"diks-title diks-title--size-s\">Mainos: Kuopion Energia<\/p>\n<p>\t\t\t\t<img src=\"https:\/\/www.europesays.com\/fi\/wp-content\/uploads\/2025\/11\/Jorma1.jpg\" class=\"diks-native-ad__image\"   loading=\"lazy\" decoding=\"sync\" alt=\"\"\/><\/p>\n<p class=\"diks-title diks-title--size-s\">Mainos: Kuopion Energia<\/p>\n<p>\n\t\t10.11.2025 0:00<\/p>\n","protected":false},"excerpt":{"rendered":"Ruuhkaa kuopiolaisten maalinedustalla ottelussa KalPa-JYP. Paula Pohjamo T\u00e4st\u00e4 artikkelista voit katsoa KalPa\u2013JYP-ottelun tilannetiedot. Artikkeliin lis\u00e4ttiin pelin aikana my\u00f6s&hellip;\n","protected":false},"author":2,"featured_media":91245,"comment_status":"","ping_status":"","sticky":false,"template":"","format":"standard","meta":{"footnotes":""},"categories":[5],"tags":[22,23,26,27,33,31,30,17,1143,5435,2935,1132,24,25,41,28,29,1146,15,18,21,32,19,20,16],"class_list":{"0":"post-91244","1":"post","2":"type-post","3":"status-publish","4":"format-standard","5":"has-post-thumbnail","7":"category-otsikot","8":"tag-breaking-news","9":"tag-breakingnews","10":"tag-featured-news","11":"tag-featurednews","12":"tag-fi","13":"tag-finland","14":"tag-finnish","15":"tag-headlines","16":"tag-jaakiekko","17":"tag-jaakiekon-miesten-sm-liiga","18":"tag-kalpa","19":"tag-kuopio","20":"tag-latest-news","21":"tag-latestnews","22":"tag-liikunta-ja-urheilu","23":"tag-main-news","24":"tag-mainnews","25":"tag-miesten-jaakiekko","26":"tag-news","27":"tag-otsikot","28":"tag-paauutiset","29":"tag-suomi","30":"tag-top-stories","31":"tag-topstories","32":"tag-uutiset"},"share_on_mastodon":{"url":"https:\/\/pubeurope.com\/@fi\/115557036531998384","error":""},"_links":{"self":[{"href":"https:\/\/www.europesays.com\/fi\/wp-json\/wp\/v2\/posts\/91244","targetHints":{"allow":["GET"]}}],"collection":[{"href":"https:\/\/www.europesays.com\/fi\/wp-json\/wp\/v2\/posts"}],"about":[{"href":"https:\/\/www.europesays.com\/fi\/wp-json\/wp\/v2\/types\/post"}],"author":[{"embeddable":true,"href":"https:\/\/www.europesays.com\/fi\/wp-json\/wp\/v2\/users\/2"}],"replies":[{"embeddable":true,"href":"https:\/\/www.europesays.com\/fi\/wp-json\/wp\/v2\/comments?post=91244"}],"version-history":[{"count":0,"href":"https:\/\/www.europesays.com\/fi\/wp-json\/wp\/v2\/posts\/91244\/revisions"}],"wp:featuredmedia":[{"embeddable":true,"href":"https:\/\/www.europesays.com\/fi\/wp-json\/wp\/v2\/media\/91245"}],"wp:attachment":[{"href":"https:\/\/www.europesays.com\/fi\/wp-json\/wp\/v2\/media?parent=91244"}],"wp:term":[{"taxonomy":"category","embeddable":true,"href":"https:\/\/www.europesays.com\/fi\/wp-json\/wp\/v2\/categories?post=91244"},{"taxonomy":"post_tag","embeddable":true,"href":"https:\/\/www.europesays.com\/fi\/wp-json\/wp\/v2\/tags?post=91244"}],"curies":[{"name":"wp","href":"https:\/\/api.w.org\/{rel}","templated":true}]}}