{"id":91252,"date":"2025-11-16T02:52:19","date_gmt":"2025-11-16T02:52:19","guid":{"rendered":"https:\/\/www.europesays.com\/fi\/91252\/"},"modified":"2025-11-16T02:52:19","modified_gmt":"2025-11-16T02:52:19","slug":"auri-kananen-jarkyttavissa-kivuissa-synnytyksen-jalkeen","status":"publish","type":"post","link":"https:\/\/www.europesays.com\/fi\/91252\/","title":{"rendered":"Auri Kananen j\u00e4rkytt\u00e4viss\u00e4 kivuissa synnytyksen j\u00e4lkeen"},"content":{"rendered":"<p>\n            20221101, Helsinki. Nen\u00e4p\u00e4iv\u00e4n startti ja Vuoden positiivisin suomalainen -julkistus. Kuvassa Auri Kananen.<br \/>\n            TIMO KORHONEN\n        <\/p>\n<p class=\"subtitle \">Auri on k\u00e4rsinyt j\u00e4rkytt\u00e4vist\u00e4 kivuista synnytyksen j\u00e4lkeen.<\/p>\n<p class=\"article-content article-content-width !bg-background\">Siivouskuningatar\u00a0sai esikoisensa 9. marraskuuta 79 tuntia kest\u00e4neen synnytyksen j\u00e4lkeen. Torstaina (13.11.) Auri, tuore is\u00e4\u00a0ja Dallaspulla-lempinimell\u00e4 esitelty vauva olivat jo kotiutuneet, kun Auri alkoi k\u00e4rsi\u00e4 kovista p\u00e4\u00e4ns\u00e4ryist\u00e4.<\/p>\n<p class=\"font-weight-bold m-font-weight-bold article-content article-content-width !bg-background\">Arkistovideo: Auri biletunnelmissa<\/p>\n<p class=\"article-content article-content-width !bg-background\">Kivut k\u00e4viv\u00e4t niin kovaksi, ett\u00e4 Auri ei kyennyt nukkumaan ja tuupertui lopulta lattialle. T\u00e4m\u00e4n j\u00e4lkeen h\u00e4net kuskattiin ambulanssilla p\u00e4ivystykseen.<\/p>\n<p class=\"article-content article-content-width !bg-background\">P\u00e4ivystyksest\u00e4 Auri p\u00e4\u00e4si kotiin vahvojen Tramal-kipul\u00e4\u00e4kkeid\u00e4n ja unentuloon auttavien rauhoittavien kanssa.<\/p>\n<p class=\"article-content article-content-width !bg-background\">Varmaa syyt\u00e4 kivulle ei kuitenkaan l\u00f6ytynyt. Synnytyksess\u00e4 Auri sai kaikkiaan kymmenen epiduraalia, mutta ei viel\u00e4 torstaina ep\u00e4illyt kivun olevan sen aiheuttamaa.<\/p>\n<p class=\"article-content article-content-width !bg-background\">\u2013\u00a0Monet veikkaa et olis epiduraalin j\u00e4lkeinen spinaalip\u00e4\u00e4ns\u00e4rky, mut siin\u00e4 oire menee toisinp\u00e4in: Makuultaan s\u00e4rky helpottaa ja seisten pahenee. Mulla taas makuultaan pahenee silmitt\u00f6m\u00e4sti,\u00a0Auri kertoi.<\/p>\n<p class=\"article-content article-content-width !bg-background\">Alhaisen hemoglobiinin h\u00e4n sen sijaan uskoi olevan mahdollinen syy kovaan kipuun.<\/p>\n<p class=\"article-content article-content-width !bg-background\">My\u00f6h\u00e4\u00e4n illalla Auri kertoi,ett\u00e4 h\u00e4nen \u00e4itins\u00e4 tuli avuksi hoitamaan &#8221;Dalluria&#8221;, ja h\u00e4n aikoi itse ottaa l\u00e4\u00e4kkeet ja toivoa niiden tehoavan.<\/p>\n<p>        <a itemprop=\"url\" href=\"https:\/\/www.seiska.fi\/terveys\/uutta-tietoa-auri-kanasen-tilanteesta\/1992719\" rel=\"nofollow noopener\" target=\"_blank\"><\/p>\n<p>\nAuri Kananen\n<\/p>\n<p class=\"section-date\">\n        <strong class=\"article-section\" data-section=\"terveys\"><br \/>\n            terveys<br \/>\n        <\/strong><br \/>\n        14.11. 08:02\n    <\/p>\n<p>Uutta tietoa Auri Kanasen tilanteesta\n    <\/p>\n<p itemprop=\"description\" class=\"subtitle \">\n    Syyt\u00e4 Aurin oireille ei viel\u00e4 t\u00e4ysin tiedet\u00e4.\n<\/p>\n<p>        <\/a><\/p>\n<p>Huolestuttava tilanne<\/p>\n<p class=\"article-content article-content-width !bg-background\">Auri palasi sosiaaliseen mediaan j\u00e4lleen perjantai-aamuna tilannep\u00e4ivityksen kanssa. H\u00e4n kertoo <a href=\"https:\/\/www.instagram.com\/stories\/aurikatariinasuomi\/3765528237435634818\/\" target=\"_blank\" rel=\"nofollow noopener\">Instagram-tarinoissaan<\/a>, ett\u00e4 Tramal auttoi, ja vei kivun pois l\u00e4hes kokonaan.<\/p>\n<p class=\"article-content article-content-width !bg-background\">\u2013\u00a0Tilanne kuitenkin paheni kerta kerralta kun her\u00e4sin imett\u00e4\u00e4n, huomasin et teho laskee ja kipu nousee,\u00a0Auri kertoo.<\/p>\n<p class=\"article-content article-content-width !bg-background\">Auri toteaa nukkuneensa pakastevihannespussit p\u00e4\u00e4n p\u00e4\u00e4ll\u00e4 helpottaakseen oloaan. Viimeisen kerran h\u00e4n her\u00e4si aikaisin aamuulla niin kovaan kipuun, ett\u00e4 se jo itketti.<\/p>\n<p class=\"article-content article-content-width !bg-background\">\u2013\u00a0Olo on kyll\u00e4 todella ep\u00e4toivoinen,\u00a0Auri summaa.<\/p>\n<p class=\"article-content article-content-width !bg-background\">\u2013\u00a0En ymm\u00e4rr\u00e4 mit\u00e4 t\u00e4\u00e4 on. Onneks nyt yks y\u00f6 nukuttu elo en oo en\u00e4\u00e4 niin sekasin, mut mua pelottaa ens y\u00f6.\u00a0<\/p>\n<p>        <a itemprop=\"url\" href=\"https:\/\/www.seiska.fi\/kotimaa\/is-yliannostus-vei-siivouskuningatar-auri-kanasen-teho-osastolle\/1672844\" rel=\"nofollow noopener\" target=\"_blank\"><\/p>\n<p>\nIS:\n<\/p>\n<p class=\"section-date\">\n        <strong class=\"article-section\" data-section=\"kotimaa\"><br \/>\n            kotimaa<br \/>\n        <\/strong><br \/>\n        12.4. 14:06\n    <\/p>\n<p>IS: Yliannostus vei siivouskuningatar Auri Kanasen teho-osastolle\n    <\/p>\n<p itemprop=\"description\" class=\"subtitle \">\n    Esikoistaan odottava Auri suhtautuu tulevaisuuteen toiveikkaasti. El\u00e4m\u00e4 ei kuitenkaan aina ole tuntunut yht\u00e4 auvoisalta.\n<\/p>\n<p>        <\/a><\/p>\n<p>Taas hoitoon<\/p>\n<p class=\"article-content article-content-width !bg-background\">Hieman my\u00f6hemmin Auri kertoo soittaneensa j\u00e4lleen p\u00e4ivystykseen ja suuntaavansa taas uuden kerran sairaalaan.<\/p>\n<p class=\"article-content article-content-width !bg-background\">\u2013\u00a0P\u00e4\u00e4tettiin et tehd\u00e4\u00e4n nyt se veripaikka = omaa verta ruiskutetaan epiduraalitilaan paikkaamaan selk\u00e4ydinnesteen vuotoa ja helpottamaan p\u00e4\u00e4ns\u00e4rky\u00e4,\u00a0h\u00e4n kertoo.<\/p>\n<p class=\"article-content article-content-width !bg-background\">Auri lis\u00e4si tarinoihin my\u00f6s tiedon, ettei anna t\u00e4ll\u00e4 hetkell\u00e4 haastatteluilta, mutta kiitt\u00e4\u00e4 seuraajiltaan saamastaan tuesta.<\/p>\n<p class=\"article-content article-content-width !bg-background\">\u2013\u00a0Ootte oikeesti ihan parhaita vaikken kaikille ehdi vastata,\u00a0Auri kiittelee.<\/p>\n<p>        <a itemprop=\"url\" href=\"https:\/\/www.seiska.fi\/kotimaa\/auri-kananen-pudotti-uutispommin\/1707267\" rel=\"nofollow noopener\" target=\"_blank\"><\/p>\n<p>\nAuri Kananen\n<\/p>\n<p class=\"section-date\">\n        <strong class=\"article-section\" data-section=\"kotimaa\"><br \/>\n            kotimaa<br \/>\n        <\/strong><br \/>\n        20.5. 09:33\n    <\/p>\n<p>Auri Kananen pudotti uutispommin\n    <\/p>\n<p itemprop=\"description\" class=\"subtitle \">\n    Auri Kanasen uuden ty\u00f6n palkka eroaa melkoisesti h\u00e4nen miljoonabisneksest\u00e4\u00e4n siivouksen parissa.\n<\/p>\n<p>        <\/a><\/p>\n<p><script async src=\"\/\/www.instagram.com\/embed.js\"><\/script><\/p>\n","protected":false},"excerpt":{"rendered":"20221101, Helsinki. Nen\u00e4p\u00e4iv\u00e4n startti ja Vuoden positiivisin suomalainen -julkistus. Kuvassa Auri Kananen. TIMO KORHONEN Auri on k\u00e4rsinyt j\u00e4rkytt\u00e4vist\u00e4&hellip;\n","protected":false},"author":2,"featured_media":91253,"comment_status":"","ping_status":"","sticky":false,"template":"","format":"standard","meta":{"footnotes":""},"categories":[130],"tags":[2444,137,33,31,30,98,32,167,1461,109],"class_list":{"0":"post-91252","1":"post","2":"type-post","3":"status-publish","4":"format-standard","5":"has-post-thumbnail","7":"category-viihde","8":"tag-auri-kananen","9":"tag-entertainment","10":"tag-fi","11":"tag-finland","12":"tag-finnish","13":"tag-perhe","14":"tag-suomi","15":"tag-terveys","16":"tag-vauva","17":"tag-viihde"},"share_on_mastodon":{"url":"https:\/\/pubeurope.com\/@fi\/115557115066919720","error":""},"_links":{"self":[{"href":"https:\/\/www.europesays.com\/fi\/wp-json\/wp\/v2\/posts\/91252","targetHints":{"allow":["GET"]}}],"collection":[{"href":"https:\/\/www.europesays.com\/fi\/wp-json\/wp\/v2\/posts"}],"about":[{"href":"https:\/\/www.europesays.com\/fi\/wp-json\/wp\/v2\/types\/post"}],"author":[{"embeddable":true,"href":"https:\/\/www.europesays.com\/fi\/wp-json\/wp\/v2\/users\/2"}],"replies":[{"embeddable":true,"href":"https:\/\/www.europesays.com\/fi\/wp-json\/wp\/v2\/comments?post=91252"}],"version-history":[{"count":0,"href":"https:\/\/www.europesays.com\/fi\/wp-json\/wp\/v2\/posts\/91252\/revisions"}],"wp:featuredmedia":[{"embeddable":true,"href":"https:\/\/www.europesays.com\/fi\/wp-json\/wp\/v2\/media\/91253"}],"wp:attachment":[{"href":"https:\/\/www.europesays.com\/fi\/wp-json\/wp\/v2\/media?parent=91252"}],"wp:term":[{"taxonomy":"category","embeddable":true,"href":"https:\/\/www.europesays.com\/fi\/wp-json\/wp\/v2\/categories?post=91252"},{"taxonomy":"post_tag","embeddable":true,"href":"https:\/\/www.europesays.com\/fi\/wp-json\/wp\/v2\/tags?post=91252"}],"curies":[{"name":"wp","href":"https:\/\/api.w.org\/{rel}","templated":true}]}}