{"id":91266,"date":"2025-11-16T03:23:13","date_gmt":"2025-11-16T03:23:13","guid":{"rendered":"https:\/\/www.europesays.com\/fi\/91266\/"},"modified":"2025-11-16T03:23:13","modified_gmt":"2025-11-16T03:23:13","slug":"luonnonsuojeluliiton-metsakartoittaja-tuuli-hakulinen-valvoo-metsayhtioiden-toimintaa-hakkuualueilla","status":"publish","type":"post","link":"https:\/\/www.europesays.com\/fi\/91266\/","title":{"rendered":"Luonnonsuojeluliiton mets\u00e4kartoittaja Tuuli Hakulinen valvoo mets\u00e4yhti\u00f6iden toimintaa hakkuualueilla"},"content":{"rendered":"<p>HS Jyv\u00e4skyl\u00e4ss\u00e4|Luonnonsuojeluliiton mets\u00e4kartoittaja kiert\u00e4\u00e4 hakkuualueita ymp\u00e4ri Suomea ja selvitt\u00e4\u00e4, noudatetaanko mets\u00e4sertifikaatin kriteerej\u00e4.<\/p>\n<p>15.11. 10:23<\/p>\n<p class=\"article-body mb-nof-24 px-nof-16\">Sumuinen aamu on tuskin valjennut, kun <a class=\"article-personlink\" href=\"https:\/\/www.hs.fi\/haku\/?query=Tuuli%20Hakulinen\" rel=\"nofollow noopener\" target=\"_blank\">Tuuli Hakulinen<\/a> kulkee pitkin hakkuuaukeaa ja tutkii maastoa: Tuossa on mets\u00e4sammalta, tuossa rahkasammalta. Tuossa monitoimikone on vajonnut m\u00e4rk\u00e4\u00e4n maahan.<\/p>\n<p class=\"article-body mb-nof-24 px-nof-16\">\u201dT\u00e4m\u00e4 on niin selke\u00e4\u00e4 suota, ett\u00e4 ihme, jos sit\u00e4 ei ole huomattu hakkuissa\u201d, kuuluu aukon keskelt\u00e4.<\/p>\n","protected":false},"excerpt":{"rendered":"HS Jyv\u00e4skyl\u00e4ss\u00e4|Luonnonsuojeluliiton mets\u00e4kartoittaja kiert\u00e4\u00e4 hakkuualueita ymp\u00e4ri Suomea ja selvitt\u00e4\u00e4, noudatetaanko mets\u00e4sertifikaatin kriteerej\u00e4. 15.11. 10:23 Sumuinen aamu on tuskin&hellip;\n","protected":false},"author":2,"featured_media":91267,"comment_status":"","ping_status":"","sticky":false,"template":"","format":"standard","meta":{"footnotes":""},"categories":[12],"tags":[22,23,26,27,33,31,30,17,46,24,25,28,29,15,18,21,32,19,20,16],"class_list":{"0":"post-91266","1":"post","2":"type-post","3":"status-publish","4":"format-standard","5":"has-post-thumbnail","7":"category-suomi","8":"tag-breaking-news","9":"tag-breakingnews","10":"tag-featured-news","11":"tag-featurednews","12":"tag-fi","13":"tag-finland","14":"tag-finnish","15":"tag-headlines","16":"tag-helsingin-sanomat","17":"tag-latest-news","18":"tag-latestnews","19":"tag-main-news","20":"tag-mainnews","21":"tag-news","22":"tag-otsikot","23":"tag-paauutiset","24":"tag-suomi","25":"tag-top-stories","26":"tag-topstories","27":"tag-uutiset"},"share_on_mastodon":{"url":"https:\/\/pubeurope.com\/@fi\/115557236940704755","error":""},"_links":{"self":[{"href":"https:\/\/www.europesays.com\/fi\/wp-json\/wp\/v2\/posts\/91266","targetHints":{"allow":["GET"]}}],"collection":[{"href":"https:\/\/www.europesays.com\/fi\/wp-json\/wp\/v2\/posts"}],"about":[{"href":"https:\/\/www.europesays.com\/fi\/wp-json\/wp\/v2\/types\/post"}],"author":[{"embeddable":true,"href":"https:\/\/www.europesays.com\/fi\/wp-json\/wp\/v2\/users\/2"}],"replies":[{"embeddable":true,"href":"https:\/\/www.europesays.com\/fi\/wp-json\/wp\/v2\/comments?post=91266"}],"version-history":[{"count":0,"href":"https:\/\/www.europesays.com\/fi\/wp-json\/wp\/v2\/posts\/91266\/revisions"}],"wp:featuredmedia":[{"embeddable":true,"href":"https:\/\/www.europesays.com\/fi\/wp-json\/wp\/v2\/media\/91267"}],"wp:attachment":[{"href":"https:\/\/www.europesays.com\/fi\/wp-json\/wp\/v2\/media?parent=91266"}],"wp:term":[{"taxonomy":"category","embeddable":true,"href":"https:\/\/www.europesays.com\/fi\/wp-json\/wp\/v2\/categories?post=91266"},{"taxonomy":"post_tag","embeddable":true,"href":"https:\/\/www.europesays.com\/fi\/wp-json\/wp\/v2\/tags?post=91266"}],"curies":[{"name":"wp","href":"https:\/\/api.w.org\/{rel}","templated":true}]}}