{"id":91278,"date":"2025-11-16T04:09:11","date_gmt":"2025-11-16T04:09:11","guid":{"rendered":"https:\/\/www.europesays.com\/fi\/91278\/"},"modified":"2025-11-16T04:09:11","modified_gmt":"2025-11-16T04:09:11","slug":"rosa-pohjolaisen-viikonloppu-jai-plussan-puolelle-pujotteli-levilla-28nneksi-ja-vihdoin-maailmancupin-pisteille-urheilu","status":"publish","type":"post","link":"https:\/\/www.europesays.com\/fi\/91278\/","title":{"rendered":"Rosa Pohjolaisen viikonloppu j\u00e4i plussan puolelle \u2013 pujotteli Levill\u00e4 28:nneksi ja vihdoin maailmancupin pisteille | Urheilu"},"content":{"rendered":"<p>Alppihiiht\u00e4j\u00e4 Rosa Pohjolainen hehkui helpotusta ja tyytyv\u00e4isyytt\u00e4 lauantaina naisten maailmancupin pujottelun j\u00e4lkeen. H\u00e4n sijoittui Kittil\u00e4n Levill\u00e4 28:nneksi ja sai kolme maailmancupin pistett\u00e4.<\/p>\n<p>\u2013\u2009Otin irti, mit\u00e4 oli otettavissa. Aikamoinen helpotus. Viikonloppu j\u00e4i plussan puolelle, Pohjolainen tuumi Ylen televisiohaastattelussa.<\/p>\n<p>Pohjolainen saalisti ensimm\u00e4iset maailmancupin pisteens\u00e4 Levill\u00e4 viisi vuotta sitten ja v\u00e4l\u00e4ytteli sen j\u00e4lkeen yksitt\u00e4isiss\u00e4 kilpailuissa. Tammikuussa 2022 h\u00e4n ylsi Schladmingissa per\u00e4ti 14:nneksi, mutta loukkaantumiset ovat my\u00f6hemmin pilanneet monta kautta.<\/p>\n<p>Suomalaisista Aada Kanto oli ensimm\u00e4isell\u00e4 kierroksella 58:s, Silja Koskinen 60:s ja Kia Suni 66:s, eik\u00e4 heill\u00e4 ollut asiaa toiselle kierrokselle. Veera Alaniska ja Riia Pallari keskeyttiv\u00e4t.<\/p>\n<p>Yhdysvaltojen supert\u00e4hti Mikaela Shiffrin voitti ylivoimaisesti. Albanian Lara Colturi oli toinen ja Saksan Emma Aicher kolmas.<\/p>\n<p>&#8211; &#8211; &#8211; &#8211; &#8211;<\/p>\n<p>Korjattu kello 17.12: Kolmanneksi tuli Saksan Emma Aicher (luki aiemmin Aichner).<\/p>\n","protected":false},"excerpt":{"rendered":"Alppihiiht\u00e4j\u00e4 Rosa Pohjolainen hehkui helpotusta ja tyytyv\u00e4isyytt\u00e4 lauantaina naisten maailmancupin pujottelun j\u00e4lkeen. H\u00e4n sijoittui Kittil\u00e4n Levill\u00e4 28:nneksi ja&hellip;\n","protected":false},"author":2,"featured_media":91279,"comment_status":"","ping_status":"","sticky":false,"template":"","format":"standard","meta":{"footnotes":""},"categories":[158],"tags":[2888,2110,33,31,30,2096,4355,923,2668,159,32,1145,160],"class_list":{"0":"post-91278","1":"post","2":"type-post","3":"status-publish","4":"format-standard","5":"has-post-thumbnail","7":"category-urheilu","8":"tag-alpit","9":"tag-elamantapa-ja-vapaa-aika","10":"tag-fi","11":"tag-finland","12":"tag-finnish","13":"tag-hiihtolajit","14":"tag-lapin-maakunta","15":"tag-matkustaminen","16":"tag-pohjoismaiset-hiihtolajit","17":"tag-sports","18":"tag-suomi","19":"tag-talviurheilu","20":"tag-urheilu"},"share_on_mastodon":{"url":"https:\/\/pubeurope.com\/@fi\/115557417940623864","error":""},"_links":{"self":[{"href":"https:\/\/www.europesays.com\/fi\/wp-json\/wp\/v2\/posts\/91278","targetHints":{"allow":["GET"]}}],"collection":[{"href":"https:\/\/www.europesays.com\/fi\/wp-json\/wp\/v2\/posts"}],"about":[{"href":"https:\/\/www.europesays.com\/fi\/wp-json\/wp\/v2\/types\/post"}],"author":[{"embeddable":true,"href":"https:\/\/www.europesays.com\/fi\/wp-json\/wp\/v2\/users\/2"}],"replies":[{"embeddable":true,"href":"https:\/\/www.europesays.com\/fi\/wp-json\/wp\/v2\/comments?post=91278"}],"version-history":[{"count":0,"href":"https:\/\/www.europesays.com\/fi\/wp-json\/wp\/v2\/posts\/91278\/revisions"}],"wp:featuredmedia":[{"embeddable":true,"href":"https:\/\/www.europesays.com\/fi\/wp-json\/wp\/v2\/media\/91279"}],"wp:attachment":[{"href":"https:\/\/www.europesays.com\/fi\/wp-json\/wp\/v2\/media?parent=91278"}],"wp:term":[{"taxonomy":"category","embeddable":true,"href":"https:\/\/www.europesays.com\/fi\/wp-json\/wp\/v2\/categories?post=91278"},{"taxonomy":"post_tag","embeddable":true,"href":"https:\/\/www.europesays.com\/fi\/wp-json\/wp\/v2\/tags?post=91278"}],"curies":[{"name":"wp","href":"https:\/\/api.w.org\/{rel}","templated":true}]}}