{"id":91287,"date":"2025-11-16T04:41:13","date_gmt":"2025-11-16T04:41:13","guid":{"rendered":"https:\/\/www.europesays.com\/fi\/91287\/"},"modified":"2025-11-16T04:41:13","modified_gmt":"2025-11-16T04:41:13","slug":"yllattava-tempaus-teboil-asemalla-ilta-sanomat","status":"publish","type":"post","link":"https:\/\/www.europesays.com\/fi\/91287\/","title":{"rendered":"Yll\u00e4tt\u00e4v\u00e4 tempaus Teboil-asemalla &#8211; Ilta-Sanomat"},"content":{"rendered":"<ol>\n<li><a href=\"https:\/\/news.google.com\/rss\/articles\/CBMiZEFVX3lxTE9OX1NOUmZBWHNuOG1Hb2ltYmxudzRTTnlPaUpveWhveEN4a21LN28wbnJHLTd0REhEdTVoWkJTTENzbE9UbXlnZ0VjVHB1ZGVNX01JUXN4TzBldDNGMHBzeGg1emY?oc=5\" target=\"_blank\" rel=\"nofollow noopener\">Yll\u00e4tt\u00e4v\u00e4 tempaus Teboil-asemalla<\/a>&nbsp;&nbsp;Ilta-Sanomat<\/li>\n<li><a href=\"https:\/\/news.google.com\/rss\/articles\/CBMicEFVX3lxTE8xN1lOVDJKaEJ5bklhV24zTlUtbjRfb2RqWThzVk41MmFVbEU0NkNwb2U1U1F6VkRWeXZvUkR2U3BZdHRDRXVjT2FJZGFleTBrQ19FMXhuaWlmWV9tdk9MRGtWT080RnVBblZaaVlFTTg?oc=5\" target=\"_blank\" rel=\"nofollow noopener\">Pakotteet | Porin Teboilin kauppiasperhe sanoo nyt suorat sanat<\/a>&nbsp;&nbsp;Satakunnan Kansa<\/li>\n<li><a href=\"https:\/\/news.google.com\/rss\/articles\/CBMifkFVX3lxTE1RUXAya2J0MnpjcU5zd25sdkloSlQyRDhjYkVkMkhhMk13UVFQZzZxTnAteVAzeDU1RHl1T3pWUmw1N3c2UThUbDc0SjdMMi1XdTRRTWFKSEVQb2k5U0MzeEJaYTlaMWJ0YkhGT2tQVzdHLVZaVUU2ZHdQVDF4UQ?oc=5\" target=\"_blank\" rel=\"nofollow noopener\">Nyt puhuu Teboil Kaustisen yritt\u00e4j\u00e4 Toni Peltoniemi: El\u00e4m\u00e4nty\u00f6 menee alta<\/a>&nbsp;&nbsp;Talousel\u00e4m\u00e4<\/li>\n<li><a href=\"https:\/\/news.google.com\/rss\/articles\/CBMiW0FVX3lxTFB4RmtiTUFiY20wOU5ua3lfZ21NYlpFTW8wWFJKVHFaUU1LTk1vZXJqLU44YldZdGxRdlVDTjM1SVN1eW9zRzd1bW45MDdEeXg3MDJqbjRNanRTbU0?oc=5\" target=\"_blank\" rel=\"nofollow noopener\">Teboilin kriisi | Moni Teboil saattaa siirty\u00e4 Seon \u201dleiriin\u201d<\/a>&nbsp;&nbsp;HS.fi<\/li>\n<li><a href=\"https:\/\/news.google.com\/rss\/articles\/CBMiaEFVX3lxTE8yUlE2RzUtVnd4VER0b3JhbjEwWmtsVGg4ZUluOThhd3ZJeE40VHJQMVlUeWc0X3JOcFFBeEtKS1F4NjFmRTRKSkxoLXVpcXNVX0FQQnRhV3VZdGVDVXJ6VFBRNjl2Uk55?oc=5\" target=\"_blank\" rel=\"nofollow noopener\">Yl\u00f6j\u00e4rven Teboilin yritt\u00e4j\u00e4 lataa nyt suorat sanat<\/a>&nbsp;&nbsp;Aamulehti<\/li>\n<\/ol>\n","protected":false},"excerpt":{"rendered":"Yll\u00e4tt\u00e4v\u00e4 tempaus Teboil-asemalla&nbsp;&nbsp;Ilta-Sanomat Pakotteet | Porin Teboilin kauppiasperhe sanoo nyt suorat sanat&nbsp;&nbsp;Satakunnan Kansa Nyt puhuu Teboil Kaustisen yritt\u00e4j\u00e4&hellip;\n","protected":false},"author":2,"featured_media":91288,"comment_status":"","ping_status":"","sticky":false,"template":"","format":"standard","meta":{"footnotes":""},"categories":[12],"tags":[22,23,26,27,33,31,30,17,34,24,25,28,29,15,18,21,32,19,20,16],"class_list":{"0":"post-91287","1":"post","2":"type-post","3":"status-publish","4":"format-standard","5":"has-post-thumbnail","7":"category-suomi","8":"tag-breaking-news","9":"tag-breakingnews","10":"tag-featured-news","11":"tag-featurednews","12":"tag-fi","13":"tag-finland","14":"tag-finnish","15":"tag-headlines","16":"tag-ilta-sanomat","17":"tag-latest-news","18":"tag-latestnews","19":"tag-main-news","20":"tag-mainnews","21":"tag-news","22":"tag-otsikot","23":"tag-paauutiset","24":"tag-suomi","25":"tag-top-stories","26":"tag-topstories","27":"tag-uutiset"},"share_on_mastodon":{"url":"https:\/\/pubeurope.com\/@fi\/115557543662499674","error":""},"_links":{"self":[{"href":"https:\/\/www.europesays.com\/fi\/wp-json\/wp\/v2\/posts\/91287","targetHints":{"allow":["GET"]}}],"collection":[{"href":"https:\/\/www.europesays.com\/fi\/wp-json\/wp\/v2\/posts"}],"about":[{"href":"https:\/\/www.europesays.com\/fi\/wp-json\/wp\/v2\/types\/post"}],"author":[{"embeddable":true,"href":"https:\/\/www.europesays.com\/fi\/wp-json\/wp\/v2\/users\/2"}],"replies":[{"embeddable":true,"href":"https:\/\/www.europesays.com\/fi\/wp-json\/wp\/v2\/comments?post=91287"}],"version-history":[{"count":0,"href":"https:\/\/www.europesays.com\/fi\/wp-json\/wp\/v2\/posts\/91287\/revisions"}],"wp:featuredmedia":[{"embeddable":true,"href":"https:\/\/www.europesays.com\/fi\/wp-json\/wp\/v2\/media\/91288"}],"wp:attachment":[{"href":"https:\/\/www.europesays.com\/fi\/wp-json\/wp\/v2\/media?parent=91287"}],"wp:term":[{"taxonomy":"category","embeddable":true,"href":"https:\/\/www.europesays.com\/fi\/wp-json\/wp\/v2\/categories?post=91287"},{"taxonomy":"post_tag","embeddable":true,"href":"https:\/\/www.europesays.com\/fi\/wp-json\/wp\/v2\/tags?post=91287"}],"curies":[{"name":"wp","href":"https:\/\/api.w.org\/{rel}","templated":true}]}}