{"id":91294,"date":"2025-11-16T04:59:08","date_gmt":"2025-11-16T04:59:08","guid":{"rendered":"https:\/\/www.europesays.com\/fi\/91294\/"},"modified":"2025-11-16T04:59:08","modified_gmt":"2025-11-16T04:59:08","slug":"illalla-tvssa-toimintaleffa-tarjoaa-huippuviihdetta-paaosan-esittaja-huitaisi-kuvauksissa-vastanayttelijan-tajuttomaksi","status":"publish","type":"post","link":"https:\/\/www.europesays.com\/fi\/91294\/","title":{"rendered":"Illalla tv:ss\u00e4: Toimintaleffa tarjoaa huippuviihdett\u00e4 \u2013 p\u00e4\u00e4osan esitt\u00e4j\u00e4 huitaisi kuvauksissa vastan\u00e4yttelij\u00e4n tajuttomaksi"},"content":{"rendered":"<p>T\u00e4n\u00e4\u00e4n voi katsella televisiosta elokuvan Medusan isku (2004). Se tarjoilee moitteetonta laatutoimintaa.<\/p>\n<p>Jason Bourne (<strong>Matt Damon<\/strong>) yritt\u00e4\u00e4 el\u00e4\u00e4 rauhassa ja poissa valokeilasta, mutta joutuu j\u00e4lleen keskelle vaarallista peli\u00e4, kun h\u00e4net lavastetaan kahden CIA-agentin surmaajaksi. Samaan aikaan tuntematon taho yritt\u00e4\u00e4 tappaa h\u00e4net, mik\u00e4 k\u00e4ynnist\u00e4\u00e4 kiivaan takaa-ajon ja taistelun totuuden selvitt\u00e4miseksi.<\/p>\n<p>Ohjauksesta vastaa <strong>Paul Greengrass<\/strong>. N\u00e4yttelij\u00f6in\u00e4 n\u00e4hd\u00e4\u00e4n Damonin lis\u00e4ksi <strong>Brian Cox<\/strong>, <strong>Joan Allen<\/strong>, <strong>Julia Stiles<\/strong>, <strong>Karl Urban<\/strong> ja <strong>Matt Damon.<\/strong><\/p>\n<p>Lue my\u00f6s: <a href=\"https:\/\/www.episodi.fi\/uutiset\/christopher-nolan-kertoi-250-miljoonan-eepoksestaan-nain-monta-kilometria-imax-filmia-kului-odysseiaan\/\" title=\"Christopher Nolan kertoi 250 miljoonan eepoksestaan \u2013 N\u00e4in monta kilometri\u00e4 IMAX-filmi\u00e4 kului Odysseiaan\" class=\"underline-custom !font-montserrat !font-bold !underline-offset-4 !decoration-4 !decoration-episodi-blue !text-md\" rel=\"nofollow noopener\" target=\"_blank\">Christopher Nolan kertoi 250 miljoonan eepoksestaan \u2013 N\u00e4in monta kilometri\u00e4 IMAX-filmi\u00e4 kului Odysseiaan<\/a><\/p>\n<p><img loading=\"lazy\" height=\"520\" width=\"800\" class=\"wp-image-69060 sp-no-webp perfmatters-lazy\" alt=\"\" decoding=\"async\" src=\"https:\/\/www.europesays.com\/fi\/wp-content\/uploads\/2025\/11\/matt_damon_medusan_isku.jpg\"  data-\/> <\/p>\n<p>Greengrass k\u00e4ytti l\u00e4hinn\u00e4 k\u00e4sivarakameroita ja hillittyj\u00e4 v\u00e4rej\u00e4 antaakseen elokuvalle karun, dokumentaarisen ilmeen. Greengrass huolehti my\u00f6s siit\u00e4, ett\u00e4 tietokonegrafiikkaa v\u00e4ltettiin kaikin keinoin.<\/p>\n<p>Kuvauksissa sattui pieni tapaturma, sill\u00e4 Damon iski kuvauksissa vahingossa <strong>Tim Griffinin<\/strong> tajuttomaksi. H\u00e4n n\u00e4yttelee elokuvassa CIA-kuulustelija John Nevinsi\u00e4.<\/p>\n<p>Medusan isku sai my\u00f6nteisi\u00e4 arvosteluja, ja se oli my\u00f6s kaupallinen menestys. Elokuva on my\u00f6s Prime Videossa ja SkyShowtimessa. Alla traileri.<\/p>\n<p>Tulevat l\u00e4hetykset:<\/p>\n<ul class=\"wp-block-list\">\n<li>Su 16.11.2025 klo 21.00, MTV Sub<\/li>\n<li>Pe 21.11.2025 klo 22.50 \u00b7 MTV Sub<\/li>\n<\/ul>\n<p>Lue my\u00f6s: <a href=\"https:\/\/www.episodi.fi\/uutiset\/haluatko-nahda-matt-damonin-ritarivarusteissa-ensimmainen-virallinen-kuva-christopher-nolanin-the-odysseysta-julki\/\" title=\"Haluatko n\u00e4hd\u00e4 Matt Damonin soturivarusteissa? \u2013 Ensimm\u00e4inen virallinen kuva Christopher Nolanin The Odysseysta julki\" class=\"underline-custom !font-montserrat !font-bold !underline-offset-4 !decoration-4 !decoration-episodi-blue !text-md\" rel=\"nofollow noopener\" target=\"_blank\">Haluatko n\u00e4hd\u00e4 Matt Damonin soturivarusteissa? \u2013 Ensimm\u00e4inen virallinen kuva Christopher Nolanin The Odysseysta julki<\/a><\/p>\n<p>Lue my\u00f6s: <a href=\"https:\/\/www.episodi.fi\/uutiset\/nyt-netflixissa-ehka-kaikkien-aikojen-paras-sotaelokuva-julma-yksityiskohta-meni-katsojilta-ohi\/\" title=\"Nyt Netflixiss\u00e4: Ehk\u00e4 kaikkien aikojen paras sotaelokuva \u2013 julma yksityiskohta meni katsojilta ohi\" class=\"underline-custom !font-montserrat !font-bold !underline-offset-4 !decoration-4 !decoration-episodi-blue !text-md\" rel=\"nofollow noopener\" target=\"_blank\">Nyt Netflixiss\u00e4: Ehk\u00e4 kaikkien aikojen paras sotaelokuva \u2013 julma yksityiskohta meni katsojilta ohi<\/a><\/p>\n<p>Lue my\u00f6s: <a href=\"https:\/\/www.episodi.fi\/uutiset\/nyt-netflixissa-ihmeellisia-otuksia-ryan-reynoldsin-kera-mukana-myos-konttori-tahtia\/\" title=\"Nyt Netflixiss\u00e4: Ihmeellisi\u00e4 otuksia Ryan Reynoldsin kera \u2013 mukana my\u00f6s Konttori-t\u00e4hti\u00e4\" class=\"underline-custom !font-montserrat !font-bold !underline-offset-4 !decoration-4 !decoration-episodi-blue !text-md\" rel=\"nofollow noopener\" target=\"_blank\">Nyt Netflixiss\u00e4: Ihmeellisi\u00e4 otuksia Ryan Reynoldsin kera \u2013 mukana my\u00f6s Konttori-t\u00e4hti\u00e4<\/a><\/p>\n<p><img loading=\"lazy\" decoding=\"async\" alt=\"YouTube video\" width=\"480\" height=\"360\" data-pin-nopin=\"true\" nopin=\"nopin\" class=\"perfmatters-lazy\" src=\"https:\/\/www.europesays.com\/fi\/wp-content\/uploads\/2025\/11\/1763269148_389_hqdefault.jpg\"\/><\/p>\n<p>L\u00e4hde: <a href=\"https:\/\/www.imdb.com\/title\/tt0372183\/\" target=\"_blank\" rel=\"noreferrer noopener nofollow\">IMDb<\/a><\/p>\n<p>Lue my\u00f6s: <a href=\"https:\/\/www.episodi.fi\/uutiskirje\/?uutiskirjemainos=tekstilinkkimainos\" title=\"Tilaa Episodin uutiskirje ja voit voittaa leffalippuja! Nappaa tv-vinkit suoraan s\u00e4hk\u00f6postiin t\u00e4st\u00e4.\" class=\"underline-custom !font-montserrat !font-bold !underline-offset-4 !decoration-4 !decoration-episodi-blue !text-md\" rel=\"nofollow noopener\" target=\"_blank\">Tilaa Episodin uutiskirje ja voit voittaa leffalippuja! Nappaa katseluvinkit suoraan s\u00e4hk\u00f6postiin t\u00e4st\u00e4.<\/a><\/p>\n","protected":false},"excerpt":{"rendered":"T\u00e4n\u00e4\u00e4n voi katsella televisiosta elokuvan Medusan isku (2004). Se tarjoilee moitteetonta laatutoimintaa. Jason Bourne (Matt Damon) yritt\u00e4\u00e4 el\u00e4\u00e4&hellip;\n","protected":false},"author":2,"featured_media":91295,"comment_status":"","ping_status":"","sticky":false,"template":"","format":"standard","meta":{"footnotes":""},"categories":[131],"tags":[155,137,33,173,31,30,172,32,139,109],"class_list":{"0":"post-91294","1":"post","2":"type-post","3":"status-publish","4":"format-standard","5":"has-post-thumbnail","7":"category-elokuvat","8":"tag-elokuvat","9":"tag-entertainment","10":"tag-fi","11":"tag-film","12":"tag-finland","13":"tag-finnish","14":"tag-movies","15":"tag-suomi","16":"tag-tv-ohjelmat","17":"tag-viihde"},"share_on_mastodon":{"url":"https:\/\/pubeurope.com\/@fi\/115557614520816816","error":""},"_links":{"self":[{"href":"https:\/\/www.europesays.com\/fi\/wp-json\/wp\/v2\/posts\/91294","targetHints":{"allow":["GET"]}}],"collection":[{"href":"https:\/\/www.europesays.com\/fi\/wp-json\/wp\/v2\/posts"}],"about":[{"href":"https:\/\/www.europesays.com\/fi\/wp-json\/wp\/v2\/types\/post"}],"author":[{"embeddable":true,"href":"https:\/\/www.europesays.com\/fi\/wp-json\/wp\/v2\/users\/2"}],"replies":[{"embeddable":true,"href":"https:\/\/www.europesays.com\/fi\/wp-json\/wp\/v2\/comments?post=91294"}],"version-history":[{"count":0,"href":"https:\/\/www.europesays.com\/fi\/wp-json\/wp\/v2\/posts\/91294\/revisions"}],"wp:featuredmedia":[{"embeddable":true,"href":"https:\/\/www.europesays.com\/fi\/wp-json\/wp\/v2\/media\/91295"}],"wp:attachment":[{"href":"https:\/\/www.europesays.com\/fi\/wp-json\/wp\/v2\/media?parent=91294"}],"wp:term":[{"taxonomy":"category","embeddable":true,"href":"https:\/\/www.europesays.com\/fi\/wp-json\/wp\/v2\/categories?post=91294"},{"taxonomy":"post_tag","embeddable":true,"href":"https:\/\/www.europesays.com\/fi\/wp-json\/wp\/v2\/tags?post=91294"}],"curies":[{"name":"wp","href":"https:\/\/api.w.org\/{rel}","templated":true}]}}