{"id":91312,"date":"2025-11-16T05:28:15","date_gmt":"2025-11-16T05:28:15","guid":{"rendered":"https:\/\/www.europesays.com\/fi\/91312\/"},"modified":"2025-11-16T05:28:15","modified_gmt":"2025-11-16T05:28:15","slug":"petri-poikolainen-sairastui-aggressiiviseen-ms-tautiin-kolmekymppisena-nain-hanella-menee-nyt","status":"publish","type":"post","link":"https:\/\/www.europesays.com\/fi\/91312\/","title":{"rendered":"Petri Poikolainen sairastui aggressiiviseen MS-tautiin kolmekymppisen\u00e4 \u2013 n\u00e4in h\u00e4nell\u00e4 menee nyt"},"content":{"rendered":"<p>K\u00e4det toimivat yh\u00e4. Seuraavaksi pit\u00e4isi nousta 60 kiloa penkist\u00e4.<\/p>\n<p>Lue tiivistelm\u00e4<\/p>\n<p>Tiivistelm\u00e4 on teko\u00e4lyn tekem\u00e4 ja ihmisen tarkistama.<\/p>\n<p class=\"article-body mb-nof-24 px-nof-16 sndp-summary-bullet-point-font\">Jussi-palkittu n\u00e4yttelij\u00e4 Petri Poikolainen, 50, ei anna MS-taudin lannistaa el\u00e4m\u00e4niloaan.<\/p>\n<p class=\"article-body mb-nof-24 px-nof-16 sndp-summary-bullet-point-font\">Poikolainen sai diagnoosin 2009, menetti n\u00e4k\u00f6kykyns\u00e4 ja on py\u00f6r\u00e4tuolissa, mutta nauttii el\u00e4m\u00e4st\u00e4 musiikin, kirjallisuuden ja yst\u00e4vien kautta.<\/p>\n<p class=\"article-body mb-nof-24 px-nof-16 sndp-summary-bullet-point-font\">H\u00e4n k\u00e4y s\u00e4\u00e4nn\u00f6llisesti fysioterapiassa ja tavoittelee 60 kilon penkkipunnerrusta sek\u00e4 kahden kilon kuhan saamista.<\/p>\n<p class=\"article-body mb-nof-24 px-nof-16 sndp-summary-bullet-point-font\">Vuonna 2021 ensi-iltansa saaneesta elokuvasta Sokea mies, joka ei halunnut n\u00e4hd\u00e4 Titanicia tuli Poikolaisen kansainv\u00e4linen l\u00e4pimurto. Se sai palkintoja lukuisilta festivaaleilta.<\/p>\n<p class=\"article-body mb-nof-24 px-nof-16\">V\u00e4\u00e4j\u00e4\u00e4m\u00e4t\u00f6n l\u00e4hestyy. Kes\u00e4kuussa 50 vuotta t\u00e4ytt\u00e4nyt <a class=\"article-personlink\" href=\"https:\/\/www.is.fi\/haku\/?query=Petri%20Poikolainen\" rel=\"nofollow noopener\" target=\"_blank\">Petri Poikolainen<\/a> tiet\u00e4\u00e4 sen varmasti tuskallisen hyvin.<\/p>\n<p class=\"article-body mb-nof-24 px-nof-16\">Poikolainen sairastaa multippeliskleroosia eli MS-tautia, kroonista autoimmuunisairautta. H\u00e4nen kohdalleen tauti osui aggressiivisessa muodossaan.<\/p>\n<p class=\"article-body mb-nof-24 px-nof-16\">Diagnoosin Poikolainen sai 2009. Nelj\u00e4 vuotta my\u00f6hemmin normaali el\u00e4m\u00e4 oli jo ohi. N\u00e4k\u00f6kyky oli mennyt, ja liikkuminen onnistui vain py\u00f6r\u00e4tuolin avulla.<\/p>\n<p class=\"article-body mb-nof-24 px-nof-16\">Parisuhdekin meni. Kumppaniksi j\u00e4i keskushermostoa j\u00e4yt\u00e4v\u00e4 tauti.<\/p>\n<p class=\"article-body mb-nof-24 px-nof-16\">Jokainen vuosi on edellist\u00e4 huonompi, mutta Poikolainen ei anna hevin periksi.<\/p>\n<p class=\"article-body mb-nof-24 px-nof-16\">El\u00e4m\u00e4st\u00e4 pit\u00e4\u00e4 nauttia. Niin kauan kuin sit\u00e4 on.<\/p>\n<p><img decoding=\"async\" src=\"https:\/\/www.europesays.com\/fi\/wp-content\/uploads\/2025\/11\/1763270889_745_978.jpg\" alt=\"Petrit viihtyv\u00e4t kesken\u00e4\u00e4n pitk\u00e4t p\u00e4iv\u00e4t. Poikolaisen henkil\u00f6kohtaisena avustajana toimii Petri Taipale.\" class=\"_Img_1rerz_1\" style=\"aspect-ratio:0.6890625\" loading=\"eager\"\/><\/p>\n<p class=\"article-picture-caption\">Petrit viihtyv\u00e4t kesken\u00e4\u00e4n pitk\u00e4t p\u00e4iv\u00e4t. Poikolaisen henkil\u00f6kohtaisena avustajana toimii Petri Taipale. Kuva:\u00a0Petteri Kivim\u00e4ki<\/p>\n<p class=\"article-body mb-nof-24 px-nof-16\">miksip\u00e4 ei? Ammatillisen el\u00e4m\u00e4ns\u00e4 suurimmat hetket Poikolainen on kokenut vain muutama vuosi sitten \u2013 vakavasti sairaana.<\/p>\n<p class=\"article-body mb-nof-24 px-nof-16\">Vuonna 2021 ensi-iltansa saaneesta elokuvasta, <a class=\"article-personlink\" href=\"https:\/\/www.is.fi\/haku\/?query=Teemu%20Nikin\" rel=\"nofollow noopener\" target=\"_blank\">Teemu Nikin<\/a> ohjaamasta Sokea mies, joka ei halunnut n\u00e4hd\u00e4 Titanicia, tuli Poikolaisen kansainv\u00e4linen l\u00e4pimurto. Palkintoja sateli lukuisilta festivaaleilta.<\/p>\n<p class=\"article-body mb-nof-24 px-nof-16\">V\u00e4h\u00e4isin tunnustuksista ei toki ole parhaan miesp\u00e4\u00e4osan Jussi-palkinto 2022. Sit\u00e4 seurasi kutsu my\u00f6s Linnan juhliin.<\/p>\n<p class=\"article-body mb-nof-24 px-nof-16\">El\u00e4m\u00e4 mullistui muutenkin. Nokialla asunut Poikolainen muutti samana vuonna Pieks\u00e4m\u00e4elle, synnyinkaupunkiinsa. Kotiin oli hyv\u00e4 tulla.<\/p>\n<p class=\"article-body mb-nof-24 px-nof-16\">\u2013 T\u00e4\u00e4ll\u00e4 on \u00e4iti, serkku ja kavereita, kerrostaloasunnossa Pieks\u00e4m\u00e4en keskustassa asuva Poikolainen kertoo.<\/p>\n<p><img decoding=\"async\" src=\"https:\/\/www.europesays.com\/fi\/wp-content\/uploads\/2025\/11\/1763270890_202_978.jpg\" alt=\"Palkintop\u00f6yt\u00e4, jota kelpaa esitell\u00e4. Keskimm\u00e4isen\u00e4 seisoo parhaan miesp\u00e4\u00e4osan Jussi vuodelta 2022.\" class=\"_Img_1rerz_1\" style=\"aspect-ratio:1.5141955835962144\" loading=\"eager\"\/><\/p>\n<p class=\"article-picture-caption\">Palkintop\u00f6yt\u00e4, jota kelpaa esitell\u00e4. Keskimm\u00e4isen\u00e4 seisoo parhaan miesp\u00e4\u00e4osan Jussi vuodelta 2022. Kuva:\u00a0Petteri Kivim\u00e4ki<\/p>\n<p class=\"article-body mb-nof-24 px-nof-16\">Poikolaisen jaksamisesta iso osa on l\u00e4heisten ansiota. \u00c4iti, 85-vuotias <a class=\"article-personlink\" href=\"https:\/\/www.is.fi\/haku\/?query=Sinikka%20Poikolainen\" rel=\"nofollow noopener\" target=\"_blank\">Sinikka Poikolainen<\/a> asuu vain puolen kilometrin p\u00e4\u00e4ss\u00e4 ja viett\u00e4\u00e4 etenkin viikonloppuisin aikaa poikansa kanssa.<\/p>\n<p class=\"article-body mb-nof-24 px-nof-16\">\u2013 Musiikki on meid\u00e4n harrastus. Katsotaan aina Vain el\u00e4m\u00e4\u00e4 ja El\u00e4m\u00e4ni biisi yhdess\u00e4.<\/p>\n<p class=\"article-body mb-nof-24 px-nof-16\">Aiemmin musiikki oli Poikolaiselle my\u00f6s ty\u00f6t\u00e4. Mutta viimeisetkin live-esiintymiset trubaduurina piti j\u00e4tt\u00e4\u00e4 2016, kun pallea ei en\u00e4\u00e4 antanut my\u00f6ten laulamista. Pian sormetkaan eiv\u00e4t en\u00e4\u00e4 taipuneet kitaran otelaudalla.<\/p>\n<p class=\"article-body mb-nof-24 px-nof-16\">Nyt sormilla on vaikea tehd\u00e4 mit\u00e4\u00e4n muutakaan. K\u00e4sien vapina on viime aikoina pahentunut niin, etteiv\u00e4t arkiset toimet en\u00e4\u00e4 suju.<\/p>\n<p class=\"article-body mb-nof-24 px-nof-16\">Siksi Poikolaisella on nykyisin henkil\u00f6kohtainen avustaja aamusta iltaan. Lis\u00e4ksi paikalla k\u00e4y kotihoidon y\u00f6partio.<\/p>\n<p><img decoding=\"async\" src=\"https:\/\/www.europesays.com\/fi\/wp-content\/uploads\/2025\/11\/1763270890_776_978.jpg\" alt=\"\u00c4iti ja poika. Sinikka Poikolainen ihailee pojassaan t\u00e4m\u00e4n positiivisuutta. \u2013 Petrin kanssa on hirve\u00e4n helppo olla. Vaikka h\u00e4n on n\u00e4in paljon sairas, niin sit\u00e4 ei huomaa siin\u00e4 meid\u00e4n yhteiselossa.\" class=\"_Img_1rerz_1\" style=\"aspect-ratio:0.7\" loading=\"eager\"\/><\/p>\n<p class=\"article-picture-caption\">\u00c4iti ja poika. Sinikka Poikolainen ihailee pojassaan t\u00e4m\u00e4n positiivisuutta. \u2013 Petrin kanssa on hirve\u00e4n helppo olla. Vaikka h\u00e4n on n\u00e4in paljon sairas, niin sit\u00e4 ei huomaa siin\u00e4 meid\u00e4n yhteiselossa. Kuva:\u00a0Petteri Kivim\u00e4ki<\/p>\n<p class=\"article-body mb-nof-24 px-nof-16\">L\u00e4heiset tiet\u00e4v\u00e4t Poikolaisen sitkeyden.<\/p>\n<p class=\"article-body mb-nof-24 px-nof-16\">\u2013 Minulla oli kymmenen keuhkokuumetta puolentoista vuoden aikana. Kes\u00e4ll\u00e4 kun keuhkot kuvattiin, niin sairaanhoitaja soitti, ettei niihin ole onneksi j\u00e4\u00e4nyt mit\u00e4\u00e4n j\u00e4lki\u00e4.<\/p>\n<p class=\"article-body mb-nof-24 px-nof-16\">Poikolainen toipui juhannuksen maissa j\u00e4rjestetyille 50-vuotisp\u00e4ivilleen.<\/p>\n<p class=\"article-body mb-nof-24 px-nof-16\">\u2013 Sen j\u00e4lkeen ei ole keuhkokuumetta ollut. Syntt\u00e4rit paransi \u2013 ja yhden t\u00e4hden jallu, Poikolainen naurahtaa.<\/p>\n<p class=\"article-body mb-nof-24 px-nof-16\">Kaikkia iloja ei sent\u00e4\u00e4n ole kielletty.<\/p>\n<p class=\"article-body mb-nof-24 px-nof-16\">\u2013 Alkoholi ei ole ongelma. Ei kumpaankaan suuntaan. Ei niin, ett\u00e4 joisin koko ajan, mutta ei se my\u00f6sk\u00e4\u00e4n tee pahaa.<\/p>\n<p class=\"article-body mb-nof-24 px-nof-16\">L\u00e4\u00e4kkeit\u00e4 Poikolainen ei en\u00e4\u00e4 MS-tautiin sy\u00f6, sill\u00e4 niist\u00e4 ei ole apua. Ainoa apteekin apu on iltaisin nautittava l\u00e4\u00e4kekannabis, joka hillitsee kipuja.<\/p>\n<p><img decoding=\"async\" src=\"https:\/\/www.europesays.com\/fi\/wp-content\/uploads\/2025\/11\/1763270891_349_978.jpg\" alt=\"Poikolainen Pieks\u00e4m\u00e4en keskustassa yhdess\u00e4 avustajansa Petri Taipaleen kanssa.\" class=\"_Img_1rerz_1\" style=\"aspect-ratio:0.653125\" loading=\"eager\"\/><\/p>\n<p class=\"article-picture-caption\">Poikolainen Pieks\u00e4m\u00e4en keskustassa yhdess\u00e4 avustajansa Petri Taipaleen kanssa. Kuva:\u00a0Petteri Kivim\u00e4ki<\/p>\n<p class=\"article-body mb-nof-24 px-nof-16\">Rajallisen el\u00e4m\u00e4n iloja ovat maailman menon seuraaminen mediasta sek\u00e4 musiikin ja \u00e4\u00e4nikirjojen kuuntelu. Kirjailijasuosikit ovat <a class=\"article-personlink\" href=\"https:\/\/www.is.fi\/haku\/?query=Stephen%20King\" rel=\"nofollow noopener\" target=\"_blank\">Stephen King<\/a> ja <a class=\"article-personlink\" href=\"https:\/\/www.is.fi\/haku\/?query=Ilkka%20Remes\" rel=\"nofollow noopener\" target=\"_blank\">Ilkka Remes<\/a>.<\/p>\n<p class=\"article-body mb-nof-24 px-nof-16\">\u2013 Luen my\u00f6s Tiede-lehte\u00e4. Erityisesti avaruus kiinnostaa, mik\u00e4 on sik\u00e4li hauskaa, ett\u00e4 enh\u00e4n m\u00e4 edes n\u00e4e t\u00e4hti\u00e4.<\/p>\n<p class=\"article-body mb-nof-24 px-nof-16\">Yksi harrastus ovat ristikot. Poikolainen hahmottaa mieless\u00e4\u00e4n ongelmakohdan, jonka h\u00e4nen henkil\u00f6kohtainen avustajansa <a class=\"article-personlink\" href=\"https:\/\/www.is.fi\/haku\/?query=Petri%20Taipale\" rel=\"nofollow noopener\" target=\"_blank\">Petri Taipale<\/a> kertoo.<\/p>\n<p class=\"article-body mb-nof-24 px-nof-16\">\u2013 Se on hyv\u00e4\u00e4 aivojumppaa. Joskus tehd\u00e4\u00e4n ristikoita tunti ja kaksikin kerrallaan.<\/p>\n<p><img decoding=\"async\" src=\"https:\/\/www.europesays.com\/fi\/wp-content\/uploads\/2025\/11\/1763270891_893_978.jpg\" alt=\"Fysioterapeutti Iiro Teittinen on Poikolaiselle t\u00e4rke\u00e4 henkil\u00f6. Kaksikko h\u00e4\u00e4r\u00e4\u00e4 rautojen parissa kahdesti viikossa Kunnonkeskuksessa, jonka yhteydess\u00e4 toimii my\u00f6s Teittisen osin omistama FysioCenter Pieks\u00e4m\u00e4ki.\" class=\"_Img_1rerz_1\" style=\"aspect-ratio:0.6921875\" loading=\"eager\"\/><\/p>\n<p class=\"article-picture-caption\">Fysioterapeutti Iiro Teittinen on Poikolaiselle t\u00e4rke\u00e4 henkil\u00f6. Kaksikko h\u00e4\u00e4r\u00e4\u00e4 rautojen parissa kahdesti viikossa Kunnonkeskuksessa, jonka yhteydess\u00e4 toimii my\u00f6s Teittisen osin omistama FysioCenter Pieks\u00e4m\u00e4ki. Kuva:\u00a0Petteri Kivim\u00e4ki<\/p>\n<p class=\"article-body mb-nof-24 px-nof-16\">S\u00e4\u00e4nn\u00f6llisi\u00e4 vieraita ovat \u00e4idin lis\u00e4ksi nuoruudenyst\u00e4v\u00e4 <a class=\"article-personlink\" href=\"https:\/\/www.is.fi\/haku\/?query=Reeta\" rel=\"nofollow noopener\" target=\"_blank\">Reeta<\/a> ja serkkupoika <a class=\"article-personlink\" href=\"https:\/\/www.is.fi\/haku\/?query=Rauno\" rel=\"nofollow noopener\" target=\"_blank\">Rauno<\/a>.<\/p>\n<p class=\"article-body mb-nof-24 px-nof-16\">\u2013 Reetan kanssa pidet\u00e4\u00e4n aina keskiviikkoisin yhteinen teehetki. Rauno taas tulee torstaisin lukemaan minulle sotakirjoja puoleksitoista tunniksi.<\/p>\n<p class=\"article-body mb-nof-24 px-nof-16\">Pieks\u00e4m\u00e4en kulttuuritapahtumissakin Poikolainen tapaa k\u00e4yd\u00e4.<\/p>\n<p class=\"article-body mb-nof-24 px-nof-16\">\u2013 Nautin teatterista, vaikken n\u00e4ek\u00e4\u00e4n. Tapaan siell\u00e4 aina my\u00f6s tuttuja.<\/p>\n<p class=\"article-body mb-nof-24 px-nof-16\">\u2013 Ett\u00e4 on mulla t\u00e4llaista pient\u00e4 sosiaalista el\u00e4m\u00e4\u00e4 koko ajan.<\/p>\n<p><img decoding=\"async\" src=\"https:\/\/www.europesays.com\/fi\/wp-content\/uploads\/2025\/11\/1763270891_539_978.jpg\" alt=\"Poikolainen saa fysioterapiaa maanantaisin ja torstaisin. Puristusvoima ja tehot ovat yleens\u00e4 torstaina paremmat. Koska alaraajat eiv\u00e4t toimi, harjoittelussa keskittyt\u00e4\u00e4n k\u00e4sivoimiin sek\u00e4 sel\u00e4n ja niskan lihaksiin. \u2013 T\u00e4rke\u00e4\u00e4 on, ett\u00e4 Petri jaksaisi kannatella p\u00e4\u00e4t\u00e4\u00e4n, Teittinen lis\u00e4\u00e4.\" class=\"_Img_1rerz_1\" style=\"aspect-ratio:1.3743736578382248\" loading=\"eager\"\/><\/p>\n<p class=\"article-picture-caption\">Poikolainen saa fysioterapiaa maanantaisin ja torstaisin. Puristusvoima ja tehot ovat yleens\u00e4 torstaina paremmat. Koska alaraajat eiv\u00e4t toimi, harjoittelussa keskittyt\u00e4\u00e4n k\u00e4sivoimiin sek\u00e4 sel\u00e4n ja niskan lihaksiin. \u2013 T\u00e4rke\u00e4\u00e4 on, ett\u00e4 Petri jaksaisi kannatella p\u00e4\u00e4t\u00e4\u00e4n, Teittinen lis\u00e4\u00e4. Kuva:\u00a0Petteri Kivim\u00e4ki<\/p>\n<p class=\"article-body mb-nof-24 px-nof-16\">Ulos l\u00e4hteminen on sitten aina isompi juttu. Etenkin, kun silloin t\u00e4ll\u00f6in p\u00e4\u00e4see vesille.<\/p>\n<p class=\"article-body mb-nof-24 px-nof-16\">\u2013 Meill\u00e4 on kavereiden kanssa sellainen Kohtuullisen Er\u00e4styksen Kerho ry. Perustimme sen 1996, samana vuonna, kun p\u00e4\u00e4sin Teatterikorkeakouluun. Kes\u00e4ll\u00e4 k\u00e4ytiin pitk\u00e4st\u00e4 aikaa uistelemassa tuolla J\u00e4ppil\u00e4n puolella.<\/p>\n<p class=\"article-body mb-nof-24 px-nof-16\">\u2013 Ostin s\u00e4hk\u00f6per\u00e4moottorin, kun tuli miljoonapalkat leffasta. Eli olikohan se kuusi tonnia verojen j\u00e4lkeen, Poikolainen heitt\u00e4\u00e4.<\/p>\n<p class=\"article-body mb-nof-24 px-nof-16\">Huumori on edelleen iso voimavara. Kun toimittaja yritt\u00e4\u00e4 vakavana kysy\u00e4 onko haastateltavalla viel\u00e4 el\u00e4m\u00e4ss\u00e4\u00e4n unelmia, vastaus tulee hetkess\u00e4.<\/p>\n<p class=\"article-body mb-nof-24 px-nof-16\">\u2013 Jos vaikka sais joskus viel\u00e4 kahden kilon kuhan.<\/p>\n<p class=\"article-body mb-nof-24 px-nof-16\">Yksi kalakavereista on Poikolaisen ainoa lapsi, 25-vuotias <a class=\"article-personlink\" href=\"https:\/\/www.is.fi\/haku\/?query=Lassi\" rel=\"nofollow noopener\" target=\"_blank\">Lassi<\/a>, joka asuu Helsingiss\u00e4. Lapsenlapsen tulosta ei ole ainakaan viel\u00e4 tietoa.<\/p>\n<p class=\"article-body mb-nof-24 px-nof-16\">\u2013 Olen kiusannut h\u00e4nt\u00e4 siit\u00e4, ett\u00e4 olin kuule sun ik\u00e4inen, kun synnyit. Olisi varmaan hienoa kokea isois\u00e4ksi tulo.<\/p>\n<p><img decoding=\"async\" src=\"https:\/\/www.europesays.com\/fi\/wp-content\/uploads\/2025\/11\/1763270892_925_978.jpg\" alt=\"Poikolainen (vas.) Helsingin kaupunginteatterin lavalla 24-vuotiaana teatterikoululaisena. Menossa mukana opiskelukaverit Minttu Mustakallio, Ria Kataja ja Riku Kemppinen.\" class=\"_Img_1rerz_1\" style=\"aspect-ratio:1.4883720930232558\" loading=\"eager\"\/><\/p>\n<p class=\"article-picture-caption\">Poikolainen (vas.) Helsingin kaupunginteatterin lavalla 24-vuotiaana teatterikoululaisena. Menossa mukana opiskelukaverit Minttu Mustakallio, Ria Kataja ja Riku Kemppinen. Kuva:\u00a0ERKKI LAINE<\/p>\n<p><img decoding=\"async\" src=\"https:\/\/www.europesays.com\/fi\/wp-content\/uploads\/2025\/11\/1763270892_295_978.jpg\" alt=\"Poikolainen esitteli Venetsian elokuvajuhlien yleis\u00f6palkintoa Tampereen Raatihuoneella marraskuussa 2021. Sokea mies, joka ei halunnut n\u00e4hd\u00e4 Titanicia -elokuva sai tukea Tampereen kaupungilta ja Film Tampereelta.\" class=\"_Img_1rerz_1\" style=\"aspect-ratio:1.3333333333333333\" loading=\"eager\"\/><\/p>\n<p class=\"article-picture-caption\">Poikolainen esitteli Venetsian elokuvajuhlien yleis\u00f6palkintoa Tampereen Raatihuoneella marraskuussa 2021. Sokea mies, joka ei halunnut n\u00e4hd\u00e4 Titanicia -elokuva sai tukea Tampereen kaupungilta ja Film Tampereelta. Kuva:\u00a0Terho Vuorinen<\/p>\n<p><img decoding=\"async\" src=\"https:\/\/www.europesays.com\/fi\/wp-content\/uploads\/2025\/11\/1763270893_808_978.jpg\" alt=\"Viel\u00e4 vuonna 2016 Poikolaisen pallea kesti laulamisen. Mutta pian keikkailu oli pakko j\u00e4tt\u00e4\u00e4.\" class=\"_Img_1rerz_1\" style=\"aspect-ratio:1.7877094972067038\" loading=\"eager\"\/><\/p>\n<p class=\"article-picture-caption\">Viel\u00e4 vuonna 2016 Poikolaisen pallea kesti laulamisen. Mutta pian keikkailu oli pakko j\u00e4tt\u00e4\u00e4. Kuva:\u00a0Petri Poikolaisen kotialbumi<\/p>\n<p><img decoding=\"async\" src=\"https:\/\/www.europesays.com\/fi\/wp-content\/uploads\/2025\/11\/1763270893_184_978.jpg\" alt=\"Itsen\u00e4isyysp\u00e4iv\u00e4n vastaanotolla Petri Poikolainen n\u00e4htiin joulukuussa 2022. Jalkansa hieman aiemmin murtaneen Poikolaisen jalka oli raudoitettu, ja rautojen p\u00e4\u00e4lle oli vedetty villasukat. \u2013 Sami Sykk\u00f6 ei kommentoinut villasukkia ollenkaan, Poikolainen naurahtaa nyt.\" class=\"_Img_1rerz_1\" style=\"aspect-ratio:1.5\" loading=\"eager\"\/><\/p>\n<p class=\"article-picture-caption\">Itsen\u00e4isyysp\u00e4iv\u00e4n vastaanotolla Petri Poikolainen n\u00e4htiin joulukuussa 2022. Jalkansa hieman aiemmin murtaneen Poikolaisen jalka oli raudoitettu, ja rautojen p\u00e4\u00e4lle oli vedetty villasukat. \u2013 Sami Sykk\u00f6 ei kommentoinut villasukkia ollenkaan, Poikolainen naurahtaa nyt. Kuva:\u00a0Saara Mansikkam\u00e4ki \/ HS<\/p>\n<p class=\"article-body mb-nof-24 px-nof-16\">Haaveita ja tavoitteita on muitakin. Oleellista on v\u00e4ltell\u00e4 p\u00f6p\u00f6j\u00e4, sill\u00e4 esimerkiksi keuhkokuumeen seuraukset voivat joskus olla vakavampiakin.<\/p>\n<p class=\"article-body mb-nof-24 px-nof-16\">\u2013 T\u00e4rke\u00e4\u00e4 olisi pysy\u00e4 terveen\u00e4, ettei tarvitsisi aina l\u00e4hte\u00e4 alusta liikkeelle.<\/p>\n<p class=\"article-body mb-nof-24 px-nof-16\">Paluu nollapisteeseen on tapahtunut turhan usein. Tilanne on tullut eteen fysioterapiassa, jossa Poikolainen k\u00e4y normaalisti kahdesti viikossa, maanantaisin ja torstaisin.<\/p>\n<p class=\"article-body mb-nof-24 px-nof-16\">\u2013 Fysioterapian ansiosta oon oikeastaan pysynyt niinkin kunnossa kuin oon nyt.<\/p>\n<p><img decoding=\"async\" src=\"https:\/\/www.europesays.com\/fi\/wp-content\/uploads\/2025\/11\/1763270894_9_978.jpg\" alt=\"Fysioterapeutti Iiro Teittinen huolehtii siit\u00e4, ett\u00e4 esimerkiksi penkkipunnerrus sujuu turvallisesti. \u2013 Ty\u00f6nt\u00f6vaiheessa varmistan kevyesti ja jarruttamisvaiheessa on pidett\u00e4v\u00e4 tangosta kiinni. Petri tekee kuitenkin 90-prosenttisesti itsellist\u00e4 ty\u00f6t\u00e4.\" class=\"_Img_1rerz_1\" style=\"aspect-ratio:1.26232741617357\" loading=\"eager\"\/><\/p>\n<p class=\"article-picture-caption\">Fysioterapeutti Iiro Teittinen huolehtii siit\u00e4, ett\u00e4 esimerkiksi penkkipunnerrus sujuu turvallisesti. \u2013 Ty\u00f6nt\u00f6vaiheessa varmistan kevyesti ja jarruttamisvaiheessa on pidett\u00e4v\u00e4 tangosta kiinni. Petri tekee kuitenkin 90-prosenttisesti itsellist\u00e4 ty\u00f6t\u00e4. Kuva:\u00a0Petteri Kivim\u00e4ki<\/p>\n<p class=\"article-body mb-nof-24 px-nof-16\">Nuorena Poikolainen oli lahjakas yleisurheilija \u2013 kunnes kulttuuri vei voiton. MS-tauti on nostanut kilpailuhengen taas korkealle.<\/p>\n<p class=\"article-body mb-nof-24 px-nof-16\">\u2013 Petri uskaltaa vied\u00e4 itsens\u00e4 \u00e4\u00e4risuorituksiin. H\u00e4n ei pelk\u00e4\u00e4, fysioterapeutti <a class=\"article-personlink\" href=\"https:\/\/www.is.fi\/haku\/?query=Iiro%20Teittinen\" rel=\"nofollow noopener\" target=\"_blank\">Iiro Teittinen<\/a> kehuu asiakastaan.<\/p>\n<p class=\"article-body mb-nof-24 px-nof-16\">Kaksikko on yst\u00e4vystynyt vuosien my\u00f6t\u00e4. Salilla muistellaan vanhoja ja luodaan uskoa tulevaan \u2013 kaikesta huolimatta.<\/p>\n<p class=\"article-body mb-nof-24 px-nof-16\">\u2013 Tietyss\u00e4 vaiheessa ehk\u00e4 on pakko lopettaa systemaattinen harjoittelu, kun alam\u00e4ki on kova.<\/p>\n<p class=\"article-body mb-nof-24 px-nof-16\">Siihen saakka tehd\u00e4\u00e4n t\u00f6it\u00e4. Poikolaisen asenne antaa Teittiselle kipin\u00e4\u00e4 omaan ty\u00f6h\u00f6n.<\/p>\n<p class=\"article-body mb-nof-24 px-nof-16\">\u2013 Petrin suurin voimavara on p\u00e4\u00e4n sis\u00e4ll\u00e4. H\u00e4n pystyy pit\u00e4m\u00e4\u00e4n inspiraatiota yll\u00e4, vaikkei lihasta olisi paljoa j\u00e4ljell\u00e4. N\u00e4ytt\u00e4misen halu on kova.<\/p>\n<p><img decoding=\"async\" src=\"https:\/\/www.europesays.com\/fi\/wp-content\/uploads\/2025\/11\/1763270894_21_978.jpg\" alt=\"Sinikka ja Petri Poikolainen ovat molemmat Iiro Teittisen asiakkaita.\" class=\"_Img_1rerz_1\" style=\"aspect-ratio:1.4468726450640543\" loading=\"eager\"\/><\/p>\n<p class=\"article-picture-caption\">Sinikka ja Petri Poikolainen ovat molemmat Iiro Teittisen asiakkaita. Kuva:\u00a0Petteri Kivim\u00e4ki<\/p>\n<p class=\"article-body mb-nof-24 px-nof-16\">Nyt kun takana on muutama terveempi kuukausi, ovat tulokset salilla j\u00e4lleen parantuneet. Nuorena rinnalle nousi 90 kiloa, joten uuden el\u00e4m\u00e4n enn\u00e4tyst\u00e4, 55 kilon rautaa on tilanteeseen n\u00e4hden pidett\u00e4v\u00e4 melkoisena saavutuksena.<\/p>\n<p class=\"article-body mb-nof-24 px-nof-16\">Seuraava tavoite on 60 kiloa.<\/p>\n<p class=\"article-body mb-nof-24 px-nof-16\">\u2013 Kun tulisi se p\u00f6lj\u00e4 p\u00e4iv\u00e4, Poikolainen odottaa.<\/p>\n<p><img decoding=\"async\" src=\"https:\/\/www.europesays.com\/fi\/wp-content\/uploads\/2025\/11\/1763270895_502_978.jpg\" alt=\"IS k\u00e4vi tapaamassa Poikolaista lokakuisena maanantaina. Punttitreenien j\u00e4lkeen olo oli auvoisa. \u2013 Ihan kun olis jotain tehnyt. Harmi vaan, kun nyt ei ollut p\u00f6lj\u00e4 p\u00e4iv\u00e4, Poikolainen sanoi tyydytty\u00e4\u00e4n 40 kilolla tehtyyn sarjaan. Hymy\u00e4 p\u00f6ljyyden puute ei kuitenkaan est\u00e4nyt.\" class=\"_Img_1rerz_1\" style=\"aspect-ratio:1.3636363636363635\" loading=\"eager\"\/><\/p>\n<p class=\"article-picture-caption\">IS k\u00e4vi tapaamassa Poikolaista lokakuisena maanantaina. Punttitreenien j\u00e4lkeen olo oli auvoisa. \u2013 Ihan kun olis jotain tehnyt. Harmi vaan, kun nyt ei ollut p\u00f6lj\u00e4 p\u00e4iv\u00e4, Poikolainen sanoi tyydytty\u00e4\u00e4n 40 kilolla tehtyyn sarjaan. Hymy\u00e4 p\u00f6ljyyden puute ei kuitenkaan est\u00e4nyt. Kuva:\u00a0Petteri Kivim\u00e4ki<\/p>\n","protected":false},"excerpt":{"rendered":"K\u00e4det toimivat yh\u00e4. Seuraavaksi pit\u00e4isi nousta 60 kiloa penkist\u00e4. Lue tiivistelm\u00e4 Tiivistelm\u00e4 on teko\u00e4lyn tekem\u00e4 ja ihmisen tarkistama.&hellip;\n","protected":false},"author":2,"featured_media":91313,"comment_status":"","ping_status":"","sticky":false,"template":"","format":"standard","meta":{"footnotes":""},"categories":[130],"tags":[137,33,31,30,34,32,109],"class_list":{"0":"post-91312","1":"post","2":"type-post","3":"status-publish","4":"format-standard","5":"has-post-thumbnail","7":"category-viihde","8":"tag-entertainment","9":"tag-fi","10":"tag-finland","11":"tag-finnish","12":"tag-ilta-sanomat","13":"tag-suomi","14":"tag-viihde"},"share_on_mastodon":{"url":"https:\/\/pubeurope.com\/@fi\/115557728670809559","error":""},"_links":{"self":[{"href":"https:\/\/www.europesays.com\/fi\/wp-json\/wp\/v2\/posts\/91312","targetHints":{"allow":["GET"]}}],"collection":[{"href":"https:\/\/www.europesays.com\/fi\/wp-json\/wp\/v2\/posts"}],"about":[{"href":"https:\/\/www.europesays.com\/fi\/wp-json\/wp\/v2\/types\/post"}],"author":[{"embeddable":true,"href":"https:\/\/www.europesays.com\/fi\/wp-json\/wp\/v2\/users\/2"}],"replies":[{"embeddable":true,"href":"https:\/\/www.europesays.com\/fi\/wp-json\/wp\/v2\/comments?post=91312"}],"version-history":[{"count":0,"href":"https:\/\/www.europesays.com\/fi\/wp-json\/wp\/v2\/posts\/91312\/revisions"}],"wp:featuredmedia":[{"embeddable":true,"href":"https:\/\/www.europesays.com\/fi\/wp-json\/wp\/v2\/media\/91313"}],"wp:attachment":[{"href":"https:\/\/www.europesays.com\/fi\/wp-json\/wp\/v2\/media?parent=91312"}],"wp:term":[{"taxonomy":"category","embeddable":true,"href":"https:\/\/www.europesays.com\/fi\/wp-json\/wp\/v2\/categories?post=91312"},{"taxonomy":"post_tag","embeddable":true,"href":"https:\/\/www.europesays.com\/fi\/wp-json\/wp\/v2\/tags?post=91312"}],"curies":[{"name":"wp","href":"https:\/\/api.w.org\/{rel}","templated":true}]}}