{"id":91317,"date":"2025-11-16T05:34:09","date_gmt":"2025-11-16T05:34:09","guid":{"rendered":"https:\/\/www.europesays.com\/fi\/91317\/"},"modified":"2025-11-16T05:34:09","modified_gmt":"2025-11-16T05:34:09","slug":"kultainen-paasylippu-loppuu-uhoaa-ministeri-kun-britannia-kiristaa-maahanmuuttoa","status":"publish","type":"post","link":"https:\/\/www.europesays.com\/fi\/91317\/","title":{"rendered":"\u201dKultainen p\u00e4\u00e4sylippu\u201d loppuu, uhoaa ministeri kun Britannia kirist\u00e4\u00e4 maahanmuuttoa"},"content":{"rendered":"<p>Britannia|Turvapaikanhakijoita koskeva s\u00e4\u00e4nn\u00f6st\u00f6 kiristyy Britanniassa. Labour-hallitukseen kohdistuu painetta, koska maahanmuutto\u00advastaisen Reform UK:n suosio kasvaa.<\/p>\n<p class=\"article-body mb-nof-24 px-nof-16\">Britannian hallitus aikoo tehd\u00e4 historiallisia kiristyksi\u00e4 maahanmuutto\u00adpolitiikkaan, useat brittilehdet uutisoivat.<\/p>\n<p class=\"article-body mb-nof-24 px-nof-16\">Sis\u00e4ministeri <a class=\"article-personlink\" href=\"https:\/\/www.hs.fi\/haku\/?query=Shabana%20Mahmood\" rel=\"nofollow noopener\" target=\"_blank\">Shabana Mahmood<\/a> on aikeissa muuttaa erityisesti laittomasti maahan saapuvia turvapaikanhakijoita koskevia s\u00e4\u00e4nt\u00f6j\u00e4, <a class=\"article-genericlink\" href=\"https:\/\/www.bbc.com\/news\/articles\/c7970p2wx7ro\" rel=\"nofollow noopener\" target=\"_blank\">BBC<\/a> kirjoittaa. My\u00f6nteisen turvapaikkap\u00e4\u00e4t\u00f6ksen saaneiden tulee uudistusten my\u00f6t\u00e4 odottaa pysyv\u00e4n oleskeluluvan saamista 20 vuotta.<\/p>\n<p class=\"article-body mb-nof-24 px-nof-16\">S\u00e4\u00e4nt\u00f6 on suunniteltu erityisesti Englannin kanaalin yli veneill\u00e4 saapuvia ihmisi\u00e4 varten. Maahan laillisesti saapuvien kohdalla odotusaika on kymmenen vuotta.<\/p>\n<p class=\"article-body mb-nof-24 px-nof-16\">Nykyisin turvapaikka my\u00f6nnet\u00e4\u00e4n viideksi vuodeksi, mink\u00e4 j\u00e4lkeen on mahdollista hakea pysyv\u00e4\u00e4 oleskelulupaa ja my\u00f6hemmin kansalaisuutta.<\/p>\n<p class=\"article-body mb-nof-24 px-nof-16\">Jatkossa turvapaikka my\u00f6nnet\u00e4\u00e4n vain 2,5 vuodeksi kerrallaan. Pakolaisstatusta tarkastellaan t\u00e4m\u00e4n j\u00e4lkeen uudelleen. Jos hakijan kotimaa linjataan turvalliseksi, h\u00e4net poistetaan maasta v\u00e4litt\u00f6m\u00e4sti.<\/p>\n<p class=\"article-body mb-nof-24 px-nof-16\">Lis\u00e4ksi Mahmood suunnittelee sosiaalietuuksien katkaisemista ihmisilt\u00e4, jotka valitsevat olla el\u00e4tt\u00e4m\u00e4tt\u00e4 itse\u00e4\u00e4n tai syyllistyv\u00e4t esimerkiksi rikoksiin.<\/p>\n<p class=\"article-body mb-nof-24 px-nof-16\">\u201dLaiton maahanmuutto repii maamme kappaleiksi. Labour-hallituksen teht\u00e4v\u00e4n\u00e4 on yhdist\u00e4\u00e4 maamme. Jos emme ratkaise t\u00e4t\u00e4 ongelmaa, maastamme tulee entist\u00e4 jakautuneempi\u201d, Mahmood kommentoi <a class=\"article-genericlink\" href=\"https:\/\/www.thetimes.com\/uk\/politics\/article\/shabana-mahmood-immigration-asylum-reforms-interview-rdzhs2thg\" rel=\"nofollow noopener\" target=\"_blank\">The Sunday Timesille<\/a>.<\/p>\n<p><img decoding=\"async\" src=\"https:\/\/www.europesays.com\/fi\/wp-content\/uploads\/2025\/11\/1763271249_458_468.jpg\" alt=\"Britannian p\u00e4\u00e4ministeri Keir Starmer.\" class=\"_Img_1rerz_1\" style=\"aspect-ratio:1.5\" loading=\"eager\"\/><\/p>\n<p class=\"article-picture-caption\">Britannian p\u00e4\u00e4ministeri Keir Starmer. Kuva:\u00a0Leon Neal \/ Reuters<\/p>\n<p class=\"article-body mb-nof-24 px-nof-16\">MahmoodIN mukaan uudistusten tarkoitus on kertoa ihmisille, ett\u00e4 \u201d\u00e4lk\u00e4\u00e4 tulko t\u00e4nne laittomasti, \u00e4lk\u00e4\u00e4 nousko veneisiin\u201d. H\u00e4n ilmoitti lopettavansa maahanmuuttajien \u201dkultaisen p\u00e4\u00e4sylipun\u201d.<\/p>\n<p class=\"article-body mb-nof-24 px-nof-16\">Britanniassa j\u00e4tettiin kes\u00e4kuuhun menness\u00e4 noin 111\u202f000 turvapaikkahakemusta. Uutistoimisto Reutersin mukaan yli sata j\u00e4rjest\u00f6\u00e4 on ollut yhteydess\u00e4 Mahmoodiin, jotta t\u00e4m\u00e4 \u201dlopettaisi maahanmuuttajien syyllist\u00e4misen\u201d.<\/p>\n<p class=\"article-body mb-nof-24 px-nof-16\">My\u00f6s Britannian pakolaisneuvosto on kritisoinut hallituksen suunnitelmia. Sen mukaan kiristykset eiv\u00e4t est\u00e4isi ihmisi\u00e4 pyrkim\u00e4st\u00e4 Britanniaan.<\/p>\n<p class=\"article-body mb-nof-24 px-nof-16\">Britanniaa johtavaan Labour-ty\u00f6v\u00e4enpuolueeseen ja p\u00e4\u00e4ministeri <a class=\"article-personlink\" href=\"https:\/\/www.hs.fi\/haku\/?query=Keir%20Starmeriin\" rel=\"nofollow noopener\" target=\"_blank\">Keir Starmeriin<\/a> kohdistuu painetta, koska maahanmuuttovastainen Reform UK on t\u00e4ll\u00e4 hetkell\u00e4 Britannian ylivoimaisesti suosituin puolue.<\/p>\n<p class=\"article-body mb-nof-24 px-nof-16\">Esimerkiksi <a class=\"article-genericlink\" href=\"https:\/\/www.politico.eu\/europe-poll-of-polls\/united-kingdom\/\" rel=\"nofollow noopener\" target=\"_blank\">Politicon<\/a> viimeisemm\u00e4ss\u00e4 mielipidemittauksien koosteessa Reform UK:n kannatus on 29 prosenttia, kun Labourin luku on 18 prosenttia.<\/p>\n<p class=\"article-body mb-nof-24 px-nof-16\">The Sunday Times kutsuu Britannian maahanmuuttopolitiikan uudistuksia suurimmiksi sitten toisen maailmansodan.<\/p>\n<p class=\"article-body mb-nof-24 px-nof-16\">Uudistuksissa on otettu mallia Tanskasta, jossa pakolaisaseman saaneille my\u00f6nnet\u00e4\u00e4n kahden vuoden v\u00e4liaikainen oleskelulupa, jonka j\u00e4lkeen turvapaikkaa tulee hakea uudelleen.<\/p>\n<p class=\"article-body mb-nof-24 px-nof-16\">Pysyv\u00e4 oleskeluluvan vaatiminen vie Tanskassa kahdeksan vuotta, The Sunday Times kirjoittaa. Turvapaikkahakemusten m\u00e4\u00e4r\u00e4 on lehden mukaan laskenut Tanskassa matalimmilleen 40 vuoteen.<\/p>\n<p class=\"article-body mb-nof-24 px-nof-16\">Tanskan maahanmuuttopolitiikan arkkitehti on Labourin sisarpuolue sosiaalidemokraatit.<\/p>\n","protected":false},"excerpt":{"rendered":"Britannia|Turvapaikanhakijoita koskeva s\u00e4\u00e4nn\u00f6st\u00f6 kiristyy Britanniassa. Labour-hallitukseen kohdistuu painetta, koska maahanmuutto\u00advastaisen Reform UK:n suosio kasvaa. Britannian hallitus aikoo tehd\u00e4&hellip;\n","protected":false},"author":2,"featured_media":91318,"comment_status":"","ping_status":"","sticky":false,"template":"","format":"standard","meta":{"footnotes":""},"categories":[5],"tags":[22,23,26,27,33,31,30,17,46,24,25,28,29,15,18,21,32,19,20,16],"class_list":{"0":"post-91317","1":"post","2":"type-post","3":"status-publish","4":"format-standard","5":"has-post-thumbnail","7":"category-otsikot","8":"tag-breaking-news","9":"tag-breakingnews","10":"tag-featured-news","11":"tag-featurednews","12":"tag-fi","13":"tag-finland","14":"tag-finnish","15":"tag-headlines","16":"tag-helsingin-sanomat","17":"tag-latest-news","18":"tag-latestnews","19":"tag-main-news","20":"tag-mainnews","21":"tag-news","22":"tag-otsikot","23":"tag-paauutiset","24":"tag-suomi","25":"tag-top-stories","26":"tag-topstories","27":"tag-uutiset"},"share_on_mastodon":{"url":"https:\/\/pubeurope.com\/@fi\/115557752155148828","error":""},"_links":{"self":[{"href":"https:\/\/www.europesays.com\/fi\/wp-json\/wp\/v2\/posts\/91317","targetHints":{"allow":["GET"]}}],"collection":[{"href":"https:\/\/www.europesays.com\/fi\/wp-json\/wp\/v2\/posts"}],"about":[{"href":"https:\/\/www.europesays.com\/fi\/wp-json\/wp\/v2\/types\/post"}],"author":[{"embeddable":true,"href":"https:\/\/www.europesays.com\/fi\/wp-json\/wp\/v2\/users\/2"}],"replies":[{"embeddable":true,"href":"https:\/\/www.europesays.com\/fi\/wp-json\/wp\/v2\/comments?post=91317"}],"version-history":[{"count":0,"href":"https:\/\/www.europesays.com\/fi\/wp-json\/wp\/v2\/posts\/91317\/revisions"}],"wp:featuredmedia":[{"embeddable":true,"href":"https:\/\/www.europesays.com\/fi\/wp-json\/wp\/v2\/media\/91318"}],"wp:attachment":[{"href":"https:\/\/www.europesays.com\/fi\/wp-json\/wp\/v2\/media?parent=91317"}],"wp:term":[{"taxonomy":"category","embeddable":true,"href":"https:\/\/www.europesays.com\/fi\/wp-json\/wp\/v2\/categories?post=91317"},{"taxonomy":"post_tag","embeddable":true,"href":"https:\/\/www.europesays.com\/fi\/wp-json\/wp\/v2\/tags?post=91317"}],"curies":[{"name":"wp","href":"https:\/\/api.w.org\/{rel}","templated":true}]}}