{"id":91324,"date":"2025-11-16T05:54:10","date_gmt":"2025-11-16T05:54:10","guid":{"rendered":"https:\/\/www.europesays.com\/fi\/91324\/"},"modified":"2025-11-16T05:54:10","modified_gmt":"2025-11-16T05:54:10","slug":"sanna-marin-taytti-pyoreita-julkaisi-juhlatunnelmia-somessa","status":"publish","type":"post","link":"https:\/\/www.europesays.com\/fi\/91324\/","title":{"rendered":"Sanna Marin t\u00e4ytti py\u00f6reit\u00e4 \u2013 Julkaisi juhlatunnelmia somessa"},"content":{"rendered":"<p>Sanna Marin juhli 40-vuotisp\u00e4iv\u00e4\u00e4ns\u00e4 uudessa, tyylikk\u00e4\u00e4ss\u00e4 ravintolassa.<\/p>\n<p><img decoding=\"async\" class=\"image image-show image-preview\" src=\"https:\/\/www.europesays.com\/fi\/wp-content\/uploads\/2025\/11\/34396f8bf21cc4e0d1ffe25ded4583b8415bace5ceae7d05203dc2ba303fcc6e.jpg\" alt=\"\"\/><img decoding=\"async\" class=\"image image-show\" src=\"https:\/\/www.europesays.com\/fi\/wp-content\/uploads\/2025\/11\/1762349529_913_34396f8bf21cc4e0d1ffe25ded4583b8415bace5ceae7d05203dc2ba303fcc6e.jpg\" alt=\"\"\/><\/p>\n<p>Sanna Marin t\u00e4ytt\u00e4\u00e4 vuosia 16. marraskuuta. Arkistokuva. Atte Kajova<\/p>\n<p class=\"paragraph\">Entinen p\u00e4\u00e4ministeri <a href=\"https:\/\/www.iltalehti.fi\/henkilot\/Sanna Marin\" class=\"article-link-person-page\" rel=\"nofollow noopener\" target=\"_blank\">Sanna Marin<\/a> t\u00e4ytt\u00e4\u00e4 t\u00e4n\u00e4\u00e4n 40 vuotta.<\/p>\n<p class=\"paragraph\">Marin juhlisti py\u00f6reit\u00e4 lauantai-iltana Helsingiss\u00e4 vastik\u00e4\u00e4 avatussa Officine Brerassa. H\u00e4n julkaisi ravintolassa otetun kuvan <a href=\"https:\/\/www.instagram.com\/stories\/sannamarin\/\" target=\"_blank\" rel=\"noopener nofollow\">Instagram-tarinoissaan<\/a>.<\/p>\n<p class=\"paragraph\">P\u00f6yd\u00e4n ymp\u00e4rille on kokoontunut yst\u00e4vi\u00e4, joita on n\u00e4hty Marinin seurassa ennenkin. H\u00e4nen vieress\u00e4\u00e4n hymyilee sosiaalidemokraattien kansanedustaja <strong>Nasima Razmyar<\/strong>. Seurueeseen kuuluu my\u00f6s kampaaja <strong>Joni Willberg<\/strong>, muotisuunnittelija <strong>Mert Otsamo<\/strong>, ja n\u00e4yttelij\u00e4 <strong>Minka Kuustonen<\/strong>.<\/p>\n<p class=\"paragraph\">Toisessa lauantaina julkaistussa tarinassa Marin kirjoittaa olevansa innoissaan vuosikymmenen vaihdoksesta.<\/p>\n<p class=\"paragraph\">\u2013 Yh\u00e4 39. huomenna 40. En malta odottaa.<\/p>\n<p><script async src=\"\/\/www.instagram.com\/embed.js\"><\/script><\/p>\n","protected":false},"excerpt":{"rendered":"Sanna Marin juhli 40-vuotisp\u00e4iv\u00e4\u00e4ns\u00e4 uudessa, tyylikk\u00e4\u00e4ss\u00e4 ravintolassa. Sanna Marin t\u00e4ytt\u00e4\u00e4 vuosia 16. marraskuuta. Arkistokuva. Atte Kajova Entinen p\u00e4\u00e4ministeri&hellip;\n","protected":false},"author":2,"featured_media":81790,"comment_status":"","ping_status":"","sticky":false,"template":"","format":"standard","meta":{"footnotes":""},"categories":[130],"tags":[35,137,33,31,30,142,637,886,885,887,32,109],"class_list":{"0":"post-91324","1":"post","2":"type-post","3":"status-publish","4":"format-standard","5":"has-post-thumbnail","7":"category-viihde","8":"tag-24h","9":"tag-entertainment","10":"tag-fi","11":"tag-finland","12":"tag-finnish","13":"tag-poliitikot","14":"tag-politiikka","15":"tag-puolueet","16":"tag-suomen-poliittiset-puolueet","17":"tag-suomen-politiikka","18":"tag-suomi","19":"tag-viihde"},"share_on_mastodon":{"url":"https:\/\/pubeurope.com\/@fi\/115557830824840687","error":""},"_links":{"self":[{"href":"https:\/\/www.europesays.com\/fi\/wp-json\/wp\/v2\/posts\/91324","targetHints":{"allow":["GET"]}}],"collection":[{"href":"https:\/\/www.europesays.com\/fi\/wp-json\/wp\/v2\/posts"}],"about":[{"href":"https:\/\/www.europesays.com\/fi\/wp-json\/wp\/v2\/types\/post"}],"author":[{"embeddable":true,"href":"https:\/\/www.europesays.com\/fi\/wp-json\/wp\/v2\/users\/2"}],"replies":[{"embeddable":true,"href":"https:\/\/www.europesays.com\/fi\/wp-json\/wp\/v2\/comments?post=91324"}],"version-history":[{"count":0,"href":"https:\/\/www.europesays.com\/fi\/wp-json\/wp\/v2\/posts\/91324\/revisions"}],"wp:featuredmedia":[{"embeddable":true,"href":"https:\/\/www.europesays.com\/fi\/wp-json\/wp\/v2\/media\/81790"}],"wp:attachment":[{"href":"https:\/\/www.europesays.com\/fi\/wp-json\/wp\/v2\/media?parent=91324"}],"wp:term":[{"taxonomy":"category","embeddable":true,"href":"https:\/\/www.europesays.com\/fi\/wp-json\/wp\/v2\/categories?post=91324"},{"taxonomy":"post_tag","embeddable":true,"href":"https:\/\/www.europesays.com\/fi\/wp-json\/wp\/v2\/tags?post=91324"}],"curies":[{"name":"wp","href":"https:\/\/api.w.org\/{rel}","templated":true}]}}