{"id":91325,"date":"2025-11-16T05:57:08","date_gmt":"2025-11-16T05:57:08","guid":{"rendered":"https:\/\/www.europesays.com\/fi\/91325\/"},"modified":"2025-11-16T05:57:08","modified_gmt":"2025-11-16T05:57:08","slug":"hs-suomen-pankin-paajohtaja-olli-rehn-varoittaa-riskista-osakemarkkinoilla","status":"publish","type":"post","link":"https:\/\/www.europesays.com\/fi\/91325\/","title":{"rendered":"HS: Suomen Pankin p\u00e4\u00e4johtaja Olli Rehn varoittaa riskist\u00e4 osakemarkkinoilla"},"content":{"rendered":"<p>&#13;<br \/>\n        &#13;<br \/>\n&#13;<br \/>\n        &#13;<\/p>\n<p>            <a href=\"https:\/\/www.sss.fi\/wp-content\/uploads\/2025\/11\/1852513.jpg\" data-caption=\"Olli Rehn varoittaa osakemarkkinoiden mahdollisesta ylikuumenemisesta, kirjoittaa Helsingin Sanomat. LEHTIKUVA \/ Vesa Moilanen\" rel=\"nofollow noopener\" target=\"_blank\"><img loading=\"lazy\" decoding=\"async\" width=\"696\" height=\"463\" class=\"entry-thumb td-modal-image\" src=\"https:\/\/www.europesays.com\/fi\/wp-content\/uploads\/2025\/11\/1852513-696x463.jpg\"   alt=\"Olli Rehn varoittaa osakemarkkinoiden mahdollisesta ylikuumenemisesta, kirjoittaa Helsingin Sanomat. LEHTIKUVA \/ Vesa Moilanen\" title=\"Olli Rehn varoittaa osakemarkkinoiden mahdollisesta ylikuumenemisesta, kirjoittaa Helsingin Sanomat. LEHTIKUVA \/ Vesa Moilanen\"\/><\/a>Olli Rehn varoittaa osakemarkkinoiden mahdollisesta ylikuumenemisesta, kirjoittaa Helsingin Sanomat. LEHTIKUVA \/ Vesa Moilanen<\/p>\n<p>Suomen Pankin p\u00e4\u00e4johtaja Olli Rehn varoittaa osakemarkkinoiden mahdollisesta ylikuumenemisesta, kertoo <a href=\"https:\/\/www.hs.fi\/talous\/art-2000011615351.html\" rel=\"nofollow noopener\" target=\"_blank\">Helsingin Sanomat<\/a>. <\/p>\n<p>\u2013\u2009Osakemarkkinoilla on ilmeinen korjausliikkeen vaara. Siksi onkin t\u00e4rke\u00e4\u00e4, ett\u00e4 Euroopassa on yll\u00e4pidetty pankkien vahvoja p\u00e4\u00e4omapuskureita, Rehn sanoo HS:lle.<\/p>\n<p>Korjausliike tarkoittaa, ett\u00e4 keskeiset osakeindeksit heikkenisiv\u00e4t lyhyess\u00e4 ajassa yli kymmenen prosenttia.<\/p>\n<p>Rehn arvioi, ett\u00e4 osakkeiden arvot ovat Yhdysvaltojen teko\u00e4lybuumin takia sangen korkealla suhteessa reaalitalouden kehitykseen ja yritysten tuloksiin.<\/p>\n<p>Ylikuumenemisesta on varoittanut my\u00f6s esimerkiksi Kansainv\u00e4linen valuuttarahasto IMF.<\/p>\n<p>Rehn tuo HS:n haastattelussa esiin my\u00f6s, ett\u00e4 Suomessa on merkkej\u00e4 yritysten lainansaannin pullonkauloista, jotka voivat johtua pankkien puutteellisesta kilpailusta.<\/p>\n<p>        &#13;<br \/>\n&#13;<br \/>\n        &#13;<br \/>\n                        &#13;<br \/>\n            &#13;<br \/>\n&#13;<br \/>\n                                                        &#13;<br \/>\n&#13;<\/p>\n","protected":false},"excerpt":{"rendered":"&#13; &#13; &#13; &#13; Olli Rehn varoittaa osakemarkkinoiden mahdollisesta ylikuumenemisesta, kirjoittaa Helsingin Sanomat. LEHTIKUVA \/ Vesa Moilanen Suomen&hellip;\n","protected":false},"author":2,"featured_media":91326,"comment_status":"","ping_status":"","sticky":false,"template":"","format":"standard","meta":{"footnotes":""},"categories":[76],"tags":[79,77,33,31,30,32,78],"class_list":{"0":"post-91325","1":"post","2":"type-post","3":"status-publish","4":"format-standard","5":"has-post-thumbnail","7":"category-talous","8":"tag-business","9":"tag-economy","10":"tag-fi","11":"tag-finland","12":"tag-finnish","13":"tag-suomi","14":"tag-talous"},"share_on_mastodon":{"url":"https:\/\/pubeurope.com\/@fi\/115557842604144410","error":""},"_links":{"self":[{"href":"https:\/\/www.europesays.com\/fi\/wp-json\/wp\/v2\/posts\/91325","targetHints":{"allow":["GET"]}}],"collection":[{"href":"https:\/\/www.europesays.com\/fi\/wp-json\/wp\/v2\/posts"}],"about":[{"href":"https:\/\/www.europesays.com\/fi\/wp-json\/wp\/v2\/types\/post"}],"author":[{"embeddable":true,"href":"https:\/\/www.europesays.com\/fi\/wp-json\/wp\/v2\/users\/2"}],"replies":[{"embeddable":true,"href":"https:\/\/www.europesays.com\/fi\/wp-json\/wp\/v2\/comments?post=91325"}],"version-history":[{"count":0,"href":"https:\/\/www.europesays.com\/fi\/wp-json\/wp\/v2\/posts\/91325\/revisions"}],"wp:featuredmedia":[{"embeddable":true,"href":"https:\/\/www.europesays.com\/fi\/wp-json\/wp\/v2\/media\/91326"}],"wp:attachment":[{"href":"https:\/\/www.europesays.com\/fi\/wp-json\/wp\/v2\/media?parent=91325"}],"wp:term":[{"taxonomy":"category","embeddable":true,"href":"https:\/\/www.europesays.com\/fi\/wp-json\/wp\/v2\/categories?post=91325"},{"taxonomy":"post_tag","embeddable":true,"href":"https:\/\/www.europesays.com\/fi\/wp-json\/wp\/v2\/tags?post=91325"}],"curies":[{"name":"wp","href":"https:\/\/api.w.org\/{rel}","templated":true}]}}