{"id":91327,"date":"2025-11-16T05:59:11","date_gmt":"2025-11-16T05:59:11","guid":{"rendered":"https:\/\/www.europesays.com\/fi\/91327\/"},"modified":"2025-11-16T05:59:11","modified_gmt":"2025-11-16T05:59:11","slug":"anneli-auerin-tytar-lahetti-lampimia-viesteja-sijaisaitinsa-kanssa-vain-joitakin-vuosia-sitten","status":"publish","type":"post","link":"https:\/\/www.europesays.com\/fi\/91327\/","title":{"rendered":"Anneli Auerin tyt\u00e4r l\u00e4hetti l\u00e4mpimi\u00e4 viestej\u00e4 sijais\u00e4itins\u00e4 kanssa vain joitakin vuosia sitten"},"content":{"rendered":"<p>Anneli Auerin toiseksi vanhin tyt\u00e4r viestitteli vuonna 2019 huomattavan l\u00e4mpim\u00e4sti sijais\u00e4itins\u00e4 kanssa. Vain noin kuukautta my\u00f6hemmin h\u00e4n avautui isosiskolleen, kuinka oli alkanut \u201dajatella omilla aivoillaan\u201d.<\/p>\n<p class=\"article-body mb-nof-24 px-nof-16\">Seksuaalirikoksista syytetyn <a class=\"article-personlink\" href=\"https:\/\/www.is.fi\/haku\/?query=Anneli%20Auerin\" rel=\"nofollow noopener\" target=\"_blank\">Anneli Auerin<\/a> 23-vuotias tyt\u00e4r laittoi viel\u00e4 kuusi vuotta sitten lempeit\u00e4 viestej\u00e4 sijais\u00e4idilleen opiskeluvaihdosta ulkomailta.<\/p>\n<p class=\"article-body mb-nof-24 px-nof-16\">Asia selvi\u00e4\u00e4 julkiseksi tulleista oikeudenk\u00e4yntimateriaaleista.<\/p>\n<p class=\"article-body mb-nof-24 px-nof-16\">Tyt\u00e4r on Auerin nelj\u00e4st\u00e4 lapsesta toiseksi nuorin. H\u00e4n oli viestittelyn aikaan 17-vuotias.<\/p>\n<p class=\"article-body mb-nof-24 px-nof-16\">Auerin lapset sijoitettiin vuonna 2010 Auerin veljen ja t\u00e4m\u00e4n vaimon luokse asumaan. Viestien aikaan vuonna 2019 tyt\u00e4r oli muuttanut pois sijaisperheest\u00e4 ja l\u00e4htenyt vaihtoon.<\/p>\n<p class=\"article-body mb-nof-24 px-nof-16\">Sijaisvanhemmilla on iso rooli Anneli Auerin ja <a class=\"article-personlink\" href=\"https:\/\/www.is.fi\/haku\/?query=Jens%20Ihlen\" rel=\"nofollow noopener\" target=\"_blank\">Jens Ihlen<\/a> (ent. Kukka) uudessa seksuaalirikosoikeudenk\u00e4ynniss\u00e4.<\/p>\n<p class=\"article-body mb-nof-24 px-nof-16\">Raskaita syyt\u00f6ksi\u00e4 \u00e4idist\u00e4\u00e4n aikaisemmin kertoneet lapset ovat sanoneet aikuisina, ett\u00e4 he valehtelivat sijaisvanhempiensa painostuksesta tarinansa Auerista ja Ihlest\u00e4.<\/p>\n<p class=\"article-body mb-nof-24 px-nof-16\">Kertomukset seksuaalisesta hyv\u00e4ksik\u00e4yt\u00f6st\u00e4 ja v\u00e4kivallasta johtivat aikanaan poliisitutkintaan, Auerin ja Ihlen vankeustuomioihin ja nyt uuteen seksuaalirikosoikeudenk\u00e4yntiin.<\/p>\n<p><img decoding=\"async\" src=\"https:\/\/www.europesays.com\/fi\/wp-content\/uploads\/2025\/11\/1763272748_945_468.jpg\" alt=\"Anneli Auerin tyt\u00e4r keskusteli l\u00e4mpim\u00e4sti sijais\u00e4itins\u00e4 kanssa vuonna 2019.\" class=\"_Img_1rerz_1\" style=\"aspect-ratio:1.5\" loading=\"eager\"\/><\/p>\n<p class=\"article-picture-caption\">Anneli Auerin tyt\u00e4r keskusteli l\u00e4mpim\u00e4sti sijais\u00e4itins\u00e4 kanssa vuonna 2019. Kuva:\u00a0Roni Lehti \/ Lehtikuva<\/p>\n<p class=\"article-body mb-nof-24 px-nof-16\">Lue lis\u00e4\u00e4: <a class=\"article-genericlink\" href=\"https:\/\/www.is.fi\/kotimaa\/art-2000011626800.html\" rel=\"nofollow noopener\" target=\"_blank\">Viestit julki: N\u00e4in Anneli Auerin tytt\u00e4ret juttelivat vuosien tauon j\u00e4lkeen<\/a><\/p>\n<p class=\"article-body mb-nof-24 px-nof-16\">Uudet oikeudenk\u00e4yntimateriaalit paljastivat my\u00f6s<a class=\"article-genericlink\" href=\"https:\/\/www.is.fi\/kotimaa\/art-2000011626800.html\" rel=\"nofollow noopener\" target=\"_blank\"> nykyisin 23- ja 28-vuotiaiden siskosten keskin\u00e4ist\u00e4 viestittely\u00e4<\/a> vuosien tauon j\u00e4lkeen hein\u00e4kuussa 2019.<\/p>\n<p class=\"article-body mb-nof-24 px-nof-16\">Vanhempi sisko kertoi tuolloin pel\u00e4nneens\u00e4, mit\u00e4 nuoremmista \u201doli j\u00e4ljell\u00e4\u201d sijaisvanhempien luona asumisen j\u00e4lkeen.<\/p>\n<p class=\"article-body mb-nof-24 px-nof-16\">Oikeudessa on tuotu ilmi, ett\u00e4 <a class=\"article-genericlink\" href=\"https:\/\/www.is.fi\/kotimaa\/art-2000011525285.html\" rel=\"nofollow noopener\" target=\"_blank\">lapset olisivat joutuneet el\u00e4m\u00e4\u00e4n Auerin veljen ja t\u00e4m\u00e4n vaimon luona tiukkojen s\u00e4\u00e4nt\u00f6jen keskell\u00e4<\/a>. V\u00e4itteiden mukaan sijaisvanhemmat my\u00f6s tenttasivat lapsia tiukasti heid\u00e4n is\u00e4ns\u00e4 <a class=\"article-personlink\" href=\"https:\/\/www.is.fi\/haku\/?query=Jukka%20S.%20Lahden\" rel=\"nofollow noopener\" target=\"_blank\">Jukka S. Lahden<\/a> murhasta.<\/p>\n<p class=\"article-body mb-nof-24 px-nof-16\">Nuorempi sisko, viestien aikaan 17-vuotias, viestitti, ett\u00e4 oli alkanut omien sanojensa mukaan mietti\u00e4 \u201denemm\u00e4n omilla aivoillaan\u201d ja koki vaikeaksi puhua enon luona asutusta ajasta. H\u00e4n kuitenkin kuvaili, ett\u00e4 v\u00e4lit sijaisvanhempiin olivat \u201dihan ok:t\u201d.<\/p>\n<p class=\"article-body mb-nof-24 px-nof-16\">Vain kuukautta aikaisemmin kyseinen tyt\u00e4r oli viestitellyt sijais\u00e4itins\u00e4 kanssa hyvin l\u00e4mpim\u00e4sti. Viesteiss\u00e4 oli puolin ja toisin syd\u00e4mi\u00e4 ja rakkauden toivotuksia.<\/p>\n<p class=\"article-body mb-nof-24 px-nof-16\">Todisteisiin kuuluvat viestit alkavat tammikuulta 2019.<\/p>\n<p class=\"article-body mb-nof-24 px-nof-16\">Sijais\u00e4iti viestitti tuolloin teini-ik\u00e4iselle tyt\u00f6lle ja kysyi muun muassa, miten matka vaihtomaahan oli sujunut ja oliko tyt\u00f6ll\u00e4 ollut jet lagia.<\/p>\n<p class=\"article-body mb-nof-24 px-nof-16\">17-vuotias kertoi sijais\u00e4idille pari p\u00e4iv\u00e4\u00e4 my\u00f6hemmin, ett\u00e4 h\u00e4nell\u00e4 oli kova koti-ik\u00e4v\u00e4.<\/p>\n<p class=\"article-body mb-nof-24 px-nof-16\">\u2013 Minulla on ihan hirve\u00e4 koti-ik\u00e4v\u00e4 ja haluan vain tulla takaisin sinne. Toivon mukaan se menee t\u00e4st\u00e4 ohi mutta nyt tuntuu kyll\u00e4 aika pahalta, ja silti pit\u00e4\u00e4 koko ajan olla innostunut kaikesta, tytt\u00f6 kirjoitti.<\/p>\n<p><img decoding=\"async\" src=\"https:\/\/www.europesays.com\/fi\/wp-content\/uploads\/2025\/11\/1763272748_143_468.jpg\" alt=\"Sijais\u00e4iti vastasi tyt\u00f6n viesteihin hyvin lempe\u00e4sti.\" class=\"_Img_1rerz_1\" style=\"aspect-ratio:2.5806451612903225\" loading=\"eager\"\/><\/p>\n<p class=\"article-picture-caption\">Sijais\u00e4iti vastasi tyt\u00f6n viesteihin hyvin lempe\u00e4sti. Kuva:\u00a0oikeudenk\u00e4yntimateriaali<\/p>\n<p class=\"article-body mb-nof-24 px-nof-16\">Tytt\u00f6 sanoi, ett\u00e4 h\u00e4n oli innoissaan koulusta, mutta h\u00e4nt\u00e4 ei kiinnostanut tutustua ihmisiin. Useissa viesteiss\u00e4 h\u00e4n kertoi rakastavansa sijais\u00e4iti\u00e4\u00e4n ja muuta perhett\u00e4\u00e4n.<\/p>\n<p class=\"article-body mb-nof-24 px-nof-16\">\u2013 P.S. Olette rakkaita, \u00e4lk\u00e4\u00e4k\u00e4 huolestuko jos en vastaa heti viesteihisi \u2013 on vain aika paljon sulattelemista kaikessa ja uuteen totutteleminen tuntuu viev\u00e4n kaiken energian, tyt\u00e4r kirjoitti.<\/p>\n<p class=\"article-body mb-nof-24 px-nof-16\">My\u00f6s my\u00f6hemmiss\u00e4 viesteiss\u00e4 s\u00e4vy on varsin l\u00e4mmin ja niiss\u00e4 muistutetaan runsaasti rakkaudesta toista kohtaan.<\/p>\n<p class=\"article-body mb-nof-24 px-nof-16\">Sijais\u00e4iti kyseli tyt\u00f6n kuulumisia toukokuun 7. p\u00e4iv\u00e4 2019. Tuolloin tytt\u00f6 kertoi, ett\u00e4 h\u00e4n haluaisi takaisin kotiin.<\/p>\n<p class=\"article-body mb-nof-24 px-nof-16\">Lue lis\u00e4\u00e4: <a class=\"article-genericlink\" href=\"https:\/\/www.is.fi\/kotimaa\/art-2000011521347.html\" rel=\"nofollow noopener\" target=\"_blank\">Asiakirjat paljastavat hyyt\u00e4vi\u00e4 yksityiskohtia Anneli Auerin lasten el\u00e4m\u00e4st\u00e4 sijaisperheess\u00e4<\/a><\/p>\n<p><img decoding=\"async\" src=\"https:\/\/www.europesays.com\/fi\/wp-content\/uploads\/2025\/11\/1763272749_181_468.jpg\" alt=\"Tytt\u00f6 allekirjoitti viestins\u00e4 aina syd\u00e4min ja sanoi, ett\u00e4 rakastaa sijaisvanhempiaan.\" class=\"_Img_1rerz_1\" style=\"aspect-ratio:3.3391304347826085\" loading=\"eager\"\/><\/p>\n<p class=\"article-picture-caption\">Tytt\u00f6 allekirjoitti viestins\u00e4 aina syd\u00e4min ja sanoi, ett\u00e4 rakastaa sijaisvanhempiaan. Kuva:\u00a0oikeudenk\u00e4yntimateriaali<\/p>\n<p class=\"article-body mb-nof-24 px-nof-16\">17-vuotias kertoi kokevansa kovia tunnontuskia vaihdon mahdollisesta keskeytt\u00e4misest\u00e4, mutta kaipasi kovasti kotiin.<\/p>\n<p class=\"article-body mb-nof-24 px-nof-16\">\u2013 En my\u00f6sk\u00e4\u00e4n halua tuottaa pettymyst\u00e4 kaikille j\u00e4tt\u00e4m\u00e4ll\u00e4 vaihtovuoteni kesken, enk\u00e4 halua olla mik\u00e4\u00e4n luuseri, mutta minusta todella tuntuu, ett\u00e4 olisin onnellisempi kotona.<\/p>\n<p class=\"article-body mb-nof-24 px-nof-16\">Sijais\u00e4iti vastasi tyt\u00f6lle empaattisesti ja ehdotti erilaisia ratkaisuja. H\u00e4n toivoi, ett\u00e4 valoisammat ajat koittaisivat.<\/p>\n<p class=\"article-body mb-nof-24 px-nof-16\">\u2013 Syd\u00e4nt\u00e4 riipaisee, voimahalaukset t\u00e4\u00e4lt\u00e4 k\u00e4sin sinulle.<\/p>\n<p class=\"article-body mb-nof-24 px-nof-16\">Lue lis\u00e4\u00e4: <a class=\"article-genericlink\" href=\"https:\/\/www.is.fi\/kotimaa\/art-2000011626702.html\" rel=\"nofollow noopener\" target=\"_blank\">Lausunto Anneli Auerin mielentilasta julki \u2013 t\u00e4llaiseksi h\u00e4nen persoonaansa kuvailtiin<\/a><\/p>\n<p><img decoding=\"async\" src=\"https:\/\/www.europesays.com\/fi\/wp-content\/uploads\/2025\/11\/1763272749_679_468.jpg\" alt=\"Sijais\u00e4iti yritti helpottaa tyt\u00f6n oloa ulkomailla.\" class=\"_Img_1rerz_1\" style=\"aspect-ratio:4.93573264781491\" loading=\"eager\"\/><\/p>\n<p class=\"article-picture-caption\">Sijais\u00e4iti yritti helpottaa tyt\u00f6n oloa ulkomailla. Kuva:\u00a0oikeudenk\u00e4yntimateriaali<\/p>\n<p><img decoding=\"async\" src=\"https:\/\/www.europesays.com\/fi\/wp-content\/uploads\/2025\/11\/1763272749_652_468.jpg\" alt=\"\" class=\"_Img_1rerz_1\" style=\"aspect-ratio:2.0622986036519872\" loading=\"eager\"\/><\/p>\n<p class=\"article-picture-caption\">Kuva:\u00a0oikeudenk\u00e4yntimateriaali<\/p>\n<p class=\"article-body mb-nof-24 px-nof-16\">Tytt\u00f6 ei edelleenk\u00e4\u00e4n kokenut voivansa hyvin vaihdossa. H\u00e4n kirjoitti voinnistaan sijais\u00e4idille taas 10. toukokuuta.<\/p>\n<p class=\"article-body mb-nof-24 px-nof-16\">Sijais\u00e4iti vastasi seuraavana p\u00e4iv\u00e4n\u00e4 ja kertoi, ettei tyt\u00f6n tarvitse pel\u00e4t\u00e4 pettymyksen tuottamista sijaisvanhemmille.<\/p>\n<p class=\"article-body mb-nof-24 px-nof-16\">\u2013 Haluaisimme sinun olevan onnellinen, mutta emme todellakaan halua sinun n\u00e4yttelev\u00e4n sellaista mit\u00e4 et ole. Sin\u00e4 el\u00e4t itse\u00e4si varten, et ket\u00e4\u00e4n muuta varten. Kenelle ajattelet tuottavasi pettymyksen?<\/p>\n<p class=\"article-body mb-nof-24 px-nof-16\">Vastausviestiss\u00e4 tytt\u00f6 toivotti sijais\u00e4idille hyv\u00e4\u00e4 \u00e4itienp\u00e4iv\u00e4\u00e4 ja kutsui sijais\u00e4iti\u00e4 rakkaaksi.<\/p>\n<p><img decoding=\"async\" src=\"https:\/\/www.europesays.com\/fi\/wp-content\/uploads\/2025\/11\/1763272749_839_468.jpg\" alt=\"Tytt\u00f6 toivotti sijais\u00e4idilleen hyv\u00e4\u00e4 \u00e4itienp\u00e4iv\u00e4\u00e4 toukokuussa 2019.\" class=\"_Img_1rerz_1\" style=\"aspect-ratio:2.269503546099291\" loading=\"eager\"\/><\/p>\n<p class=\"article-picture-caption\">Tytt\u00f6 toivotti sijais\u00e4idilleen hyv\u00e4\u00e4 \u00e4itienp\u00e4iv\u00e4\u00e4 toukokuussa 2019. Kuva:\u00a0oikeudenk\u00e4yntimateriaali<\/p>\n<p class=\"article-body mb-nof-24 px-nof-16\">Muutamaa p\u00e4iv\u00e4\u00e4 my\u00f6hemmin tytt\u00f6 p\u00e4\u00e4tti, ett\u00e4 h\u00e4n palaa Suomeen. Sijais\u00e4iti kirjoitti h\u00e4nelle 16. toukokuuta 2019:<\/p>\n<p class=\"article-body mb-nof-24 px-nof-16\">\u2013 Kuulimme t\u00e4n\u00e4\u00e4n p\u00e4\u00e4t\u00f6ksest\u00e4si l\u00e4hte\u00e4 takaisin Suomeen. Meid\u00e4n mielest\u00e4mme se on ihan hyv\u00e4 ratkaisu, tied\u00e4t kuitenkin itse parhaiten mik\u00e4 on sinulle hyv\u00e4ksi. Miss\u00e4\u00e4n nimess\u00e4 et ole ep\u00e4onnistunut, vaan on ihan oikein muuttaa suuntaa silloin kun huomaa, ettei uusi paikka vastaakaan odotuksia.<\/p>\n<p><img decoding=\"async\" src=\"https:\/\/www.europesays.com\/fi\/wp-content\/uploads\/2025\/11\/1763272749_360_468.jpg\" alt=\"Sijais\u00e4iti lohdutti tytt\u00f6\u00e4. H\u00e4n kertoi, ett\u00e4 sijaisvanhemmat rakastavat tytt\u00f6\u00e4 kovasti.\" class=\"_Img_1rerz_1\" style=\"aspect-ratio:2.5806451612903225\" loading=\"eager\"\/><\/p>\n<p class=\"article-picture-caption\">Sijais\u00e4iti lohdutti tytt\u00f6\u00e4. H\u00e4n kertoi, ett\u00e4 sijaisvanhemmat rakastavat tytt\u00f6\u00e4 kovasti. Kuva:\u00a0oikeudenk\u00e4yntimateriaali<\/p>\n<p class=\"article-body mb-nof-24 px-nof-16\">\u2013 Joskus vain on l\u00e4hdett\u00e4v\u00e4 kauas n\u00e4hd\u00e4kseen l\u00e4helle, kuten joku viisas on joskus sanonut. Rakastamme sinua valtavasti, sijais\u00e4iti kirjoitti tyt\u00f6lle runsain syd\u00e4nhymi\u00f6in.<\/p>\n<p class=\"article-body mb-nof-24 px-nof-16\">17-vuotias tytt\u00f6 kiitti sijais\u00e4iti\u00e4\u00e4n ymm\u00e4rryksest\u00e4 syd\u00e4min.<\/p>\n<p>T\u00e4st\u00e4 on kyse<\/p>\n<p><img decoding=\"async\" src=\"https:\/\/www.europesays.com\/fi\/wp-content\/uploads\/2025\/10\/1761025150_384_468.jpg\" alt=\"\" class=\"_Img_1rerz_1\" style=\"aspect-ratio:1.7777777777777777\" loading=\"eager\"\/><\/p>\n<p class=\"article-picture-caption\">Kuva:\u00a0Aleksi Jalava \/ IS, Roni Lehti \/ Lehtikuva, Bo Stranden, Joel Maisalmi<\/p>\n<ul class=\"mb-nof-16 px-nof-16 article-unordered-list unordered-list\">\n<li class=\"unordered-list-item\">\n<p class=\"article-body\">Anneli Auer, 60, ja Jens Kukka, 62, tuomittiin 2013 Turun hovioikeudessa <a class=\"article-genericlink\" href=\"https:\/\/www.is.fi\/artikkeli\/art-2000009417299.html\" rel=\"nofollow noopener\" target=\"_blank\">pitkiin vankeusrangaistuksiin <\/a>seksuaali- ja v\u00e4kivaltarikoksista. Asianomistajina oli Auerin nelj\u00e4 lasta.<\/p>\n<\/li>\n<li class=\"unordered-list-item\">\n<p class=\"article-body\">Auer tuomittiin 7,5 vuoden ja Kukka 10 vuoden vankeuteen muun muassa t\u00f6rkeist\u00e4 lapsen seksuaalisista hyv\u00e4ksik\u00e4yt\u00f6ist\u00e4. He kiistiv\u00e4t syyllisyytens\u00e4. Tuomiot perustuivat pitk\u00e4lti Auerin lasten kertomuksiin.<\/p>\n<\/li>\n<\/ul>\n<ul class=\"mb-nof-16 px-nof-16 article-unordered-list unordered-list\">\n<li class=\"unordered-list-item\">\n<p class=\"article-body\">Alkuvuonna 2023 ex-pari kertoi hakeneensa tuomioilleen <a class=\"article-genericlink\" href=\"https:\/\/www.is.fi\/artikkeli\/art-2000009416812.html\" rel=\"nofollow noopener\" target=\"_blank\">purkua korkeimmasta oikeudesta<\/a>. Auerin aikuisiksi varttuneet kolme nuorinta lasta kertoivat<a class=\"article-genericlink\" href=\"https:\/\/www.is.fi\/artikkeli\/art-2000009628408.html\" rel=\"nofollow noopener\" target=\"_blank\"> sepitt\u00e4neens\u00e4 tarinat<\/a> \u00e4itins\u00e4 ja t\u00e4m\u00e4n miesyst\u00e4v\u00e4n seksuaalisesta hyv\u00e4ksik\u00e4yt\u00f6st\u00e4.<\/p>\n<\/li>\n<li class=\"unordered-list-item\">\n<p class=\"article-body\">Lapset olivat el\u00e4neet sijaisperheess\u00e4 Auerin veljen luona vuodesta 2009. Lasten mukaan heid\u00e4t oli painostettu valheisiin sijaisperheess\u00e4.<\/p>\n<\/li>\n<li class=\"unordered-list-item\">\n<p class=\"article-body\">Joulukuussa 2024 KKO purki tuomion, joka oli perustunut pitk\u00e4lti Auerin lasten kertomuksiin. Asia palautui Varsinais-Suomen k\u00e4r\u00e4j\u00e4oikeuden k\u00e4sittelyyn.<\/p>\n<\/li>\n<\/ul>\n","protected":false},"excerpt":{"rendered":"Anneli Auerin toiseksi vanhin tyt\u00e4r viestitteli vuonna 2019 huomattavan l\u00e4mpim\u00e4sti sijais\u00e4itins\u00e4 kanssa. Vain noin kuukautta my\u00f6hemmin h\u00e4n avautui&hellip;\n","protected":false},"author":2,"featured_media":91328,"comment_status":"","ping_status":"","sticky":false,"template":"","format":"standard","meta":{"footnotes":""},"categories":[12],"tags":[22,23,26,27,33,31,30,17,34,24,25,28,29,15,18,21,32,19,20,16],"class_list":{"0":"post-91327","1":"post","2":"type-post","3":"status-publish","4":"format-standard","5":"has-post-thumbnail","7":"category-suomi","8":"tag-breaking-news","9":"tag-breakingnews","10":"tag-featured-news","11":"tag-featurednews","12":"tag-fi","13":"tag-finland","14":"tag-finnish","15":"tag-headlines","16":"tag-ilta-sanomat","17":"tag-latest-news","18":"tag-latestnews","19":"tag-main-news","20":"tag-mainnews","21":"tag-news","22":"tag-otsikot","23":"tag-paauutiset","24":"tag-suomi","25":"tag-top-stories","26":"tag-topstories","27":"tag-uutiset"},"share_on_mastodon":{"url":"https:\/\/pubeurope.com\/@fi\/115557850627123300","error":""},"_links":{"self":[{"href":"https:\/\/www.europesays.com\/fi\/wp-json\/wp\/v2\/posts\/91327","targetHints":{"allow":["GET"]}}],"collection":[{"href":"https:\/\/www.europesays.com\/fi\/wp-json\/wp\/v2\/posts"}],"about":[{"href":"https:\/\/www.europesays.com\/fi\/wp-json\/wp\/v2\/types\/post"}],"author":[{"embeddable":true,"href":"https:\/\/www.europesays.com\/fi\/wp-json\/wp\/v2\/users\/2"}],"replies":[{"embeddable":true,"href":"https:\/\/www.europesays.com\/fi\/wp-json\/wp\/v2\/comments?post=91327"}],"version-history":[{"count":0,"href":"https:\/\/www.europesays.com\/fi\/wp-json\/wp\/v2\/posts\/91327\/revisions"}],"wp:featuredmedia":[{"embeddable":true,"href":"https:\/\/www.europesays.com\/fi\/wp-json\/wp\/v2\/media\/91328"}],"wp:attachment":[{"href":"https:\/\/www.europesays.com\/fi\/wp-json\/wp\/v2\/media?parent=91327"}],"wp:term":[{"taxonomy":"category","embeddable":true,"href":"https:\/\/www.europesays.com\/fi\/wp-json\/wp\/v2\/categories?post=91327"},{"taxonomy":"post_tag","embeddable":true,"href":"https:\/\/www.europesays.com\/fi\/wp-json\/wp\/v2\/tags?post=91327"}],"curies":[{"name":"wp","href":"https:\/\/api.w.org\/{rel}","templated":true}]}}