{"id":91331,"date":"2025-11-16T06:12:10","date_gmt":"2025-11-16T06:12:10","guid":{"rendered":"https:\/\/www.europesays.com\/fi\/91331\/"},"modified":"2025-11-16T06:12:10","modified_gmt":"2025-11-16T06:12:10","slug":"tata-et-nahnyt-tvssa-mari-hynynen-ramppasi-palmupuun-takana-tuntemattomien-silmien-edessa-sorry","status":"publish","type":"post","link":"https:\/\/www.europesays.com\/fi\/91331\/","title":{"rendered":"T\u00e4t\u00e4 et n\u00e4hnyt tv:ss\u00e4: Mari Hynynen ramppasi palmupuun takana tuntemattomien silmien edess\u00e4 \u2013 \u201dSorry\u201d"},"content":{"rendered":"<p>Mari Hynynen ja Joel Volanen paljastavat, mit\u00e4 tv-katsojille ei n\u00e4ytet\u00e4 Amazing Race Suomi -ohjelmassa.<\/p>\n<p class=\"article-body mb-nof-24 px-nof-16\">Amazing Race Suomi -ohjelmassa n\u00e4hd\u00e4\u00e4n uudella kaudella jotain sellaista, mit\u00e4 ohjelmassa ei aiemmin olla n\u00e4hty, kun h\u00e4t\u00e4 yll\u00e4tt\u00e4\u00e4 podcast-juontaja <a class=\"article-personlink\" href=\"https:\/\/www.is.fi\/haku\/?query=Tomas%20Grekovin\" rel=\"nofollow noopener\" target=\"_blank\">Tomas Grekovin<\/a> appiukko <a class=\"article-personlink\" href=\"https:\/\/www.is.fi\/haku\/?query=Esko%20Rotola-Pukkolan\" rel=\"nofollow noopener\" target=\"_blank\">Esko Rotola-Pukkolan<\/a> kesken teht\u00e4v\u00e4n. Grekov j\u00e4\u00e4 huhuilemaan vessan ulkopuolelle, kun appiukko pit\u00e4\u00e4 pienen paussin.<\/p>\n<p class=\"article-body mb-nof-24 px-nof-16\">Juontaja <a class=\"article-personlink\" href=\"https:\/\/www.is.fi\/haku\/?query=Heikki%20Paasonen\" rel=\"nofollow noopener\" target=\"_blank\">Heikki Paasonen<\/a> vitsaili ohjelman lehdist\u00f6tilaisuudessa vessareissun olevan luultavasti ensimm\u00e4inen laatuaan, joka esitet\u00e4\u00e4n sarjan suomalaisversiossa.<\/p>\n<p class=\"article-body mb-nof-24 px-nof-16\">Poikansa <a class=\"article-personlink\" href=\"https:\/\/www.is.fi\/haku\/?query=Joel%20Volasen\" rel=\"nofollow noopener\" target=\"_blank\">Joel Volasen<\/a>, 25, kanssa kilpaileva <a class=\"article-personlink\" href=\"https:\/\/www.is.fi\/haku\/?query=Mari%20Hynynen\" rel=\"nofollow noopener\" target=\"_blank\">Mari Hynynen<\/a>, 55, paljastaa, ett\u00e4 kamerat eiv\u00e4t t\u00e4lt\u00e4 osin todellakaan n\u00e4ytt\u00e4neet koko totuutta kilpailijoiden reissuhulinasta.<\/p>\n<p class=\"article-body mb-nof-24 px-nof-16\">Esimerkiksi niiss\u00e4 maissa, jossa l\u00e4mp\u00f6tila huiteli yli 30 asteessa, kilpailijat joutuivat jatkuvasti juomaan vett\u00e4.<\/p>\n<p class=\"article-body mb-nof-24 px-nof-16\">\u2013 Seh\u00e4n tarkoitti sit\u00e4, ett\u00e4 vessassa piti juosta ihan koko ajan. Ensimm\u00e4isess\u00e4 jaksossa ei n\u00e4ytet\u00e4, mutta meill\u00e4 meni paljon aikaa siihen, ett\u00e4 kaikkien teht\u00e4vien v\u00e4liss\u00e4 piti etsi\u00e4 vessa. Tai mik\u00e4 \u201dvessa\u201d se milloinkin kohteessa oli. Jopi joutui aina odottelemaan, ett\u00e4 mik\u00e4 palmun takana se \u00e4iti nyt on, Hynynen naurahtaa.<\/p>\n<p class=\"article-body mb-nof-24 px-nof-16\">Joel Volanen puolestaan sanoo, ett\u00e4 my\u00f6s monet teht\u00e4v\u00e4t n\u00e4ytt\u00e4v\u00e4t tv:ss\u00e4 paljon lyhyemmilt\u00e4 kuin ne oikeasti olivatkaan. Esimerkiksi avausjakson jousiammuntateht\u00e4v\u00e4ss\u00e4 h\u00e4n sanoo hikoilleensa varmaan tunnin verran, vaikka kaikki n\u00e4ytt\u00e4\u00e4kin jaksossa sujuvan sukkelaan.<\/p>\n<p class=\"article-body mb-nof-24 px-nof-16\">\u2013 Hirve\u00e4n armollisesti oli esimerkiksi jousiammuntateht\u00e4v\u00e4 kuvattu, kun oikeasti olin siell\u00e4 sikapitk\u00e4\u00e4n. Ammuin sata nuolta. Kaksi kertaa osuin maaliin ja ehdin jo iloita, ett\u00e4 nyt t\u00e4m\u00e4 k\u00e4rsimys on ohi. Sitten nuoli nyt pomppasi irti, eik\u00e4 niit\u00e4 laskettu osumiksi, Volanen sanoo.<\/p>\n<p><img decoding=\"async\" src=\"https:\/\/www.europesays.com\/fi\/wp-content\/uploads\/2025\/11\/1763273530_688_468.jpg\" alt=\"Mari Hynynen kilpailee 30\u202f000 euron voittopotista poikansa Joel Volasen kanssa.\" class=\"_Img_1rerz_1\" style=\"aspect-ratio:1.25\" loading=\"eager\"\/><\/p>\n<p class=\"article-picture-caption\">Mari Hynynen kilpailee 30\u202f000 euron voittopotista poikansa Joel Volasen kanssa. Kuva:\u00a0Mojo Er\u00e4mets\u00e4\/Sanoma<\/p>\n<p class=\"article-body mb-nof-24 px-nof-16\">Sit\u00e4k\u00e4\u00e4n kamerat eiv\u00e4t paljasta, ett\u00e4 Mari Hynynen k\u00e4rsi kuvauksissa viheli\u00e4isest\u00e4 vaivasta.<\/p>\n<p class=\"article-body mb-nof-24 px-nof-16\">H\u00e4n oli ennen Amazing Racen kuvauksia reissussa Yhdysvalloissa puolisonsa <a class=\"article-personlink\" href=\"https:\/\/www.is.fi\/haku\/?query=Jouni%20Hynysen\" rel=\"nofollow noopener\" target=\"_blank\">Jouni Hynysen<\/a> kanssa. Kotona h\u00e4n ehti huilata vain pari p\u00e4iv\u00e4\u00e4 ennen kuin laukut piti pakata taas ja suunnata kohti tuntematonta Amazing Racessa.<\/p>\n<p class=\"article-body mb-nof-24 px-nof-16\">\u2013 En tied\u00e4, voiko kisaan varsinaisesti valmistautua mitenk\u00e4\u00e4n, mutta olisi ollut hyv\u00e4, jos olisi voinut ottaa edes muutaman juoksuaskeleen. Mulla oli marssimurtuma kantap\u00e4\u00e4ss\u00e4 viel\u00e4 kaksi p\u00e4iv\u00e4\u00e4 ennen l\u00e4ht\u00f6\u00e4 en voinut laittaa kantap\u00e4\u00e4t\u00e4 maahan, Hynynen paljastaa.<\/p>\n<p class=\"article-body mb-nof-24 px-nof-16\">Pelkk\u00e4\u00e4 s\u00e4nt\u00e4ily\u00e4 teht\u00e4v\u00e4st\u00e4 toiseen reissu ei ollut, sill\u00e4 kilpailijoilla oli my\u00f6s huilip\u00e4ivi\u00e4. Tuolloin aikaa vietettiin visusti sis\u00e4tiloissa, eik\u00e4 n\u00e4ht\u00e4vyyksi\u00e4 katselemassa.<\/p>\n<p class=\"article-body mb-nof-24 px-nof-16\">\u2013 Olimme maailman hienoimmissa paikoissa, mutta hotellista ei saanut poistua, Volanen sanoo.<\/p>\n<p class=\"article-body mb-nof-24 px-nof-16\">\u2013 Aina kun oli joku tauko, niin olin j\u00e4rjest\u00e4m\u00e4ss\u00e4 peli\u00e4. Meill\u00e4 oli <a class=\"article-personlink\" href=\"https:\/\/www.is.fi\/haku\/?query=Artturin\" rel=\"nofollow noopener\" target=\"_blank\">Artturin<\/a> (Sieppi) kanssa Skip-Bo-korttipakat mukana, joten organisoimme pelej\u00e4, Hynynen kertoo.<\/p>\n<p><img decoding=\"async\" src=\"https:\/\/www.europesays.com\/fi\/wp-content\/uploads\/2025\/11\/1763273530_959_468.jpg\" alt=\"Amazing Race Suomessa kilpailijat aloittavat reissunsa Helsingist\u00e4. Kisa huipentuu siihen, kun nopein pari ylitt\u00e4\u00e4 maaliviivan j\u00e4lleen Helsingiss\u00e4 noin nelj\u00e4n viikon seikkailun j\u00e4lkeen.\" class=\"_Img_1rerz_1\" style=\"aspect-ratio:1.5\" loading=\"eager\"\/><\/p>\n<p class=\"article-picture-caption\">Amazing Race Suomessa kilpailijat aloittavat reissunsa Helsingist\u00e4. Kisa huipentuu siihen, kun nopein pari ylitt\u00e4\u00e4 maaliviivan j\u00e4lleen Helsingiss\u00e4 noin nelj\u00e4n viikon seikkailun j\u00e4lkeen. Kuva:\u00a0Mojo Er\u00e4mets\u00e4\/Sanoma<\/p>\n<p class=\"article-body nof-ui-body-medium mb-nof-24 px-nof-16\">Amazing Race Suomi Nelonen lauantaisin klo 19.30. Nelonen, Ruutu ja Ilta-Sanomat ovat osa Sanoma-konsernia.<\/p>\n","protected":false},"excerpt":{"rendered":"Mari Hynynen ja Joel Volanen paljastavat, mit\u00e4 tv-katsojille ei n\u00e4ytet\u00e4 Amazing Race Suomi -ohjelmassa. Amazing Race Suomi -ohjelmassa&hellip;\n","protected":false},"author":2,"featured_media":91332,"comment_status":"","ping_status":"","sticky":false,"template":"","format":"standard","meta":{"footnotes":""},"categories":[136],"tags":[407,137,33,31,30,34,408,32,109],"class_list":{"0":"post-91331","1":"post","2":"type-post","3":"status-publish","4":"format-standard","5":"has-post-thumbnail","7":"category-julkkikset","8":"tag-celebrities","9":"tag-entertainment","10":"tag-fi","11":"tag-finland","12":"tag-finnish","13":"tag-ilta-sanomat","14":"tag-julkkikset","15":"tag-suomi","16":"tag-viihde"},"share_on_mastodon":{"url":"https:\/\/pubeurope.com\/@fi\/115557901620354767","error":""},"_links":{"self":[{"href":"https:\/\/www.europesays.com\/fi\/wp-json\/wp\/v2\/posts\/91331","targetHints":{"allow":["GET"]}}],"collection":[{"href":"https:\/\/www.europesays.com\/fi\/wp-json\/wp\/v2\/posts"}],"about":[{"href":"https:\/\/www.europesays.com\/fi\/wp-json\/wp\/v2\/types\/post"}],"author":[{"embeddable":true,"href":"https:\/\/www.europesays.com\/fi\/wp-json\/wp\/v2\/users\/2"}],"replies":[{"embeddable":true,"href":"https:\/\/www.europesays.com\/fi\/wp-json\/wp\/v2\/comments?post=91331"}],"version-history":[{"count":0,"href":"https:\/\/www.europesays.com\/fi\/wp-json\/wp\/v2\/posts\/91331\/revisions"}],"wp:featuredmedia":[{"embeddable":true,"href":"https:\/\/www.europesays.com\/fi\/wp-json\/wp\/v2\/media\/91332"}],"wp:attachment":[{"href":"https:\/\/www.europesays.com\/fi\/wp-json\/wp\/v2\/media?parent=91331"}],"wp:term":[{"taxonomy":"category","embeddable":true,"href":"https:\/\/www.europesays.com\/fi\/wp-json\/wp\/v2\/categories?post=91331"},{"taxonomy":"post_tag","embeddable":true,"href":"https:\/\/www.europesays.com\/fi\/wp-json\/wp\/v2\/tags?post=91331"}],"curies":[{"name":"wp","href":"https:\/\/api.w.org\/{rel}","templated":true}]}}