{"id":91342,"date":"2025-11-16T06:38:10","date_gmt":"2025-11-16T06:38:10","guid":{"rendered":"https:\/\/www.europesays.com\/fi\/91342\/"},"modified":"2025-11-16T06:38:10","modified_gmt":"2025-11-16T06:38:10","slug":"hehkutti-elamantapamuutosta-salakuva-henna-kalinaisesta-kapakassa-keskella-viikkoa-kello-2-25-aikaan","status":"publish","type":"post","link":"https:\/\/www.europesays.com\/fi\/91342\/","title":{"rendered":"Hehkutti el\u00e4m\u00e4ntapamuutosta \u2013 salakuva Henna Kalinaisesta kapakassa keskell\u00e4 viikkoa kello 2.25 aikaan"},"content":{"rendered":"<p>            Pasi Murto, lukijan kuva\n        <\/p>\n<p class=\"subtitle \">Henna on kertoi viime kuussa \u00e4itiyteen keskittyv\u00e4ss\u00e4 podcastissa el\u00e4m\u00e4ntapamuutoksestaan. Seiskan lukija t\u00f6rm\u00e4si It\u00e4keskuksessa sijaitsevassa juottolassa Hennaan puoli kolmen aikaan tiistaiy\u00f6n\u00e4.<\/p>\n<p class=\"article-content article-content-width !bg-background\">, ,  ja .<\/p>\n<p class=\"article-content article-content-width !bg-background\">Niin, ja .<\/p>\n<p class=\"article-content article-content-width !bg-background\">Kaikkia edell\u00e4 mainittuja yhdist\u00e4\u00e4 ainakin yksi asia:\u00a0he ovat nimitt\u00e4in kotoisin Pohjois-Savon helmest\u00e4 eli Iisalmesta.<\/p>\n<p class=\"article-content article-content-width !bg-background\">Henna on vaikuttanut koko aikuisik\u00e4ns\u00e4 enemm\u00e4n tai v\u00e4hemm\u00e4n julkisuudessa.<\/p>\n<p>        <a itemprop=\"url\" href=\"https:\/\/www.seiska.fi\/kotimaa\/henna-kalinaisen-velkahelvetissa-yllatyskaanne\/1937557\" rel=\"nofollow noopener\" target=\"_blank\"><\/p>\n<p>\nHenna Kalinainen avoimena Seiskalle\n<\/p>\n<p class=\"section-date\">\n        <strong class=\"article-section\" data-section=\"kotimaa\"><br \/>\n            kotimaa<br \/>\n        <\/strong><br \/>\n        21.9. 18:30\n    <\/p>\n<p>Henna Kalinaisen velkahelvetiss\u00e4 yll\u00e4tysk\u00e4\u00e4nne!\n    <\/p>\n<p itemprop=\"description\" class=\"subtitle \">\n    Tosi-tv-t\u00e4hti ja podcastjuontaja kertoo puhdistaneensa ulosottorekisterins\u00e4. Osa veloista on maksettu opintolainalla.\n<\/p>\n<p>        <\/a><\/p>\n<p>                <img decoding=\"async\" src=\"https:\/\/www.europesays.com\/fi\/wp-content\/uploads\/2025\/11\/1990811.webp\" width=\"576\" height=\"720\" alt=\"Henna Kalinainen ja Antti Kurhinen sanoivat 'tahdon' suorassa l\u00e4hetyksess\u00e4 Big Brotherissa 2009. Lopulta rakkaus j\u00e4i kuitenkin puolitiehen.\" loading=\"lazy\" \/>            <\/p>\n<p>\n            Henna Kalinainen ja Antti Kurhinen sanoivat &#8221;tahdon&#8221; suorassa l\u00e4hetyksess\u00e4 Big Brotherissa 2009. Lopulta rakkaus j\u00e4i kuitenkin puolitiehen.<br \/>\n            Timo Korhonen\n        <\/p>\n<p>Pitk\u00e4 ura julkisuudessa<\/p>\n<p class=\"article-content article-content-width !bg-background\">Alkujaan Henna tuli julkisuuteen, kun Seiska uutisoi h\u00e4nen olevan futist\u00e4hti  salarakas.\u00a0\u201dMiklu\u201d seurusteli tuolloin ex-aitajuoksija\u00a0 kanssa.<\/p>\n<p class=\"article-content article-content-width !bg-background\">Sen j\u00e4lkeen on kierretty muun muassa Big Brotherit, Gossip Momsit sek\u00e4 Olet mit\u00e4 sy\u00f6t -formaatti.<\/p>\n<p class=\"article-content article-content-width !bg-background\">Nykyisin Henna tekee yhdess\u00e4 Temptation Island Suomesta tutun  kanssa Mamma Mia -podcastia.<\/p>\n<p>        <a itemprop=\"url\" href=\"https:\/\/www.seiska.fi\/vain-seiskassa\/tis-vilma-ja-mysteerimies-laheisissa-tunnelmissa-himoksen-yossa-salakuvat\/1980709\" rel=\"nofollow noopener\" target=\"_blank\"><\/p>\n<p>\nSalakuvat!\n<\/p>\n<p class=\"section-date\">\n        <strong class=\"article-section\" data-section=\"vain seiskassa\"><br \/>\n            vain seiskassa<br \/>\n        <\/strong><br \/>\n        3.11. 16:00\n    <\/p>\n<p>TIS-Vilma ja mysteerimies l\u00e4heisiss\u00e4 tunnelmissa Himoksen y\u00f6ss\u00e4 \u2013 salakuvat!\n    <\/p>\n<p itemprop=\"description\" class=\"subtitle \">\n    Vilma Karjalainen on luonut uraa Temppareiden j\u00e4lkeen lasten vaatteiden tiimoilta.\n<\/p>\n<p>        <\/a><\/p>\n<p class=\"article-content article-content-width !bg-background\">31. lokakuuta ilmestyneess\u00e4 jaksossa Henna valitteli olevansa l\u00e4hestulkoon yksinhuoltaja.<\/p>\n<p class=\"article-content article-content-width !bg-background\">\u2013 M\u00e4 olen lapsen kanssa 98-prosenttisesti yksin kotona, koska mun mies k\u00e4y koko ajan ty\u00f6matkoilla ja k\u00e4y kotona kaksi tai kolme p\u00e4iv\u00e4\u00e4 py\u00f6r\u00e4ht\u00e4m\u00e4ss\u00e4. Hyv\u00e4ll\u00e4 ts\u00e4g\u00e4ll\u00e4 nelj\u00e4 p\u00e4iv\u00e4\u00e4, Henna muun muassa avautui.<\/p>\n<p>                <img decoding=\"async\" src=\"https:\/\/www.europesays.com\/fi\/wp-content\/uploads\/2025\/11\/1990823.webp\" width=\"576\" height=\"322\" alt=\"Henna tuli julkisuuteen salarakkaana.\" loading=\"lazy\" \/>            <\/p>\n<p>\n            Henna tuli julkisuuteen salarakkaana.<br \/>\n            Atte Kajova\n        <\/p>\n<p>El\u00e4m\u00e4ntaparemontti<\/p>\n<p class=\"article-content article-content-width !bg-background\">Henna on kertonut podcastissaan my\u00f6s el\u00e4m\u00e4ntapamuutoksestaan.\u00a0H\u00e4n on muun muassa k\u00e4ynyt yksityisell\u00e4 l\u00e4\u00e4k\u00e4rill\u00e4 hakemassa apua ruokavalioonsa sek\u00e4 liikuntaan. Haasteensa tuo my\u00f6s kakkostyypin diabetes.<\/p>\n<p class=\"article-content article-content-width !bg-background\">\u2013 On hyvin vaarallista raskautua, jos sulla on tyypin kakkosdiabetes hoitamattomana. Silloin et saa miss\u00e4\u00e4n nimess\u00e4 tulla raskaaksi, ja se on k\u00e4yt\u00e4nn\u00f6ss\u00e4 ep\u00e4todenn\u00e4k\u00f6ist\u00e4, Henna kertoo l\u00e4\u00e4k\u00e4rin ohjeistaneen.<\/p>\n<p class=\"article-content article-content-width !bg-background\">\u2013 T\u00e4lle asialle ollaan nyt tekem\u00e4ss\u00e4 jotain, enk\u00e4 piiloudu diagnoosin taakse. T\u00e4rkeint\u00e4 on huolehtia perusasioista, kuten liikunnasta, Henna linjasi.<\/p>\n<p>        <a itemprop=\"url\" href=\"https:\/\/www.seiska.fi\/kotimaa\/henna-kalinainen-vasahti-tuurin-kylakaupassa-salakuva\/1865328\" rel=\"nofollow noopener\" target=\"_blank\"><\/p>\n<p>\nSalakuva!\n<\/p>\n<p class=\"section-date\">\n        <strong class=\"article-section\" data-section=\"kotimaa\"><br \/>\n            kotimaa<br \/>\n        <\/strong><br \/>\n        11.7. 17:00\n    <\/p>\n<p>Henna Kalinainen v\u00e4s\u00e4hti Tuurin kyl\u00e4kaupassa \u2013 salakuva!\n    <\/p>\n<p itemprop=\"description\" class=\"subtitle \">\n    Hennan kes\u00e4lomareissulla sattuu ja tapahtuu.\n<\/p>\n<p>        <\/a><\/p>\n<p>                <img decoding=\"async\" src=\"https:\/\/www.europesays.com\/fi\/wp-content\/uploads\/2025\/11\/1990835.webp\" width=\"576\" height=\"322\" alt=\"Vaikka rakkaus j\u00e4i lopulta puolitiehen, ovat Henna ja Antti edelleen l\u00e4mpimiss\u00e4 v\u00e4leiss\u00e4.\" loading=\"lazy\" \/>            <\/p>\n<p>\n            Vaikka rakkaus j\u00e4i lopulta puolitiehen, ovat Henna ja Antti edelleen l\u00e4mpimiss\u00e4 v\u00e4leiss\u00e4.<br \/>\n            Atte Kajova\n        <\/p>\n<p>Baarissa puoli kolmen aikaan y\u00f6ll\u00e4<\/p>\n<p class=\"article-content article-content-width !bg-background\">Seiskan lukija t\u00f6rm\u00e4si Hennaan maanantai-iltana ravitsemusliikkeess\u00e4.<\/p>\n<p class=\"article-content article-content-width !bg-background\">\u2013 Tai oikeastaan kyse oli tiistaista, sill\u00e4 kello oli 2.25 y\u00f6ll\u00e4, naurahtaa lukija.<\/p>\n<p class=\"article-content article-content-width !bg-background\">Tapahtumapaikkana oli It\u00e4keskuksessa sijaitseva Black Bird.<\/p>\n<p class=\"article-content article-content-width !bg-background\">Pubimaisessa paikassa oli miespuolisen lukijan mukaan vain kourallinen asiakkaita.<\/p>\n<p>        <a itemprop=\"url\" href=\"https:\/\/www.seiska.fi\/kotimaa\/podcast-henna-kalinainen-avautuu-elamantilanteestaan-jostain-on-karsittava\/1690521\" rel=\"nofollow noopener\" target=\"_blank\"><\/p>\n<p>\nPodcast:\n<\/p>\n<p class=\"section-date\">\n        <strong class=\"article-section\" data-section=\"kotimaa\"><br \/>\n            kotimaa<br \/>\n        <\/strong><br \/>\n        2.5. 20:30\n    <\/p>\n<p>Podcast: Henna Kalinainen avautuu el\u00e4m\u00e4ntilanteestaan \u2013 &#8221;Jostain on karsittava&#8221;\n    <\/p>\n<p itemprop=\"description\" class=\"subtitle \">\n    Hennan el\u00e4m\u00e4 on ollut viimeaikoina kiireist\u00e4 py\u00f6rityst\u00e4.\n<\/p>\n<p>        <\/a><\/p>\n<p>                <img decoding=\"async\" src=\"https:\/\/www.europesays.com\/fi\/wp-content\/uploads\/2025\/11\/1990841.webp\" width=\"576\" height=\"322\" alt=\"Henna ja Vilma tekev\u00e4t yhteist\u00e4 Mamma Mia -podcastia.\" loading=\"lazy\" \/>            <\/p>\n<p>\n            Henna ja Vilma tekev\u00e4t yhteist\u00e4 Mamma Mia -podcastia.<br \/>\n            Kai Joronen\n        <\/p>\n<p>Aika hiljaista<\/p>\n<p class=\"article-content article-content-width !bg-background\">Lukija kertoo, ett\u00e4 varsin hiljaista oli, toden totta.<\/p>\n<p class=\"article-content article-content-width !bg-background\">\u2013 Henna seisoskeli baaritiskill\u00e4 vanhemman herrasmiehen kanssa ja jutusteli pidemm\u00e4n tovin.<\/p>\n<p class=\"article-content article-content-width !bg-background\">Henna on ollut iso julkkis jo yli 25 vuotta.<\/p>\n<p class=\"article-content article-content-width !bg-background\">\u2013 H\u00e4n vaikutti ihan normaalilta, ei ollut mit\u00e4\u00e4n diivan elkeit\u00e4.<\/p>\n<p class=\"article-content article-content-width !bg-background\">\u2013 Toisaalta eip\u00e4 ollut porukkaakaan, ett\u00e4 olisi ollut mahdollisuus diivailla, lukija naurahtaa.<\/p>\n<p>        <a itemprop=\"url\" href=\"https:\/\/www.seiska.fi\/kotimaa\/sonja-aiello-vastaa-vilma-karjalaisen-kritiikkiin\/1701316\" rel=\"nofollow noopener\" target=\"_blank\"><\/p>\n<p>\nV\u00e4kev\u00e4 kommentti!\n<\/p>\n<p class=\"section-date\">\n        <strong class=\"article-section\" data-section=\"kotimaa\"><br \/>\n            kotimaa<br \/>\n        <\/strong><br \/>\n        14.5. 10:34\n    <\/p>\n<p>Sonja Aiello vastaa Vilma Karjalaisen kritiikkiin\n    <\/p>\n<p itemprop=\"description\" class=\"subtitle \">\n    Temppareista tuttu Vilma Karjalainen ei pid\u00e4 siit\u00e4, ett\u00e4 muun muassa Sonja Aiello on t\u00e4ysin normaalipainoisena kertonut laihduttaneensa.\n<\/p>\n<p>        <\/a><\/p>\n<p>                <img decoding=\"async\" src=\"https:\/\/www.europesays.com\/fi\/wp-content\/uploads\/2025\/11\/1990825.webp\" width=\"576\" height=\"639\" alt=\"Lukija ei tied\u00e4 joiko Henna alkoholia vai oliko paikalla vesilinjalla.\" loading=\"lazy\" \/>            <\/p>\n<p>\n            Lukija ei tied\u00e4 joiko Henna alkoholia vai oliko paikalla vesilinjalla.<br \/>\n            Lukijan kuva\n        <\/p>\n<p>Hennakin asiallinen<\/p>\n<p class=\"article-content article-content-width !bg-background\">Mielikuva Hennasta on ollut vahva.<\/p>\n<p class=\"article-content article-content-width !bg-background\">\u2013 Kyll\u00e4h\u00e4n h\u00e4n on ollut paljon lehdiss\u00e4, ja ulkon\u00e4k\u00f6kin on muuttunut.<\/p>\n<p class=\"article-content article-content-width !bg-background\">\u2013 Onhan h\u00e4nell\u00e4 ollut kaikenlaisia kohujakin vuosien varrella&#8230;<\/p>\n<p class=\"article-content article-content-width !bg-background\">Lukijan naisyst\u00e4v\u00e4 oli se, joka ensimm\u00e4isen\u00e4 Hennan y\u00f6ss\u00e4 tunnisti.<\/p>\n<p class=\"article-content article-content-width !bg-background\">\u2013 Kyll\u00e4 se mielikuva muuttui \u2013 ei ollut mink\u00e4\u00e4nlaista kohun tynk\u00e4\u00e4 luettavissa h\u00e4nest\u00e4.<\/p>\n<p class=\"article-content article-content-width !bg-background\">\u2013 Henna k\u00e4ytt\u00e4ytyi eritt\u00e4in asiallisesti.<\/p>\n<p>        <a itemprop=\"url\" href=\"https:\/\/www.seiska.fi\/kotimaa\/henna-kalinainen-ylistaa-uutta-tyopaikkaansa-tallainen-on-hanen-tuntipalkkansa\/1475672\" rel=\"nofollow noopener\" target=\"_blank\"><\/p>\n<p class=\"section-date\">\n        <strong class=\"article-section\" data-section=\"kotimaa\"><br \/>\n            kotimaa<br \/>\n        <\/strong><br \/>\n        2.10.2024 21:00\n    <\/p>\n<p>Henna Kalinainen ylist\u00e4\u00e4 uutta ty\u00f6paikkaansa \u2013 t\u00e4llainen on h\u00e4nen tuntipalkkansa!\n    <\/p>\n<p itemprop=\"description\" class=\"subtitle \">\n    Realityt\u00e4hden ty\u00f6nkuvaan kuuluu muun muassa hengailua ja kakun maistelua.\n<\/p>\n<p>        <\/a><\/p>\n<p>                <img decoding=\"async\" src=\"https:\/\/www.europesays.com\/fi\/wp-content\/uploads\/2025\/11\/1990846.webp\" width=\"576\" height=\"639\" alt=\"Lukija kertoo, ett\u00e4 h\u00e4nen mielikuvansa Hennan suhteen muuttui.\" loading=\"lazy\" \/>            <\/p>\n<p>\n            Lukija kertoo, ett\u00e4 h\u00e4nen mielikuvansa Hennan suhteen muuttui.<br \/>\n            Lukijan kuva\n        <\/p>\n","protected":false},"excerpt":{"rendered":"Pasi Murto, lukijan kuva Henna on kertoi viime kuussa \u00e4itiyteen keskittyv\u00e4ss\u00e4 podcastissa el\u00e4m\u00e4ntapamuutoksestaan. Seiskan lukija t\u00f6rm\u00e4si It\u00e4keskuksessa sijaitsevassa&hellip;\n","protected":false},"author":2,"featured_media":91343,"comment_status":"","ping_status":"","sticky":false,"template":"","format":"standard","meta":{"footnotes":""},"categories":[136],"tags":[407,13598,2995,137,33,31,30,7109,4892,408,212,2923,32,109],"class_list":{"0":"post-91342","1":"post","2":"type-post","3":"status-publish","4":"format-standard","5":"has-post-thumbnail","7":"category-julkkikset","8":"tag-celebrities","9":"tag-diabetes","10":"tag-elamantapamuutos","11":"tag-entertainment","12":"tag-fi","13":"tag-finland","14":"tag-finnish","15":"tag-henna-kalinainen","16":"tag-iisalmi","17":"tag-julkkikset","18":"tag-lifestyle","19":"tag-podcast","20":"tag-suomi","21":"tag-viihde"},"share_on_mastodon":{"url":"https:\/\/pubeurope.com\/@fi\/115558004073307941","error":""},"_links":{"self":[{"href":"https:\/\/www.europesays.com\/fi\/wp-json\/wp\/v2\/posts\/91342","targetHints":{"allow":["GET"]}}],"collection":[{"href":"https:\/\/www.europesays.com\/fi\/wp-json\/wp\/v2\/posts"}],"about":[{"href":"https:\/\/www.europesays.com\/fi\/wp-json\/wp\/v2\/types\/post"}],"author":[{"embeddable":true,"href":"https:\/\/www.europesays.com\/fi\/wp-json\/wp\/v2\/users\/2"}],"replies":[{"embeddable":true,"href":"https:\/\/www.europesays.com\/fi\/wp-json\/wp\/v2\/comments?post=91342"}],"version-history":[{"count":0,"href":"https:\/\/www.europesays.com\/fi\/wp-json\/wp\/v2\/posts\/91342\/revisions"}],"wp:featuredmedia":[{"embeddable":true,"href":"https:\/\/www.europesays.com\/fi\/wp-json\/wp\/v2\/media\/91343"}],"wp:attachment":[{"href":"https:\/\/www.europesays.com\/fi\/wp-json\/wp\/v2\/media?parent=91342"}],"wp:term":[{"taxonomy":"category","embeddable":true,"href":"https:\/\/www.europesays.com\/fi\/wp-json\/wp\/v2\/categories?post=91342"},{"taxonomy":"post_tag","embeddable":true,"href":"https:\/\/www.europesays.com\/fi\/wp-json\/wp\/v2\/tags?post=91342"}],"curies":[{"name":"wp","href":"https:\/\/api.w.org\/{rel}","templated":true}]}}