{"id":91386,"date":"2025-11-16T07:41:12","date_gmt":"2025-11-16T07:41:12","guid":{"rendered":"https:\/\/www.europesays.com\/fi\/91386\/"},"modified":"2025-11-16T07:41:12","modified_gmt":"2025-11-16T07:41:12","slug":"keskusta-linjasi-tekoalyn-hyodyntamisesta-ei-vain-muutamien-alojen-yksinoikeus","status":"publish","type":"post","link":"https:\/\/www.europesays.com\/fi\/91386\/","title":{"rendered":"Keskusta linjasi teko\u00e4lyn hy\u00f6dynt\u00e4misest\u00e4 \u2013 \u201cEi vain muutamien alojen yksinoikeus\u201d"},"content":{"rendered":"<p>\n\t\t\t\tKeskusta vaatii, ett\u00e4 Suomi ja Eurooppa ottavat nykyist\u00e4 vahvemman roolin datahallinnasta.\n\t\t\t<\/p>\n<p>\t\t\t\t\t\t\t\t\tTeko\u00e4ly<\/p>\n<p>Teko\u00e4ly vahvistaa oikealla tavalla k\u00e4ytt\u00f6\u00f6notettuna merkitt\u00e4v\u00e4sti Suomen kilpailukyky\u00e4, keskusta linjaa.<\/p>\n<p>\u2013 Meid\u00e4n on tartuttava ripe\u00e4sti teko\u00e4lyn suomiin mahdollisuuksiin. Suomelle t\u00e4m\u00e4 tarjoaa ainutlaatuisen mahdollisuuden vahvistaa syv\u00e4j\u00e4\u00e4ss\u00e4 olevaa talouttamme, toteaa keskustan puheenjohtaja <strong>Antti Kaikkonen <\/strong>puolueen tiedotteessa.<\/p>\n<p>Keskustan teko\u00e4lyty\u00f6ryhm\u00e4n puheenjohtajan <strong>Sofia Tuovisen <\/strong>mukaan puolue haluaa hy\u00f6dynt\u00e4\u00e4 teko\u00e4ly\u00e4 ihmisl\u00e4ht\u00f6isesti koko Suomessa.<\/p>\n<p>\u2013 Haluamme edist\u00e4\u00e4 teko\u00e4lyn k\u00e4ytt\u00f6\u00f6nottoa yrityksiss\u00e4, kehitt\u00e4\u00e4 p\u00e4\u00e4omamarkkinoita ja parantaa kasvurahoituksen saatavuutta niin, ett\u00e4 Suomesta nousee uusia maailmanlaajuisia menestystarinoita, h\u00e4n toteaa.<\/p>\n<p>Keskusta muistuttaa, ett\u00e4 teko\u00e4lyosaaminen ei ole vain muutamien alojen yksinoikeus. Ty\u00f6ryhm\u00e4n mukaan teko\u00e4lyosaaminen ymm\u00e4rret\u00e4\u00e4n Suomessa yh\u00e4 liian kapeasti. <\/p>\n<p>\u2013 Teknologiakeskeinen l\u00e4hestymistapa johtaa yrityksiss\u00e4 yksipuoliseen osaamisen kehitt\u00e4miseen, jolloin teko\u00e4lyn todellinen potentiaali j\u00e4\u00e4 hy\u00f6dynt\u00e4m\u00e4tt\u00e4, linjauksessa todetaan.<\/p>\n<p>Keskusta katsoo, ett\u00e4 teko\u00e4ly ei ole vain tekninen ty\u00f6kalu: sen k\u00e4ytt\u00f6\u00f6notto vaatii ymm\u00e4rryst\u00e4 organisaatiokulttuurista, ihmisten ty\u00f6st\u00e4 ja datan merkityksest\u00e4.<\/p>\n<p>Keskusta kannustaa yrityksi\u00e4 rakentamaan osaamista, jossa teknologinen ymm\u00e4rrys yhdistyy kokemuspohjaiseen tietoon ja k\u00e4yt\u00e4nn\u00f6n arkeen.<\/p>\n<p>\u2013 Teko\u00e4lyn hallinta on pohjimmiltaan osaamisen hallintaa. Suomessa on ajateltava uudelleen jokaisella koulutusalalla ja ty\u00f6paikalla, mink\u00e4laista osaamista tarvitsemme muuttuneeseen tapaan tuottaa ja analysoida dataa. On ymm\u00e4rrett\u00e4v\u00e4, mik\u00e4 on ihmisen rooli datank\u00e4sittelij\u00e4n\u00e4, Tuovinen n\u00e4kee.<\/p>\n<p>\u2013 Teko\u00e4lysivistys on avain siihen, ett\u00e4 teko\u00e4ly\u00e4 ei vain k\u00e4ytet\u00e4, vaan ymm\u00e4rret\u00e4\u00e4n, arvioidaan ja hallitaan vastuullisesti. Se yhdist\u00e4\u00e4 teko\u00e4lylukutaidon kykyyn hahmottaa teko\u00e4lyn vaikutuksia yhteiskuntaan, ihmisiin ja p\u00e4\u00e4t\u00f6ksentekoon.<\/p>\n<p><img loading=\"lazy\" decoding=\"async\" width=\"1024\" height=\"683\" src=\"https:\/\/www.europesays.com\/fi\/wp-content\/uploads\/2025\/11\/IMG_4073-3-1024x683.jpg\" alt=\"\" class=\"wp-image-1170308\"  \/>Sofia Tuovinen on keskustan teko\u00e4lyty\u00f6ryhm\u00e4n puheenjohtaja. (KUVA: SOFIA TUOVISEN KUVAKOKOELMA)<\/p>\n<p>Keskusta katsoo, ett\u00e4 teko\u00e4lysivistys on osa t\u00e4ysivaltaista kansalaisuutta: se antaa ihmisille valmiudet osallistua demokraattiseen keskusteluun, tehd\u00e4 tietoisia valintoja ja suojautua v\u00e4\u00e4rink\u00e4yt\u00f6ksilt\u00e4.<\/p>\n<p>\u2013 Siksi haluamme varmistaa, ett\u00e4 jokaisella suomalaisella on mahdollisuus oppia n\u00e4m\u00e4 taidot i\u00e4st\u00e4, taustasta tai asuinpaikasta riippumatta.<\/p>\n<p>Keskusta vaatii, ett\u00e4 Suomi ja Eurooppa ottavat nykyist\u00e4 vahvemman roolin datahallinnasta. Huoltovarmuus, yksil\u00f6n oikeudet ja reilu kilpailu eiv\u00e4t toteudu, jos datan omistajuudesta ja k\u00e4yt\u00f6st\u00e4 ei ole olemassa selkeit\u00e4 pelis\u00e4\u00e4nt\u00f6j\u00e4.<\/p>\n<p>\u2013 Data vuotaa Suomen ja Euroopan ulkopuolelle. T\u00e4m\u00e4 on haavoittuvuus, joka kasvattaa teknologiaj\u00e4ttien valtaa sek\u00e4 samalla heikent\u00e4\u00e4 Euroopassa tapahtuvaa arvonluontia, Tuovinen sanoo.<\/p>\n","protected":false},"excerpt":{"rendered":"Keskusta vaatii, ett\u00e4 Suomi ja Eurooppa ottavat nykyist\u00e4 vahvemman roolin datahallinnasta. Teko\u00e4ly Teko\u00e4ly vahvistaa oikealla tavalla k\u00e4ytt\u00f6\u00f6notettuna merkitt\u00e4v\u00e4sti&hellip;\n","protected":false},"author":2,"featured_media":91387,"comment_status":"","ping_status":"","sticky":false,"template":"","format":"standard","meta":{"footnotes":""},"categories":[76],"tags":[79,77,33,31,30,32,78],"class_list":{"0":"post-91386","1":"post","2":"type-post","3":"status-publish","4":"format-standard","5":"has-post-thumbnail","7":"category-talous","8":"tag-business","9":"tag-economy","10":"tag-fi","11":"tag-finland","12":"tag-finnish","13":"tag-suomi","14":"tag-talous"},"share_on_mastodon":{"url":"https:\/\/pubeurope.com\/@fi\/115558251569880750","error":""},"_links":{"self":[{"href":"https:\/\/www.europesays.com\/fi\/wp-json\/wp\/v2\/posts\/91386","targetHints":{"allow":["GET"]}}],"collection":[{"href":"https:\/\/www.europesays.com\/fi\/wp-json\/wp\/v2\/posts"}],"about":[{"href":"https:\/\/www.europesays.com\/fi\/wp-json\/wp\/v2\/types\/post"}],"author":[{"embeddable":true,"href":"https:\/\/www.europesays.com\/fi\/wp-json\/wp\/v2\/users\/2"}],"replies":[{"embeddable":true,"href":"https:\/\/www.europesays.com\/fi\/wp-json\/wp\/v2\/comments?post=91386"}],"version-history":[{"count":0,"href":"https:\/\/www.europesays.com\/fi\/wp-json\/wp\/v2\/posts\/91386\/revisions"}],"wp:featuredmedia":[{"embeddable":true,"href":"https:\/\/www.europesays.com\/fi\/wp-json\/wp\/v2\/media\/91387"}],"wp:attachment":[{"href":"https:\/\/www.europesays.com\/fi\/wp-json\/wp\/v2\/media?parent=91386"}],"wp:term":[{"taxonomy":"category","embeddable":true,"href":"https:\/\/www.europesays.com\/fi\/wp-json\/wp\/v2\/categories?post=91386"},{"taxonomy":"post_tag","embeddable":true,"href":"https:\/\/www.europesays.com\/fi\/wp-json\/wp\/v2\/tags?post=91386"}],"curies":[{"name":"wp","href":"https:\/\/api.w.org\/{rel}","templated":true}]}}