{"id":91395,"date":"2025-11-16T07:56:09","date_gmt":"2025-11-16T07:56:09","guid":{"rendered":"https:\/\/www.europesays.com\/fi\/91395\/"},"modified":"2025-11-16T07:56:09","modified_gmt":"2025-11-16T07:56:09","slug":"salatut-elamat-nayttelija-axel-milliam-uskomaton-muodonmuutos","status":"publish","type":"post","link":"https:\/\/www.europesays.com\/fi\/91395\/","title":{"rendered":"Salatut el\u00e4m\u00e4t -n\u00e4yttelij\u00e4 Axel Milliam: Uskomaton muodonmuutos!"},"content":{"rendered":"<p>            Timo Korhonen\n        <\/p>\n<p class=\"subtitle \">Axel luopui hiuksistaan ja yli kymmenest\u00e4 kilosta painoa. Nyt h\u00e4n kertoo Katsolle syyn kaiken taustalla.<\/p>\n<p class=\"article-content article-content-width !bg-background\">Salatuissa el\u00e4miss\u00e4 Kristian Harjua n\u00e4yttelev\u00e4 , 31, on kokenut hurjan muodonmuutoksen. H\u00e4nen painonsa on pudonnut ja hiukset ovat l\u00e4hteneet.<\/p>\n<p class=\"font-weight-bold m-font-weight-bold article-content article-content-width !bg-background\">Video: Axel kertoo el\u00e4m\u00e4nmuutoksestaan.<\/p>\n<p class=\"article-content article-content-width !bg-background\">\u2013\tMinulla on viimeksi ollut n\u00e4in lyhyt tukka vuonna 2017. T\u00e4m\u00e4 on ihanan helppo! Kun tulee suihkusta, voi pyyhk\u00e4ist\u00e4 hiukset kuivaksi sekunnissa ja olen heti valmis. Voi vain l\u00e4hte\u00e4 ovesta ulos ja ajaa t\u00f6ihin. T\u00e4ss\u00e4 s\u00e4\u00e4st\u00e4\u00e4 sek\u00e4 aikaa ett\u00e4 vaivaa.<\/p>\n<p class=\"article-content article-content-width !bg-background\">Hiuksista luopuminen ja el\u00e4m\u00e4nmuutos liittyv\u00e4t Salattujen el\u00e4mien tulevaan juonenk\u00e4\u00e4nteeseen. Axelin roolihahmolla on ollut sarjassa ongelmia ravitsemuksen kanssa ja muutos liittyy tuleviin juonenk\u00e4\u00e4nteisiin. N\u00e4yttelij\u00e4n kasvonpiirteetkin ovat muuttuneet.<\/p>\n<p class=\"article-content article-content-width !bg-background\">\u2013 Minulla oli jo valmiiksi ajatus siit\u00e4, ett\u00e4 haluaisin muuttaa el\u00e4m\u00e4ntapojani terveellisemm\u00e4ksi, mutten ollut tehnyt asialle mit\u00e4\u00e4n. Sitten Salkkareiden p\u00e4\u00e4k\u00e4sikirjoittajan kanssa juttelimme tulevista juonikuvioista, ja sain hyv\u00e4n syyn pist\u00e4\u00e4 ruokavalioni uusiksi, h\u00e4n paljastaa.<\/p>\n<p class=\"article-content article-content-width !bg-background\">Axel kaihtaa termi\u00e4 metodin\u00e4yttelij\u00e4, mutta h\u00e4n my\u00f6nt\u00e4\u00e4, ett\u00e4 tekee radikaaleja asioita roolinsa eteen esimerkiksi ulkon\u00e4k\u00f6ns\u00e4 suhteen.<\/p>\n<p class=\"article-content article-content-width !bg-background\">\u2013\tKyll\u00e4 se helpottaa sit\u00e4 el\u00e4ytymist\u00e4. Tykk\u00e4\u00e4n aina heitt\u00e4yty\u00e4 ty\u00f6h\u00f6ni t\u00e4ysill\u00e4.<\/p>\n<p>        <a itemprop=\"url\" href=\"https:\/\/www.seiska.fi\/katso\/salatut-elamat-tahti-avautuu-kokemastaan-hairinnasta-fani-tunki-kaden-housuihin\/1591059\" rel=\"nofollow noopener\" target=\"_blank\"><\/p>\n<p class=\"section-date\">\n        <strong class=\"article-section\" data-section=\"katso\"><br \/>\n            katso<br \/>\n        <\/strong><br \/>\n        26.1. 17:15\n    <\/p>\n<p>Salatut el\u00e4m\u00e4t -t\u00e4hti avautuu kokemastaan h\u00e4irinn\u00e4st\u00e4 \u2013 fani tunki k\u00e4den housuihin\n    <\/p>\n<p itemprop=\"description\" class=\"subtitle \">\n    Axel Milliam on fyysisen koskettelun lis\u00e4ksi joutunut kokemaan uhkailua ja vastaanottanut alastonkuvia.\n<\/p>\n<p>        <\/a><\/p>\n<p>                <img decoding=\"async\" src=\"https:\/\/www.europesays.com\/fi\/wp-content\/uploads\/2025\/11\/1991449.webp\" width=\"576\" height=\"322\" alt=\"Axel kertoo painonsa pudonneen jopa 13 kiloa sen j\u00e4lkeen, kun h\u00e4n j\u00e4tti kofeiinin ja sokerin.\" loading=\"lazy\" \/>            <\/p>\n<p>\n            Axel kertoo painonsa pudonneen jopa 13 kiloa sen j\u00e4lkeen, kun h\u00e4n j\u00e4tti kofeiinin ja sokerin.<br \/>\n            Timo Korhonen\n        <\/p>\n<p>Karkki vaihtui makkaraan<\/p>\n<p class=\"article-content article-content-width !bg-background\">Suuri el\u00e4m\u00e4ntapamuutos on ollut vuoden mittainen projekti. Axel on luopunut sokerista ja kofeiinista kokonaan.<\/p>\n<p class=\"article-content article-content-width !bg-background\">\u2013\tSaatoin aiemmin juoda jopa 15 kuppia kahvia p\u00e4iv\u00e4ss\u00e4. Ensimm\u00e4inen viikko oli pahin. Minulla oli aivan j\u00e4rkytt\u00e4v\u00e4 olo ja p\u00e4\u00e4t\u00e4ni s\u00e4rki.<\/p>\n<p class=\"article-content article-content-width !bg-background\">Turusta Helsinkiin viikoittain ajava Axel naposteli automatkoilla kolajuomia, karkkia ja muita herkkuja.<\/p>\n<p class=\"article-content article-content-width !bg-background\">\u2013\tT\u00e4m\u00e4 saattaa kuulostaa tyhm\u00e4lt\u00e4, mutta nyky\u00e4\u00e4n sy\u00f6n automatkoilla sellaisia pieni\u00e4 salamimakkaroita, Axel paljastaa.<\/p>\n<p>        <a itemprop=\"url\" href=\"https:\/\/www.seiska.fi\/katso\/salatut-elamat-nayttelijat-avautuvat-seksikohtauksista-tosi-ahdistava-ajatus\/1238478\" rel=\"nofollow noopener\" target=\"_blank\"><\/p>\n<p class=\"section-date\">\n        <strong class=\"article-section\" data-section=\"katso\"><br \/>\n            katso<br \/>\n        <\/strong><br \/>\n        10.1.2024 16:45\n    <\/p>\n<p>Salatut el\u00e4m\u00e4t -n\u00e4yttelij\u00e4t avautuvat seksikohtauksista: &#8221;Tosi ahdistava ajatus&#8221;\n    <\/p>\n<p itemprop=\"description\" class=\"subtitle \">\n    Somet\u00e4htien sinkkuel\u00e4m\u00e4\u00e4 -ohjelman 14. jaksossa Salatut el\u00e4m\u00e4t -t\u00e4hti Emma Nopanen keskustelee kollegansa Axel Milliamin kanssa.\n<\/p>\n<p>        <\/a><\/p>\n<p>Lis\u00e4\u00e4 energiaa<\/p>\n<p class=\"article-content article-content-width !bg-background\">N\u00e4yttelij\u00e4 on huomannut kasvojensa kaventuneen ja turvotuksen poistuneen.<\/p>\n<p class=\"article-content article-content-width !bg-background\">\u2013\tKaikki \u201dylim\u00e4\u00e4r\u00e4inen\u201d suli kuin itsest\u00e4\u00e4n pois, ja se on ollut ihan valtava muutos. En ole k\u00e4ynyt salilla kuin ehk\u00e4 kuusi kertaa t\u00e4n\u00e4 vuonna, eli en ole mitenk\u00e4\u00e4n merkitt\u00e4v\u00e4sti lis\u00e4nnyt liikuntaakaan. Vatsalihakset n\u00e4kyv\u00e4t ja olo on virke\u00e4 ja mahtava. Aivosumu on poissa, ja repliikitkin j\u00e4\u00e4v\u00e4t paremmin mieleen.<\/p>\n<p class=\"article-content article-content-width !bg-background\">Axel jaksaa puuhata lasten kanssa enemm\u00e4n, eiv\u00e4tk\u00e4 h\u00e4nen polvensa en\u00e4\u00e4 s\u00e4rje.<\/p>\n<p class=\"article-content article-content-width !bg-background\">\u2013\tT\u00e4ss\u00e4 kohtaa el\u00e4m\u00e4\u00e4 on hyv\u00e4 alkaa kiinnitt\u00e4\u00e4 enemm\u00e4n huomiota elintapoihin, ett\u00e4 olisin vanhempanakin energinen ja hyvinvoiva.<\/p>\n<p>        <a itemprop=\"url\" href=\"https:\/\/www.seiska.fi\/katso\/salatut-elamat-tahdelle-rooli-kansainvalisesta-elokuvasta\/116380\" rel=\"nofollow noopener\" target=\"_blank\"><\/p>\n<p>\nUutiset\n<\/p>\n<p class=\"section-date\">\n        <strong class=\"article-section\" data-section=\"katso\"><br \/>\n            katso<br \/>\n        <\/strong><br \/>\n        5.5.2023 13:50\n    <\/p>\n<p>Salatut el\u00e4m\u00e4t -t\u00e4hdelle rooli kansainv\u00e4lisest\u00e4 elokuvasta\n    <\/p>\n<p>        <\/a><\/p>\n<p>Ei usko \u00e4\u00e4rip\u00e4ihin<\/p>\n<p class=\"article-content article-content-width !bg-background\">Itsehillint\u00e4\u00e4 ja p\u00e4\u00e4tt\u00e4v\u00e4isyytt\u00e4 vaaditaan Axelilta joka p\u00e4iv\u00e4. Axel ei ole kielt\u00e4ytynyt mist\u00e4\u00e4n totaalisesti, vaan h\u00e4n ottaa ruokailujen suhteen rennosti erikoistapauksissa kuten yst\u00e4vien syntym\u00e4p\u00e4iv\u00e4juhlilla.<\/p>\n<p class=\"article-content article-content-width !bg-background\">\u2013 Silloin sy\u00f6n kakkua. Meill\u00e4 on kotona puolisoni Yasminin kanssa hyv\u00e4 ideologia, ett\u00e4 noudatetaan 80\/20-periaatetta, eli 80 prosenttia pid\u00e4tt\u00e4ydyt\u00e4\u00e4n t\u00e4ss\u00e4 ruokavaliossa ja 20 prosenttia voi sitten poiketa siit\u00e4.<\/p>\n<p class=\"article-content article-content-width !bg-background\">\u2013 Ehdottomuus ei ole hyv\u00e4 asia ja mik\u00e4\u00e4nh\u00e4n ei ole terveellist\u00e4, jos se menee \u00e4\u00e4rimm\u00e4isyyksiin.<\/p>\n<p class=\"article-content article-content-width !bg-background\">Jotkut Axelin l\u00e4hipiirist\u00e4 ovat olleet huolissaan painonpudotuksesta.<\/p>\n<p class=\"article-content article-content-width !bg-background\">\u2013\tMutta haluan alleviivata sit\u00e4, etten laihduta, vaan etusijalla ovat oma hyvinvointi ja terveelliset elintavat. Painonpudotus tuli siin\u00e4 ik\u00e4\u00e4n kuin sivutuotteena.<\/p>\n<p>                <img decoding=\"async\" src=\"https:\/\/www.europesays.com\/fi\/wp-content\/uploads\/2025\/11\/1991448.webp\" width=\"576\" height=\"322\" alt=\"Turussa perheens\u00e4 kanssa asuva n\u00e4yttelij\u00e4 muutti t\u00e4n\u00e4 vuonna isompaan kotiin puolisonsa Yasminin sek\u00e4 lasten Lucan ja Noahin kanssa.\" loading=\"lazy\" \/>            <\/p>\n<p>\n            Turussa perheens\u00e4 kanssa asuva n\u00e4yttelij\u00e4 muutti t\u00e4n\u00e4 vuonna isompaan kotiin puolisonsa Yasminin sek\u00e4 lasten Lucan ja Noahin kanssa.<br \/>\n            Timo Korhonen\n        <\/p>\n<p class=\"italic m-italic article-content article-content-width !bg-background\">Salatut el\u00e4m\u00e4t maanantaista torstaihin MTV3:lla ja MTV Katsomossa, seuraavan viikon jaksot perjantaisin MTV Katsomo+:ssa.<\/p>\n","protected":false},"excerpt":{"rendered":"Timo Korhonen Axel luopui hiuksistaan ja yli kymmenest\u00e4 kilosta painoa. Nyt h\u00e4n kertoo Katsolle syyn kaiken taustalla. Salatuissa&hellip;\n","protected":false},"author":2,"featured_media":91396,"comment_status":"","ping_status":"","sticky":false,"template":"","format":"standard","meta":{"footnotes":""},"categories":[136],"tags":[18167,407,2995,137,33,31,30,2233,408,1342,2882,209,4463,32,18236,109],"class_list":{"0":"post-91395","1":"post","2":"type-post","3":"status-publish","4":"format-standard","5":"has-post-thumbnail","7":"category-julkkikset","8":"tag-axel-milliam","9":"tag-celebrities","10":"tag-elamantapamuutos","11":"tag-entertainment","12":"tag-fi","13":"tag-finland","14":"tag-finnish","15":"tag-hyvinvointi","16":"tag-julkkikset","17":"tag-nayttelija","18":"tag-painonpudotus","19":"tag-salatut-elamat","20":"tag-salkkarit","21":"tag-suomi","22":"tag-terveelliset-elintavat","23":"tag-viihde"},"share_on_mastodon":{"url":"https:\/\/pubeurope.com\/@fi\/115558310634378971","error":""},"_links":{"self":[{"href":"https:\/\/www.europesays.com\/fi\/wp-json\/wp\/v2\/posts\/91395","targetHints":{"allow":["GET"]}}],"collection":[{"href":"https:\/\/www.europesays.com\/fi\/wp-json\/wp\/v2\/posts"}],"about":[{"href":"https:\/\/www.europesays.com\/fi\/wp-json\/wp\/v2\/types\/post"}],"author":[{"embeddable":true,"href":"https:\/\/www.europesays.com\/fi\/wp-json\/wp\/v2\/users\/2"}],"replies":[{"embeddable":true,"href":"https:\/\/www.europesays.com\/fi\/wp-json\/wp\/v2\/comments?post=91395"}],"version-history":[{"count":0,"href":"https:\/\/www.europesays.com\/fi\/wp-json\/wp\/v2\/posts\/91395\/revisions"}],"wp:featuredmedia":[{"embeddable":true,"href":"https:\/\/www.europesays.com\/fi\/wp-json\/wp\/v2\/media\/91396"}],"wp:attachment":[{"href":"https:\/\/www.europesays.com\/fi\/wp-json\/wp\/v2\/media?parent=91395"}],"wp:term":[{"taxonomy":"category","embeddable":true,"href":"https:\/\/www.europesays.com\/fi\/wp-json\/wp\/v2\/categories?post=91395"},{"taxonomy":"post_tag","embeddable":true,"href":"https:\/\/www.europesays.com\/fi\/wp-json\/wp\/v2\/tags?post=91395"}],"curies":[{"name":"wp","href":"https:\/\/api.w.org\/{rel}","templated":true}]}}