{"id":91403,"date":"2025-11-16T08:03:09","date_gmt":"2025-11-16T08:03:09","guid":{"rendered":"https:\/\/www.europesays.com\/fi\/91403\/"},"modified":"2025-11-16T08:03:09","modified_gmt":"2025-11-16T08:03:09","slug":"16-sekuntia-ufcssa-uskomaton-tyrmays","status":"publish","type":"post","link":"https:\/\/www.europesays.com\/fi\/91403\/","title":{"rendered":"16 sekuntia! UFC:ss\u00e4 uskomaton tyrm\u00e4ys"},"content":{"rendered":"<p>Islam Mahat\u0161ev voitti mestaruuden my\u00f6s painoluokkaa ylemp\u00e4n\u00e4.<\/p>\n<p><img decoding=\"async\" class=\"image image-show image-preview\" src=\"https:\/\/www.europesays.com\/fi\/wp-content\/uploads\/2025\/11\/e4f04fb0aa03f372e755f78fa8236ae0e1cea858cca6db461cc33ff2c144b4f9.jpg\" alt=\"\"\/><img decoding=\"async\" class=\"image image-show\" src=\"https:\/\/www.europesays.com\/fi\/wp-content\/uploads\/2025\/11\/1763280189_880_e4f04fb0aa03f372e755f78fa8236ae0e1cea858cca6db461cc33ff2c144b4f9.jpg\" alt=\"\"\/><\/p>\n<p>Islam Mahat\u0161evin dominointi jatkuu. ZumaWire \/ MVPHOTOS<\/p>\n<p class=\"paragraph\">Ven\u00e4l\u00e4isest\u00e4 <strong>Islam Mahat\u0161evista<\/strong> kruunattiin UFC:n v\u00e4lisarjan mestari (77,1-kiloiset) Madison Square Gardenissa.<\/p>\n<p class=\"paragraph\">Vapaaotteluhurjimus dominoi t\u00e4ydet viisi er\u00e4\u00e4 australialaista <strong>Jack Della Maddalenaa<\/strong> vastaan ja otti yksimielisen voiton pisteill\u00e4.<\/p>\n<p class=\"paragraph\">Della Maddalena ei ollut h\u00e4vinnyt UFC:ss\u00e4 kertaakaan ennen UFC 322 -nime\u00e4 kantanutta iltaa. Mahat\u0161ev oli kuitenkin askeleen edell\u00e4. Kaksi viimeist\u00e4 er\u00e4\u00e4 h\u00e4n k\u00e4yt\u00e4nn\u00f6ss\u00e4 sinet\u00f6i voittonsa matossa. Lopetusyritykset eiv\u00e4t onnistuneet, mutta Della Maddalena ei l\u00f6yt\u00e4nyt poisp\u00e4\u00e4sy\u00e4 Mahat\u0161evin mursuamisen alta.<\/p>\n<p class=\"paragraph\">Mahat\u0161ev l\u00e4hti tavoittelemaan ylemm\u00e4n painoluokan mestaruutta t\u00e4n\u00e4 vuonna. Kevyess\u00e4sarjassa h\u00e4n nappasi mestaruusvy\u00f6n jo vuonna 2022 ja puolusti titteli\u00e4\u00e4n nelj\u00e4 kertaa voitokkaasti.<\/p>\n<p class=\"paragraph\">Ven\u00e4l\u00e4inen on h\u00e4vinnyt UFC:ss\u00e4 vain kerran. Vapaaottelun ykk\u00f6spromootiossa h\u00e4nen tilastonsa ovat nyt 17\u20131 ja koko ammattilaisuralla 28\u20131.<\/p>\n<p>\u0160evt\u0161enko jatkaa mestarina<\/p>\n<p class=\"paragraph\">Kirgisian lipun alla otteleva <strong>Valentina \u0160evt\u0161enko<\/strong>, 37, ei hyydy. Yksimielinen tuomarip\u00e4\u00e4t\u00f6s toi \u0160evt\u0161enkolle toisen tittelipuolustusvoiton naisten k\u00e4rp\u00e4ssarjassa.<\/p>\n<p class=\"paragraph\">Alemmasta painoluokasta tullut haastaja Kiinan <strong>Zhang Weili<\/strong> ei p\u00e4\u00e4ssyt toteuttamaan omaa vahvuusalueettaan, aggressiivista pystyottelua. \u0160evt\u0161enko hallitsi matossa.<\/p>\n<p class=\"paragraph\">Weili joutui luopumaan korsisarjan mestaruusvy\u00f6st\u00e4\u00e4n, kun l\u00e4hti painoluokkaa ylemm\u00e4s. New Yorkista h\u00e4n joutui kuitenkin poistumaan tyhjin k\u00e4sin.<\/p>\n<p>16 sekuntia!<\/p>\n<p>Benoit Saint-Denis\u2019n vasen yl\u00e4koukku jys\u00e4hti kovaa. ZumaWire \/ MVPHOTOS<\/p>\n<p class=\"paragraph\">UFC 322 -illan kohokohta n\u00e4htiin p\u00e4\u00e4kortilla, mutta ei p\u00e4\u00e4otteluissa. Ranskan <strong>Benoit Saint-Denis<\/strong> tyrm\u00e4si <strong>Beneil Dariushin<\/strong> 16 sekunnissa.<\/p>\n<p class=\"paragraph\">Dariushin vahva alapotku n\u00e4ytti ensin horjuttavan Saint-Denis\u2019n mattoon, mutta ranskalainen p\u00e4\u00e4si nopeasti tolpilleen. Dariush haki jatkoa polvipotkulla, mutta Saint-Denis p\u00e4\u00e4si vastaamaan vihaisella vasemman k\u00e4den yl\u00e4koukulla.<\/p>\n<p class=\"paragraph\">T\u00e4ydellinen osuma korvanjuureen tiputti Dariushin suorilta jaloilta kanveesiin. Tuomari keskeytti ottelun v\u00e4litt\u00f6m\u00e4sti.<\/p>\n<p class=\"paragraph\">Kevyess\u00e4sarjassa ottelevalle Saint-Denis\u2019lle voitto oli kolmas putkeen.<\/p>\n","protected":false},"excerpt":{"rendered":"Islam Mahat\u0161ev voitti mestaruuden my\u00f6s painoluokkaa ylemp\u00e4n\u00e4. Islam Mahat\u0161evin dominointi jatkuu. ZumaWire \/ MVPHOTOS Ven\u00e4l\u00e4isest\u00e4 Islam Mahat\u0161evista kruunattiin&hellip;\n","protected":false},"author":2,"featured_media":91404,"comment_status":"","ping_status":"","sticky":false,"template":"","format":"standard","meta":{"footnotes":""},"categories":[158],"tags":[35,722,33,31,30,3844,41,159,32,8503,160,4455],"class_list":{"0":"post-91403","1":"post","2":"type-post","3":"status-publish","4":"format-standard","5":"has-post-thumbnail","7":"category-urheilu","8":"tag-24h","9":"tag-amerikka","10":"tag-fi","11":"tag-finland","12":"tag-finnish","13":"tag-kamppailu-urheilu","14":"tag-liikunta-ja-urheilu","15":"tag-sports","16":"tag-suomi","17":"tag-ultimate-fighting-championship","18":"tag-urheilu","19":"tag-vapaaottelu"},"share_on_mastodon":{"url":"https:\/\/pubeurope.com\/@fi\/115558338192677016","error":""},"_links":{"self":[{"href":"https:\/\/www.europesays.com\/fi\/wp-json\/wp\/v2\/posts\/91403","targetHints":{"allow":["GET"]}}],"collection":[{"href":"https:\/\/www.europesays.com\/fi\/wp-json\/wp\/v2\/posts"}],"about":[{"href":"https:\/\/www.europesays.com\/fi\/wp-json\/wp\/v2\/types\/post"}],"author":[{"embeddable":true,"href":"https:\/\/www.europesays.com\/fi\/wp-json\/wp\/v2\/users\/2"}],"replies":[{"embeddable":true,"href":"https:\/\/www.europesays.com\/fi\/wp-json\/wp\/v2\/comments?post=91403"}],"version-history":[{"count":0,"href":"https:\/\/www.europesays.com\/fi\/wp-json\/wp\/v2\/posts\/91403\/revisions"}],"wp:featuredmedia":[{"embeddable":true,"href":"https:\/\/www.europesays.com\/fi\/wp-json\/wp\/v2\/media\/91404"}],"wp:attachment":[{"href":"https:\/\/www.europesays.com\/fi\/wp-json\/wp\/v2\/media?parent=91403"}],"wp:term":[{"taxonomy":"category","embeddable":true,"href":"https:\/\/www.europesays.com\/fi\/wp-json\/wp\/v2\/categories?post=91403"},{"taxonomy":"post_tag","embeddable":true,"href":"https:\/\/www.europesays.com\/fi\/wp-json\/wp\/v2\/tags?post=91403"}],"curies":[{"name":"wp","href":"https:\/\/api.w.org\/{rel}","templated":true}]}}