{"id":91410,"date":"2025-11-16T08:09:08","date_gmt":"2025-11-16T08:09:08","guid":{"rendered":"https:\/\/www.europesays.com\/fi\/91410\/"},"modified":"2025-11-16T08:09:08","modified_gmt":"2025-11-16T08:09:08","slug":"pirjo-toivonen-ei-saanut-tarkeaa-kirjetta-silla-han-ei-osannut-seurata-oikeaa-palvelua","status":"publish","type":"post","link":"https:\/\/www.europesays.com\/fi\/91410\/","title":{"rendered":"Pirjo Toivonen ei saanut t\u00e4rke\u00e4\u00e4 kirjett\u00e4, sill\u00e4 h\u00e4n ei osannut seurata oikeaa palvelua"},"content":{"rendered":"<p>Viestiviidakko|Viranomaisten viestiviidakossa luoviminen helpottuu alkuvuodesta, kun kaikki kirjeet ja viestit ohjataan yhteen ja samaan digipostilaatikkoon.<\/p>\n<p>Lue tiivistelm\u00e4<\/p>\n<p>Tiivistelm\u00e4 on teko\u00e4lyn tekem\u00e4 ja ihmisen tarkistama.<\/p>\n<p class=\"article-body mb-nof-24 px-nof-16 sndp-summary-bullet-point-font\">Viranomaisten kirjeet siirtyv\u00e4t p\u00e4\u00e4osin Suomi.fi-viesteihin alkuvuodesta 2025.<\/p>\n<p class=\"article-body mb-nof-24 px-nof-16 sndp-summary-bullet-point-font\">Noin kahdelle miljoonalle suomalaiselle luodaan digitaalinen postilaatikko tammikuussa. Noin 2,3 miljoonaa k\u00e4ytt\u00e4v\u00e4t palvelua jo.<\/p>\n<p class=\"article-body mb-nof-24 px-nof-16 sndp-summary-bullet-point-font\">Uudistus ei ole pakollinen, ja paperipostiin voi palata halutessaan.<\/p>\n<p class=\"article-body mb-nof-24 px-nof-16 sndp-summary-bullet-point-font\">Kaikki viranomaiset eiv\u00e4t viel\u00e4 ole mukana palvelussa, mutta uusia julkisia organisaatioita liittyy palveluun koko ajan.<\/p>\n<p class=\"article-body mb-nof-24 px-nof-16\">Omakela, Omakanta, Maisa, Omavero, Omaposti&#8230; T\u00e4rkeit\u00e4 viranomaisten ja muiden tahojen l\u00e4hett\u00e4mi\u00e4 posteja vilisee useissa eri kanavissa. Ellei pysy tarkkana, kirjeet saattavat menn\u00e4 kokonaan ohi.<\/p>\n<p class=\"article-body mb-nof-24 px-nof-16\">N\u00e4in k\u00e4vi espoolaiselle <a class=\"article-personlink\" href=\"https:\/\/www.hs.fi\/haku\/?query=Pirjo%20Toivoselle\" rel=\"nofollow noopener\" target=\"_blank\">Pirjo Toivoselle<\/a>, sill\u00e4 h\u00e4n ei k\u00e4yt\u00e4 Postin s\u00e4hk\u00f6ist\u00e4 Omaposti-palvelua. Kyseess\u00e4 oli t\u00e4rke\u00e4 taloyhti\u00f6n kirje, jossa oli muun muassa vastikkeen maksukuitti.<\/p>\n<p class=\"article-body mb-nof-24 px-nof-16\">Muistutusviestit j\u00e4iv\u00e4t tarkistamatta, koska verkossa kiert\u00e4v\u00e4t huijaukset mietitytt\u00e4v\u00e4t.<\/p>\n<p class=\"article-body mb-nof-24 px-nof-16\">\u201dPostin ja verottajan nimiss\u00e4 tehd\u00e4\u00e4n paljon huijauksia. Kun yht\u00e4kki\u00e4 Postilta tulee viesti, jota en ole odottanut, se j\u00e4\u00e4 katsomatta.\u201d<\/p>\n<p class=\"article-body mb-nof-24 px-nof-16\">Koska Toivonen osasi odottaa kirjett\u00e4, h\u00e4n kysyi asiasta is\u00e4nn\u00f6itsij\u00e4lt\u00e4, kun kirjett\u00e4 ei n\u00e4kynyt, ja lopulta maksu saatiin hoidettua ajoissa.<\/p>\n<p class=\"article-body mb-nof-24 px-nof-16\">Toivonen kertoo itse p\u00e4rj\u00e4\u00e4v\u00e4ns\u00e4 digipalvelujen kanssa, mutta joillakin h\u00e4nen yst\u00e4vist\u00e4\u00e4n on ollut hankaluuksia selvitt\u00e4\u00e4, mit\u00e4 palveluja uskaltaa k\u00e4ytt\u00e4\u00e4.<\/p>\n<p class=\"article-body mb-nof-24 px-nof-16\">\u201dTuntuu ty\u00f6l\u00e4\u00e4lt\u00e4, ett\u00e4 jokainen kanava vaatii omat salasanat ja vahvan tunnistautumisen. Miksi niit\u00e4 t\u00e4ytyy olla niin paljon?\u201d<\/p>\n<p class=\"article-body mb-nof-24 px-nof-16\">Viestiviidakossa luovimiseen on tulossa helpotusta, kertoo Digi- ja v\u00e4est\u00f6tietoviraston (DVV) hankep\u00e4\u00e4llikk\u00f6 <a class=\"article-personlink\" href=\"https:\/\/www.hs.fi\/haku\/?query=Annette%20Hotari\" rel=\"nofollow noopener\" target=\"_blank\">Annette Hotari<\/a>.<\/p>\n<p class=\"article-body mb-nof-24 px-nof-16\">Viranomaispostin vastaanotto siirtyy ensi vuoden alussa ensisijaisesti digitaaliseen muotoon Suomi.fi-viesteihin. Se tarkoittaa, ett\u00e4 useiden julkisten organisaatioiden, kuten Kelan, hyvinvointialueiden, Verohallinnon ja kuntien l\u00e4hett\u00e4m\u00e4t kirjeet tulevat yhteen ja samaan virtuaaliseen postilaatikkoon.<\/p>\n<p class=\"article-body mb-nof-24 px-nof-16\">Kaikki julkiset organisaatiot eiv\u00e4t viel\u00e4 ole <a class=\"article-genericlink\" href=\"https:\/\/www.suomi.fi\/ohjeet-ja-tuki\/viestit\/suomifi-viesteja-kayttavat-organisaatiot-ja-palvelut\" rel=\"nofollow noopener\" target=\"_blank\">mukana uudistuksessa<\/a>. Viranomaiskirjeit\u00e4 voi siis tulla edelleen muitakin s\u00e4hk\u00f6isi\u00e4 tai perinteisi\u00e4 reittej\u00e4 pitkin.<\/p>\n<p class=\"article-body mb-nof-24 px-nof-16\">\u201dIhan kokonaan paperipostin tulo ei siis v\u00e4ltt\u00e4m\u00e4tt\u00e4 lopu. Mukaan tulee kuitenkin koko ajan lis\u00e4\u00e4 organisaatioita\u201d, DVV:n johtava asiantuntija <a class=\"article-personlink\" href=\"https:\/\/www.hs.fi\/haku\/?query=Maria%20Juka-Lahdenper%C3%A4\" rel=\"nofollow noopener\" target=\"_blank\">Maria Juka-Lahdenper\u00e4<\/a> vakuuttaa.<\/p>\n<p class=\"article-body mb-nof-24 px-nof-16\">Noin 2,3 miljoonaa suomalaista saavat jo Suomi.fi-viestej\u00e4. <a class=\"article-genericlink\" href=\"https:\/\/www.suomi.fi\/uutiset\/viranomaisposti-saapuu-vuoden-2026-alusta-ensisijaisesti-sahkoisesti-muutos-koskee-noin-kahta-miljoonaa-henkiloa\" rel=\"nofollow noopener\" target=\"_blank\">12. tammikuuta<\/a> s\u00e4hk\u00f6inen postilaatikko luodaan niille lopuille noin kahdelle miljoonalle, jotka eiv\u00e4t viel\u00e4 ole ottaneet sit\u00e4 k\u00e4ytt\u00f6\u00f6n.<\/p>\n<p class=\"article-body mb-nof-24 px-nof-16\">K\u00e4ytt\u00f6\u00f6notto tapahtuu vahvan tunnistautumisen yhteydess\u00e4, kun henkil\u00f6 kirjautuu jonkin viranomaisen verkkopalveluun. Jos ei tunnistaudu, viestit eiv\u00e4t tule k\u00e4ytt\u00f6\u00f6n ja viranomaisten kirjeet tulevat samoja reittej\u00e4 kuin aiemminkin.<\/p>\n<p class=\"article-body mb-nof-24 px-nof-16\">\u201dTunnistautuessa kerrotaan, ett\u00e4 t\u00e4st\u00e4 p\u00e4iv\u00e4st\u00e4 l\u00e4htien sinulla on digitaalinen postilaatikko k\u00e4yt\u00f6ss\u00e4si. K\u00e4ytt\u00e4j\u00e4 varmasti huomaa sen\u201d, Juka-Lahdenper\u00e4 sanoo.<\/p>\n<p class=\"article-body mb-nof-24 px-nof-16\">Viestej\u00e4 pystyy lukemaan Suomi.fi-mobiiliapplikaatiosta tai -verkkosivuilta. Viestej\u00e4 voivat l\u00e4hett\u00e4\u00e4 Hotarin mukaan vain turvalliseksi todetut julkisen hallinnon organisaatiot.<\/p>\n<p class=\"article-body mb-nof-24 px-nof-16\">H\u00e4n tiet\u00e4\u00e4, ett\u00e4 Suomi.fi-sivuston nimiss\u00e4 l\u00e4hetet\u00e4\u00e4n kalastelu- ja huijausviestej\u00e4. H\u00e4n muistuttaakin, ett\u00e4 jos lukee Suomi.fi-viestej\u00e4 sivustolla, verkko-osoite tulee itse kirjoittaa osoiteriville.<\/p>\n<p class=\"article-body mb-nof-24 px-nof-16\">My\u00f6s s\u00e4hk\u00f6postia lukiessa kannattaa pysy\u00e4 valppaana.<\/p>\n<p class=\"article-body mb-nof-24 px-nof-16\">\u201dMe emme ikin\u00e4 l\u00e4het\u00e4 s\u00e4hk\u00f6posteja tai tekstiviestej\u00e4, joissa kehotetaan klikkaamaan linkki\u00e4.\u201d<\/p>\n<p class=\"article-body mb-nof-24 px-nof-16\">Juka-Lahdenper\u00e4 ja Hotari ovat t\u00f6rm\u00e4nneet uudistukseen liittyviin v\u00e4\u00e4rink\u00e4sityksiin.<\/p>\n<p class=\"article-body mb-nof-24 px-nof-16\">Ensinn\u00e4kin, kyse ei ole \u201ddigipakosta\u201d. Jos ei halua lukea kirjeit\u00e4 digitaalisesti Suomi.fi-palvelussa, voi palata takaisin paperipostiin.<\/p>\n<p class=\"article-body mb-nof-24 px-nof-16\">Palveluun ei tarvitse my\u00f6sk\u00e4\u00e4n erikseen ilmoittaa, jos ei k\u00e4yt\u00e4 digitaalisia palveluita ja ei n\u00e4in halua Suomi.fi-viestej\u00e4k\u00e4\u00e4n. Heille postilaatikko ei tule lainkaan k\u00e4ytt\u00f6\u00f6n, koska k\u00e4ytt\u00f6\u00f6notto vaatii aina tunnistautumisen.<\/p>\n<p class=\"article-body mb-nof-24 px-nof-16\">Kun uudistus on edennyt pidemm\u00e4lle, mukaan otetaan yksityisi\u00e4 digipostipalveluita, Hotari kertoo. Siten k\u00e4ytt\u00e4j\u00e4 voi itse valita, haluaako k\u00e4ytt\u00e4\u00e4 Suomi.fi-postilaatikkoa vai jotakin toista.<\/p>\n<p class=\"article-body mb-nof-24 px-nof-16\">\u201dSe edellytt\u00e4\u00e4 lains\u00e4\u00e4d\u00e4nt\u00f6ty\u00f6t\u00e4 ja sit\u00e4, ett\u00e4 palvelu t\u00e4ytt\u00e4\u00e4 tietyt kriteerit. Tavoitteena on, ett\u00e4 yksityisen palvelun voisi valita loppuvuodesta 2026.\u201d<\/p>\n","protected":false},"excerpt":{"rendered":"Viestiviidakko|Viranomaisten viestiviidakossa luoviminen helpottuu alkuvuodesta, kun kaikki kirjeet ja viestit ohjataan yhteen ja samaan digipostilaatikkoon. Lue tiivistelm\u00e4 Tiivistelm\u00e4&hellip;\n","protected":false},"author":2,"featured_media":91411,"comment_status":"","ping_status":"","sticky":false,"template":"","format":"standard","meta":{"footnotes":""},"categories":[12],"tags":[22,23,26,27,33,31,30,17,46,24,25,28,29,15,18,21,32,19,20,16],"class_list":{"0":"post-91410","1":"post","2":"type-post","3":"status-publish","4":"format-standard","5":"has-post-thumbnail","7":"category-suomi","8":"tag-breaking-news","9":"tag-breakingnews","10":"tag-featured-news","11":"tag-featurednews","12":"tag-fi","13":"tag-finland","14":"tag-finnish","15":"tag-headlines","16":"tag-helsingin-sanomat","17":"tag-latest-news","18":"tag-latestnews","19":"tag-main-news","20":"tag-mainnews","21":"tag-news","22":"tag-otsikot","23":"tag-paauutiset","24":"tag-suomi","25":"tag-top-stories","26":"tag-topstories","27":"tag-uutiset"},"share_on_mastodon":{"url":"https:\/\/pubeurope.com\/@fi\/115558361607358218","error":""},"_links":{"self":[{"href":"https:\/\/www.europesays.com\/fi\/wp-json\/wp\/v2\/posts\/91410","targetHints":{"allow":["GET"]}}],"collection":[{"href":"https:\/\/www.europesays.com\/fi\/wp-json\/wp\/v2\/posts"}],"about":[{"href":"https:\/\/www.europesays.com\/fi\/wp-json\/wp\/v2\/types\/post"}],"author":[{"embeddable":true,"href":"https:\/\/www.europesays.com\/fi\/wp-json\/wp\/v2\/users\/2"}],"replies":[{"embeddable":true,"href":"https:\/\/www.europesays.com\/fi\/wp-json\/wp\/v2\/comments?post=91410"}],"version-history":[{"count":0,"href":"https:\/\/www.europesays.com\/fi\/wp-json\/wp\/v2\/posts\/91410\/revisions"}],"wp:featuredmedia":[{"embeddable":true,"href":"https:\/\/www.europesays.com\/fi\/wp-json\/wp\/v2\/media\/91411"}],"wp:attachment":[{"href":"https:\/\/www.europesays.com\/fi\/wp-json\/wp\/v2\/media?parent=91410"}],"wp:term":[{"taxonomy":"category","embeddable":true,"href":"https:\/\/www.europesays.com\/fi\/wp-json\/wp\/v2\/categories?post=91410"},{"taxonomy":"post_tag","embeddable":true,"href":"https:\/\/www.europesays.com\/fi\/wp-json\/wp\/v2\/tags?post=91410"}],"curies":[{"name":"wp","href":"https:\/\/api.w.org\/{rel}","templated":true}]}}