{"id":91412,"date":"2025-11-16T08:10:13","date_gmt":"2025-11-16T08:10:13","guid":{"rendered":"https:\/\/www.europesays.com\/fi\/91412\/"},"modified":"2025-11-16T08:10:13","modified_gmt":"2025-11-16T08:10:13","slug":"leevi-selanne-25-sai-lahtopassit-yleisoryntays","status":"publish","type":"post","link":"https:\/\/www.europesays.com\/fi\/91412\/","title":{"rendered":"Leevi Sel\u00e4nne, 25, sai l\u00e4ht\u00f6passit \u2013 Yleis\u00f6rynt\u00e4ys"},"content":{"rendered":"<p>Leevi Sel\u00e4nne tehoili yli 700 katsojan edess\u00e4.<\/p>\n<p><img decoding=\"async\" class=\"image image-show image-preview\" src=\"https:\/\/www.europesays.com\/fi\/wp-content\/uploads\/2025\/08\/80ee2ff00e5d9e1be540faa0c59a3d1470fd77cc129ebc33eb10aeed3f3efde0.jpg\" alt=\"\"\/><img decoding=\"async\" class=\"image image-show\" src=\"https:\/\/www.europesays.com\/fi\/wp-content\/uploads\/2025\/08\/1756121768_954_80ee2ff00e5d9e1be540faa0c59a3d1470fd77cc129ebc33eb10aeed3f3efde0.jpg\" alt=\"\"\/><\/p>\n<p>Leevi Sel\u00e4nne jatkaa uraansa Suomen kolmanneksi korkeimmalla sarjatasolla. Tomi Natri \/ AOP<\/p>\n<p class=\"paragraph\"><strong>Leevi Sel\u00e4nteen<\/strong>, 25, Mestis-ura ei l\u00e4htenyt lentoon t\u00e4ll\u00e4 kaudella. Joensuun Kiekko-Pojat ja Sel\u00e4nne purkivat sopimuksen aiemmin t\u00e4ll\u00e4 viikolla, ja Sel\u00e4nne siirtyi sarjatasoa alemmas Suomi-sarjaan.<\/p>\n<p class=\"paragraph\">Debyytti J\u00e4rvenp\u00e4\u00e4n Haukoissa oli kuitenkin onnistunut. Haukat kaatoi kotonaan Muik Hockeyn 4\u20132, ja Sel\u00e4nne kahmi tehot 1+1.<\/p>\n<p class=\"paragraph\">Sel\u00e4nteen siirrolla saattoi olla vaikutusta kotiyleis\u00f6n suureen kiinnostukseen. Ottelua saapui seuraamaan 745 katsojaa. Se on kova luku J\u00e4rvenp\u00e4\u00e4n j\u00e4\u00e4hallissa, jonne mahtuu 1\u00a0300 katsojaa.<\/p>\n<p class=\"paragraph\">Haukat on Suomi-sarjan k\u00e4rkipaikalla ja liit\u00e4\u00e4 seitsem\u00e4n ottelun voittoputkessa.<\/p>\n<p class=\"paragraph\">Teemu Sel\u00e4nteen poika debytoi ammattilaissarjassa Suomessa kaudella 2023\u201324. Silloin joukkueena oli Kajaanin Hokki.<\/p>\n<p class=\"paragraph\">Viime kaudella Sel\u00e4nne pelasi Ruotsin nelj\u00e4nneksi korkeimmalla sarjatasolla Ockelbo HC:ss\u00e4. Siell\u00e4 h\u00e4n loisti, kun 32 ottelussa syntyi tehot 15+9=24.<\/p>\n<p><a href=\"https:\/\/www.iltalehti.fi\/telkku\/?utm_source=iltalehti.fi&amp;utm_medium=almainternal&amp;utm_campaign=urheilu_artikkelibanneri&amp;utm_content=banner_612_a\" rel=\"nofollow noopener\" target=\"_blank\"><img decoding=\"async\" src=\"https:\/\/www.europesays.com\/fi\/wp-content\/uploads\/2025\/08\/7ef604e47d46ca174b7df4149bd3557dbde56a86d520f8e1b2125548b0a2e03a.png\" alt=\"TV-ohjelmat t\u00e4n\u00e4\u00e4n, TV-opas\"\/><\/a><\/p>\n","protected":false},"excerpt":{"rendered":"Leevi Sel\u00e4nne tehoili yli 700 katsojan edess\u00e4. Leevi Sel\u00e4nne jatkaa uraansa Suomen kolmanneksi korkeimmalla sarjatasolla. Tomi Natri \/&hellip;\n","protected":false},"author":2,"featured_media":91413,"comment_status":"","ping_status":"","sticky":false,"template":"","format":"standard","meta":{"footnotes":""},"categories":[5],"tags":[35,1274,22,23,26,27,33,31,30,17,1143,24,25,41,28,29,1146,15,18,21,32,1145,19,20,16],"class_list":{"0":"post-91412","1":"post","2":"type-post","3":"status-publish","4":"format-standard","5":"has-post-thumbnail","7":"category-otsikot","8":"tag-24h","9":"tag-ammattiurheilu","10":"tag-breaking-news","11":"tag-breakingnews","12":"tag-featured-news","13":"tag-featurednews","14":"tag-fi","15":"tag-finland","16":"tag-finnish","17":"tag-headlines","18":"tag-jaakiekko","19":"tag-latest-news","20":"tag-latestnews","21":"tag-liikunta-ja-urheilu","22":"tag-main-news","23":"tag-mainnews","24":"tag-miesten-jaakiekko","25":"tag-news","26":"tag-otsikot","27":"tag-paauutiset","28":"tag-suomi","29":"tag-talviurheilu","30":"tag-top-stories","31":"tag-topstories","32":"tag-uutiset"},"share_on_mastodon":{"url":"https:\/\/pubeurope.com\/@fi\/115558365632141967","error":""},"_links":{"self":[{"href":"https:\/\/www.europesays.com\/fi\/wp-json\/wp\/v2\/posts\/91412","targetHints":{"allow":["GET"]}}],"collection":[{"href":"https:\/\/www.europesays.com\/fi\/wp-json\/wp\/v2\/posts"}],"about":[{"href":"https:\/\/www.europesays.com\/fi\/wp-json\/wp\/v2\/types\/post"}],"author":[{"embeddable":true,"href":"https:\/\/www.europesays.com\/fi\/wp-json\/wp\/v2\/users\/2"}],"replies":[{"embeddable":true,"href":"https:\/\/www.europesays.com\/fi\/wp-json\/wp\/v2\/comments?post=91412"}],"version-history":[{"count":0,"href":"https:\/\/www.europesays.com\/fi\/wp-json\/wp\/v2\/posts\/91412\/revisions"}],"wp:featuredmedia":[{"embeddable":true,"href":"https:\/\/www.europesays.com\/fi\/wp-json\/wp\/v2\/media\/91413"}],"wp:attachment":[{"href":"https:\/\/www.europesays.com\/fi\/wp-json\/wp\/v2\/media?parent=91412"}],"wp:term":[{"taxonomy":"category","embeddable":true,"href":"https:\/\/www.europesays.com\/fi\/wp-json\/wp\/v2\/categories?post=91412"},{"taxonomy":"post_tag","embeddable":true,"href":"https:\/\/www.europesays.com\/fi\/wp-json\/wp\/v2\/tags?post=91412"}],"curies":[{"name":"wp","href":"https:\/\/api.w.org\/{rel}","templated":true}]}}