{"id":91414,"date":"2025-11-16T08:22:16","date_gmt":"2025-11-16T08:22:16","guid":{"rendered":"https:\/\/www.europesays.com\/fi\/91414\/"},"modified":"2025-11-16T08:22:16","modified_gmt":"2025-11-16T08:22:16","slug":"sanna-marin-tayttaa-40-vuotta-katso-nostalgiset-kuvat","status":"publish","type":"post","link":"https:\/\/www.europesays.com\/fi\/91414\/","title":{"rendered":"Sanna Marin t\u00e4ytt\u00e4\u00e4 40 vuotta \u2013 katso nostalgiset kuvat"},"content":{"rendered":"<p class=\"ingress\">Sanna Marin on nuoresta i\u00e4st\u00e4\u00e4n huolimatta ehtinyt olla monessa mukana. Kokosimme py\u00f6reit\u00e4 vuosia t\u00e4ytt\u00e4v\u00e4st\u00e4 ex-p\u00e4\u00e4ministerist\u00e4 kuvakoosteen.<\/p>\n<p>Suomen entinen p\u00e4\u00e4ministeri<strong> Sanna Marin<\/strong> t\u00e4ytt\u00e4\u00e4 40 vuotta 16. marraskuuta. Nuoresta i\u00e4st\u00e4\u00e4n huolimatta h\u00e4n on ehtinyt olla monessa mukana ja ty\u00f6skennell\u00e4 vaikutusvaltaisissa teht\u00e4viss\u00e4.<\/p>\n<p>Sen lis\u00e4ksi ett\u00e4 h\u00e4n toimi p\u00e4\u00e4ministerin\u00e4 vuosina 2019\u20132023, h\u00e4nell\u00e4 oli lyhyt pesti <strong>Antti Rinteen <\/strong>hallituksessa liikenne- ja viestint\u00e4ministerin\u00e4  6.6.2019\u201310.12.2019.  Ministerin\u00e4 h\u00e4n on n\u00e4in ollen toiminut yhteens\u00e4 1476 p\u00e4iv\u00e4n ajan.<\/p>\n<p>Kansanedustajana Sanna toimi vuodesta 2015 syyskuuhun 2023 ja Tampereen kaupunginvaltuutettuna vuosina 2012\u20132023. <\/p>\n<p><strong>Lue my\u00f6s: <\/strong><a href=\"https:\/\/anna.fi\/ihmiset\/paaministeri-sanna-marin-haaveilee-kesalomansa-toteutumisesta-haluaisin-tehda-emman-kanssa-vaikka-mita\" rel=\"nofollow noopener\" target=\"_blank\">Sanna Marinin Emmasta piti alun perin tulla ihan toisen niminen \u2013 el\u00e4m\u00e4 kuitenkin yll\u00e4tti, kuten Sanna on my\u00f6s p\u00e4\u00e4ministerin\u00e4 saanut monesti huomata: \u201dKukaan ei ole yksin oikeassa\u201d<\/a><\/p>\n<p>Maailman nuorin p\u00e4\u00e4ministeri<\/p>\n<p>Nelj\u00e4nkympin rajapyykin rikkoutuminen vasta t\u00e4ss\u00e4 vaiheessa alleviivaa sit\u00e4, ett\u00e4 Sanna oli p\u00e4\u00e4ministeriksi astumisen hetkell\u00e4\u00e4n Suomen ja koko maailman nuorin istuva p\u00e4\u00e4ministeri. <\/p>\n<p>Vuonna 2023 Sanna kohahdutti kansaa ilmoittamalla j\u00e4tt\u00e4v\u00e4ns\u00e4 politiikan. H\u00e4n luopui kansanedustajan teht\u00e4vist\u00e4\u00e4n ja aloitti syyskuussa 2023 Iso-Britannian entisen p\u00e4\u00e4ministerin <strong>Tony Blairin<\/strong> nime\u00e4 kantavan Tony Blairin instituutin strategisena neuvonantajana.\u00a0<\/p>\n<p>Sannan tarina p\u00e4\u00e4ministeriaikoineen ja kohuineen on monille entist\u00e4 tutumpi t\u00e4n\u00e4 syksyn\u00e4 ilmestyneen Toivo on tekoja \u2013<a href=\"https:\/\/anna.fi\/ihmiset\/sanna-marin-kirja\" rel=\"nofollow noopener\" target=\"_blank\">el\u00e4m\u00e4kerran<\/a> ansiosta, jonka h\u00e4n on itse kirjoittanut. Kirjan kustantaja on Gummerus. <\/p>\n<p>Aiemmin h\u00e4nest\u00e4 on ilmestynyt my\u00f6s toinen <a href=\"https:\/\/anna.fi\/ihmiset\/kirja-sanna-marinista\" rel=\"nofollow noopener\" target=\"_blank\">el\u00e4m\u00e4kerta<\/a>, <strong>Salla Vuorikosken<\/strong>\u00a0kirjoittama\u00a0Poikkeuksellinen p\u00e4\u00e4ministeri\u00a0(WSOY 2024).<\/p>\n<p>Koostimme py\u00f6reit\u00e4 vuosia juhlivasta Sanna Marinista kuvakokonaisuuden, jossa n\u00e4kyv\u00e4t h\u00e4nen vuotensa politiikassa ja Suomen tunnetuimpiin nousseena julkisuuden henkil\u00f6n\u00e4.<\/p>\n<p>Vuodet 2014\u20132025: politiikkaa, \u00e4itiytt\u00e4, p\u00e4\u00e4ministeriytt\u00e4 ja uusia tuulia<\/p>\n<p>Vuonna 2014 Sanna kuvattiin Tampereen Ty\u00f6nv\u00e4enmuseossa Werstaassa. H\u00e4n toimi tuolloin SDP:n varapuheenjohtajana ja siihen aikaan h\u00e4net tunnettiin l\u00e4hinn\u00e4 tamperelaisena poliitikkona:<\/p>\n<p>    <a href=\"https:\/\/anna.fi\/wp-content\/uploads\/2025\/11\/sannamarin15-scaled.jpg\" rel=\"nofollow noopener\" target=\"_blank\"><img fetchpriority=\"high\" decoding=\"async\" alt=\"\" class=\"wp-image-682581 awpo-lqip awpo-lazy\" width=\"1600\" height=\"2560\" style=\"--aspect-ratio: 0.63\" src=\"https:\/\/www.europesays.com\/fi\/wp-content\/uploads\/2025\/11\/sannamarin15-scaled.jpg\"\/><\/a>    <\/p>\n<p>          \u00a9 Marjo Tynkkynen        <\/p>\n<p>Vuonna 2017 Sanna kuvattiin leikkipuistossa. H\u00e4n toimi tuohon aikaan SDP:n ensimm\u00e4isen\u00e4 varapuheenjohtajana\u00a0ja oli tunnettu erityisesti j\u00e4mptist\u00e4 kokoustekniikastaan esimerkiksi Tampereen kaupunginvaltuuston raitiovaunuhankekokouksessa.<\/p>\n<p>    <a href=\"https:\/\/anna.fi\/wp-content\/uploads\/2025\/11\/sannamarin17-scaled.jpg\" rel=\"nofollow noopener\" target=\"_blank\"><img loading=\"lazy\" decoding=\"async\" alt=\"\" class=\"wp-image-682583 awpo-lqip awpo-lazy\" width=\"1601\" height=\"2560\" style=\"--aspect-ratio: 0.63\" src=\"https:\/\/www.europesays.com\/fi\/wp-content\/uploads\/2025\/11\/sannamarin17-scaled.jpg\"\/><\/a>    <\/p>\n<p>          \u00a9 Sara Pihlaja        <\/p>\n<p>Tammikuussa 2018 Sanna Marinista tuli <strong>Emma<\/strong>-tytt\u00e4ren \u00e4iti. Sanna istui tuolloin ensimm\u00e4ist\u00e4 kauttaan kansanedustajana, mutta j\u00e4i \u00e4itiyslomalle vuoden 2018 alussa ja palasi t\u00f6ihin syksyll\u00e4 eduskunnan istuntokauden alkaessa.<\/p>\n<p>H\u00e4nen silloinen miehens\u00e4\u00a0ja lapsen is\u00e4 <strong>Markus R\u00e4ikk\u00f6nen<\/strong>\u00a0j\u00e4i viel\u00e4 hoitamaan tyt\u00e4rt\u00e4 kotiin.<\/p>\n<p>\u201dT\u00e4m\u00e4 on ollut el\u00e4m\u00e4ni onnellisinta aikaa\u201d, Sanna kertoi vanhempainvapaastaan <a href=\"https:\/\/anna.fi\/ihmiset\/paaministeri-sanna-marin-haaveilee-kesalomansa-toteutumisesta-haluaisin-tehda-emman-kanssa-vaikka-mita\" rel=\"nofollow noopener\" target=\"_blank\">Anna-lehden haastattelussa.<\/a><\/p>\n<p>T\u00e4ss\u00e4 kuvassa Sanna ty\u00f6nt\u00e4\u00e4 vauvaik\u00e4ist\u00e4 Emmaa vaunuissa:<\/p>\n<p>    <a href=\"https:\/\/anna.fi\/wp-content\/uploads\/2025\/11\/sannamarin18-scaled.jpg\" rel=\"nofollow noopener\" target=\"_blank\"><img loading=\"lazy\" decoding=\"async\" alt=\"\" class=\"wp-image-682584 awpo-lqip awpo-lazy\" width=\"1600\" height=\"2560\" style=\"--aspect-ratio: 0.63\" src=\"https:\/\/www.europesays.com\/fi\/wp-content\/uploads\/2025\/11\/sannamarin18-scaled.jpg\"\/><\/a>    <\/p>\n<p>          \u00a9 Sara Pihlaja        <\/p>\n<p><strong> Lue my\u00f6s Kotiliesi.fi:<\/strong> <a href=\"https:\/\/kotiliesi.fi\/resepti\/sanna-marinin-fetapiirakka\/\" rel=\"nofollow noopener\" target=\"_blank\">Sanna Marinin fetapiirakka<\/a><\/p>\n<p>Vuoden 2018 Linnan juhliin Sanna saapui valkoisessa, pitk\u00e4hihaisessa iltapuvussa, jonka oli suunnitellut <strong>Anni Ruuth<\/strong>:<\/p>\n<p>    <a href=\"https:\/\/anna.fi\/wp-content\/uploads\/2025\/11\/sannamarin18linnan-scaled.jpg\" rel=\"nofollow noopener\" target=\"_blank\"><img loading=\"lazy\" decoding=\"async\" alt=\"\" class=\"wp-image-682585 awpo-lqip awpo-lazy\" width=\"1600\" height=\"2560\" style=\"--aspect-ratio: 0.63\" src=\"https:\/\/www.europesays.com\/fi\/wp-content\/uploads\/2025\/11\/sannamarin18linnan-scaled.jpg\"\/><\/a>    <\/p>\n<p>          \u00a9 Kristiina Kurronen        <\/p>\n<p>Kev\u00e4\u00e4ll\u00e4 2019 Sanna Marin kuvattiin <a href=\"https:\/\/anna.fi\/ihmiset\/tana-vuonna-naimisiin-meneva-huippupoliitikko-sanna-marin-suhteessamme-jokainen-paiva-on-parempi-kuin-edellinen\" rel=\"nofollow noopener\" target=\"_blank\">Annan kansihaastattelua <\/a>varten. Haastattelussa h\u00e4n kertoo tiest\u00e4\u00e4n politiikan huipulle:<\/p>\n<p>    <a href=\"https:\/\/anna.fi\/wp-content\/uploads\/2025\/11\/sannamarin2019-scaled.jpg\" rel=\"nofollow noopener\" target=\"_blank\"><img loading=\"lazy\" decoding=\"async\" alt=\"\" class=\"wp-image-682586 awpo-lqip awpo-lazy\" width=\"1600\" height=\"2560\" style=\"--aspect-ratio: 0.63\" src=\"https:\/\/www.europesays.com\/fi\/wp-content\/uploads\/2025\/11\/sannamarin2019-scaled.jpg\"\/><\/a>    <\/p>\n<p>          \u00a9 Mirva Kakko        <\/p>\n<p>Kes\u00e4ll\u00e4 2020 Sanna oli jo p\u00e4\u00e4ministeri. Elettiin keskell\u00e4 koronapandemiaa, josta saatiin lyhyt heng\u00e4hdystauko kes\u00e4ll\u00e4. Sanna kuvattiin p\u00e4\u00e4ministerin kes\u00e4asunnossa Kes\u00e4rannassa:<\/p>\n<p>    <a href=\"https:\/\/anna.fi\/wp-content\/uploads\/2025\/11\/sannamarin20-scaled.jpg\" rel=\"nofollow noopener\" target=\"_blank\"><img loading=\"lazy\" decoding=\"async\" alt=\"\" class=\"wp-image-682591 awpo-lqip awpo-lazy\" width=\"1600\" height=\"2560\" style=\"--aspect-ratio: 0.63\" src=\"https:\/\/www.europesays.com\/fi\/wp-content\/uploads\/2025\/11\/sannamarin20-scaled.jpg\"\/><\/a>    <\/p>\n<p>          \u00a9 Jarmo Wright        <\/p>\n<p>Vuotta my\u00f6hemmin eli toukokuussa 2021 Sanna kuvattiin j\u00e4lleen Kes\u00e4rannassa:<\/p>\n<p>    <a href=\"https:\/\/anna.fi\/wp-content\/uploads\/2025\/11\/sannamarin21-scaled.jpg\" rel=\"nofollow noopener\" target=\"_blank\"><img loading=\"lazy\" decoding=\"async\" alt=\"\" class=\"wp-image-682593 awpo-lqip awpo-lazy\" width=\"1600\" height=\"2560\" style=\"--aspect-ratio: 0.63\" src=\"https:\/\/www.europesays.com\/fi\/wp-content\/uploads\/2025\/11\/sannamarin21-scaled.jpg\"\/><\/a>    <\/p>\n<p>          \u00a9 Tommi Tuomi        <\/p>\n<p>Kes\u00e4ll\u00e4 2022 Sanna Marinista tehtiin toistamiseen kansikuvajuttu Annaan. Siin\u00e4 h\u00e4n kertoo ty\u00f6st\u00e4\u00e4n p\u00e4\u00e4ministerin\u00e4, \u00e4itin\u00e4 ja puolisona sek\u00e4 muun muassa Suomen Nato-prosessista.<\/p>\n<p>\u201dMinulla ei ole erityisemmin ollut uraan liittyvi\u00e4 haaveita. Polku, joka on johtanut t\u00e4h\u00e4n, miss\u00e4 nyt olen, on seurausta siit\u00e4, ett\u00e4 olen vastannut kyll\u00e4, kun minua on pyydetty ja kannustettu erilaisiin teht\u00e4viin\u201d, Sanna sanoo haastattelussa.<\/p>\n<p>    <a href=\"https:\/\/anna.fi\/wp-content\/uploads\/2025\/11\/sannamarin22-scaled.jpg\" rel=\"nofollow noopener\" target=\"_blank\"><img loading=\"lazy\" decoding=\"async\" alt=\"\" class=\"wp-image-682594 awpo-lqip awpo-lazy\" width=\"1600\" height=\"2560\" style=\"--aspect-ratio: 0.63\" src=\"https:\/\/www.europesays.com\/fi\/wp-content\/uploads\/2025\/11\/sannamarin22-scaled.jpg\"\/><\/a>    <\/p>\n<p>          \u00a9 Otavamedia        <\/p>\n<p>Saman vuoden lopulla eli vuoden 2022 Linnan juhlissa p\u00e4\u00e4ministeri n\u00e4htiin valkoisessa, <strong>Sari H\u00f6rk\u00f6n<\/strong>\u00a0suunnittelemassa ja toteuttamassa juhlapuvussa.<\/p>\n<p>Samana vuonna Sannalle my\u00f6nnettiin\u00a0Suomen Valkoisen Ruusun suurristi\u00a0-kunniamerkki, jonka h\u00e4n oli kiinnitt\u00e4nyt pukuunsa:<\/p>\n<p>    <a href=\"https:\/\/anna.fi\/wp-content\/uploads\/2025\/11\/sannamarin22toinen-scaled.jpg\" rel=\"nofollow noopener\" target=\"_blank\"><img loading=\"lazy\" decoding=\"async\" alt=\"\" class=\"wp-image-682597 awpo-lqip awpo-lazy\" width=\"1600\" height=\"2560\" style=\"--aspect-ratio: 0.63\" src=\"https:\/\/www.europesays.com\/fi\/wp-content\/uploads\/2025\/11\/sannamarin22toinen-scaled.jpg\"\/><\/a>    <\/p>\n<p>          \u00a9 Otavamedia        <\/p>\n<p>Vuoden 2023 huhtikuussa Sanna Marin osallistui hallitusneuvotteluihin puoluetoverinsa<strong> Antti Lindtmanin <\/strong>kanssa. Viel\u00e4 vaali-iltana h\u00e4n ilmoitti olevansa t\u00e4ysin sitoutunut kansanedustajan ty\u00f6h\u00f6ns\u00e4. Viisi kuukautta my\u00f6hemmin h\u00e4n piti tiedotustilaisuuden, jossa ilmoitti eropyynt\u00f6ns\u00e4 rivikansanedustajan teht\u00e4v\u00e4st\u00e4\u00e4n. <\/p>\n<p>    <a href=\"https:\/\/anna.fi\/wp-content\/uploads\/2025\/11\/sannamarin23-scaled.jpg\" rel=\"nofollow noopener\" target=\"_blank\"><img loading=\"lazy\" decoding=\"async\" alt=\"\" class=\"wp-image-682601 awpo-lqip awpo-lazy\" width=\"2560\" height=\"1600\" style=\"--aspect-ratio: 1.6\" src=\"https:\/\/www.europesays.com\/fi\/wp-content\/uploads\/2025\/11\/sannamarin23-scaled.jpg\"\/><\/a>    <\/p>\n<p>          \u00a9 Marjo Tynkkynen        <\/p>\n<p>Uuden ty\u00f6ns\u00e4 my\u00f6t\u00e4 Tony Blair-instituutissa Sanna on ollut v\u00e4hemm\u00e4n n\u00e4kyvill\u00e4 Suomen mediassa. Tammikuussa 2025 h\u00e4n piipahti Kes\u00e4kirja-elokuvan ensi-illassa:<\/p>\n<p>    <a href=\"https:\/\/anna.fi\/wp-content\/uploads\/2025\/11\/sannamarin25-scaled.jpg\" rel=\"nofollow noopener\" target=\"_blank\"><img loading=\"lazy\" decoding=\"async\" alt=\"\" class=\"wp-image-682619 awpo-lqip awpo-lazy\" width=\"1599\" height=\"2560\" style=\"--aspect-ratio: 0.62\" src=\"https:\/\/www.europesays.com\/fi\/wp-content\/uploads\/2025\/11\/sannamarin25-scaled.jpg\"\/><\/a>    <\/p>\n<p>          \u00a9 Tiia Ahjotuli        <\/p>\n<p>    Sinua voi kiinnostaa my\u00f6s:<\/p>\n<ol class=\"read-also__list\">\n<li>\n<p>            <img loading=\"lazy\" decoding=\"async\" class=\"card__image awpo-lqip awpo-lazy\" width=\"2000\" height=\"1315\" src=\"https:\/\/www.europesays.com\/fi\/wp-content\/uploads\/2025\/11\/susanna_hero.jpg\"\/>                <a href=\"https:\/\/anna.fi\/kategoria\/ihmiset\" class=\"card__vignette\" rel=\"nofollow noopener\" target=\"_blank\"><br \/>\n            Ihmiset          <\/a><\/p>\n<p>      <a href=\"https:\/\/anna.fi\/ihmiset\/susanna-malkki\" class=\"card__link-overlay\" rel=\"nofollow noopener\" target=\"_blank\">Susanna M\u00e4lkki on harvinaisuus huippukapellimestarien joukossa: \u201dNaisia arvostetaan puheissa, mutta miehist\u00e4 kilpaillaan\u201d<\/a><\/p>\n<\/li>\n<li>\n<p>            <img loading=\"lazy\" decoding=\"async\" class=\"card__image awpo-lqip awpo-lazy\" width=\"2000\" height=\"1334\" src=\"https:\/\/www.europesays.com\/fi\/wp-content\/uploads\/2025\/11\/r4a2322.jpg\"\/>                <a href=\"https:\/\/anna.fi\/kategoria\/ihmiset\" class=\"card__vignette\" rel=\"nofollow noopener\" target=\"_blank\"><br \/>\n            Ihmiset          <\/a><\/p>\n<p>      <a href=\"https:\/\/anna.fi\/ihmiset\/merja-yla-anttila\" class=\"card__link-overlay\" rel=\"nofollow noopener\" target=\"_blank\">Merja Yl\u00e4-Anttila yritti nuorena toimittajana olla hyv\u00e4 j\u00e4tk\u00e4: \u201dMy\u00f6hemmin olen ollut tarkka, ett\u00e4 pysyn naisena\u201d<\/a><\/p>\n<\/li>\n<li>\n<p>            <img loading=\"lazy\" decoding=\"async\" class=\"card__image awpo-lqip awpo-lazy\" width=\"2560\" height=\"1600\" src=\"https:\/\/www.europesays.com\/fi\/wp-content\/uploads\/2025\/11\/tytti1.jpg\"\/>                <a href=\"https:\/\/anna.fi\/kategoria\/ihmiset\" class=\"card__vignette\" rel=\"nofollow noopener\" target=\"_blank\"><br \/>\n            Ihmiset          <\/a><\/p>\n<p>      <a href=\"https:\/\/anna.fi\/ihmiset\/tytti-tuppuraisen-mies-soittaa-joka-paiva-ja-kysyy-mihin-aikaan-vaimo-haluaa-paivallista-naisystavani-ovat-aina-ihan-suut-auki-kun-kerron-siita\" class=\"card__link-overlay\" rel=\"nofollow noopener\" target=\"_blank\">Tytti Tuppuraisen mies kysyy joka p\u00e4iv\u00e4, mihin aikaan vaimo haluaa p\u00e4iv\u00e4llist\u00e4 \u2013 \u201dNaisyst\u00e4v\u00e4ni ovat aina ihan suut auki\u201d<\/a><\/p>\n<\/li>\n<\/ol>\n","protected":false},"excerpt":{"rendered":"Sanna Marin on nuoresta i\u00e4st\u00e4\u00e4n huolimatta ehtinyt olla monessa mukana. Kokosimme py\u00f6reit\u00e4 vuosia t\u00e4ytt\u00e4v\u00e4st\u00e4 ex-p\u00e4\u00e4ministerist\u00e4 kuvakoosteen. Suomen entinen&hellip;\n","protected":false},"author":2,"featured_media":91415,"comment_status":"","ping_status":"","sticky":false,"template":"","format":"standard","meta":{"footnotes":""},"categories":[136],"tags":[407,137,33,31,30,408,18238,142,637,2799,32,109],"class_list":{"0":"post-91414","1":"post","2":"type-post","3":"status-publish","4":"format-standard","5":"has-post-thumbnail","7":"category-julkkikset","8":"tag-celebrities","9":"tag-entertainment","10":"tag-fi","11":"tag-finland","12":"tag-finnish","13":"tag-julkkikset","14":"tag-naisen-asema","15":"tag-poliitikot","16":"tag-politiikka","17":"tag-sanna-marin","18":"tag-suomi","19":"tag-viihde"},"share_on_mastodon":{"url":"https:\/\/pubeurope.com\/@fi\/115558413007421444","error":""},"_links":{"self":[{"href":"https:\/\/www.europesays.com\/fi\/wp-json\/wp\/v2\/posts\/91414","targetHints":{"allow":["GET"]}}],"collection":[{"href":"https:\/\/www.europesays.com\/fi\/wp-json\/wp\/v2\/posts"}],"about":[{"href":"https:\/\/www.europesays.com\/fi\/wp-json\/wp\/v2\/types\/post"}],"author":[{"embeddable":true,"href":"https:\/\/www.europesays.com\/fi\/wp-json\/wp\/v2\/users\/2"}],"replies":[{"embeddable":true,"href":"https:\/\/www.europesays.com\/fi\/wp-json\/wp\/v2\/comments?post=91414"}],"version-history":[{"count":0,"href":"https:\/\/www.europesays.com\/fi\/wp-json\/wp\/v2\/posts\/91414\/revisions"}],"wp:featuredmedia":[{"embeddable":true,"href":"https:\/\/www.europesays.com\/fi\/wp-json\/wp\/v2\/media\/91415"}],"wp:attachment":[{"href":"https:\/\/www.europesays.com\/fi\/wp-json\/wp\/v2\/media?parent=91414"}],"wp:term":[{"taxonomy":"category","embeddable":true,"href":"https:\/\/www.europesays.com\/fi\/wp-json\/wp\/v2\/categories?post=91414"},{"taxonomy":"post_tag","embeddable":true,"href":"https:\/\/www.europesays.com\/fi\/wp-json\/wp\/v2\/tags?post=91414"}],"curies":[{"name":"wp","href":"https:\/\/api.w.org\/{rel}","templated":true}]}}