{"id":91416,"date":"2025-11-16T08:25:08","date_gmt":"2025-11-16T08:25:08","guid":{"rendered":"https:\/\/www.europesays.com\/fi\/91416\/"},"modified":"2025-11-16T08:25:08","modified_gmt":"2025-11-16T08:25:08","slug":"amazing-race-suomi-jaakko-parkkali-ja-arttu-lindeman-puhuttavat-somessa","status":"publish","type":"post","link":"https:\/\/www.europesays.com\/fi\/91416\/","title":{"rendered":"Amazing Race Suomi: Jaakko Parkkali ja Arttu Lindeman puhuttavat somessa"},"content":{"rendered":"<p>Jaakko Parkkalin ja Arttu Lindemanin edesottamukset Amazing Race Suomen ensimm\u00e4isess\u00e4 jaksossa ovat jakaneet mielipiteit\u00e4 somessa.<\/p>\n<p>T\u00e4lt\u00e4 Amazing Race Suomen uusi kausi n\u00e4ytt\u00e4\u00e4.<\/p>\n<p class=\"article-body mb-nof-24 px-nof-16\">Amazing Race Suomi -ohjelman kolmas kausi alkoi Nelosella ja Ruudussa lauantaina 16. marraskuuta. Ensimm\u00e4isess\u00e4 jaksossa kilpaparit suuntasivat Kambod\u017eaan.<\/p>\n<p class=\"article-body mb-nof-24 px-nof-16\">Yksi pari kilpailussa on tubettaja <a class=\"article-personlink\" href=\"https:\/\/www.is.fi\/haku\/?query=Jaakko%20Parkkali\" rel=\"nofollow noopener\" target=\"_blank\">Jaakko Parkkali<\/a> ja artisti <a class=\"article-personlink\" href=\"https:\/\/www.is.fi\/haku\/?query=Arttu%20Lindeman\" rel=\"nofollow noopener\" target=\"_blank\">Arttu Lindeman<\/a>. Etenkin heid\u00e4n edesottamuksiaan on kommentoitu sosiaalisessa mediassa.<\/p>\n<p class=\"article-body mb-nof-24 px-nof-16\">Parkkali ei ollut jaksossa koko aikaa tilanteen tasalla esimerkiksi englannin kielen tai viikonp\u00e4ivien suhteen. Ensimm\u00e4isess\u00e4 jaksossa n\u00e4htiin muun muassa paikallisen taksikuskin kanssa k\u00e4yty keskustelu, jossa Parkkali ihmetteli, mik\u00e4 viikonp\u00e4iv\u00e4 on.<\/p>\n<p class=\"article-body mb-nof-24 px-nof-16\">Somessa tubettajan k\u00e4yt\u00f6s on jakanut mielipiteit\u00e4. Asiasta keskustellaan esimerkiksi anonyymiss\u00e4 viestisovellus Jodelissa. Jotkut ovat ep\u00e4illeet, ett\u00e4 Parkkali vet\u00e4isi roolia viihteen vuoksi.<\/p>\n<p class=\"article-body mb-nof-24 px-nof-16\">\u2013 En oo heit\u00e4 seurannut ennen, niin mietin ett\u00e4 onks Parkkali tommoinen vai esitt\u00e4\u00e4k\u00f6 v\u00e4h\u00e4n viihteen vuoksi.<\/p>\n<p class=\"article-body mb-nof-24 px-nof-16\">\u2013 Ymm\u00e4rr\u00e4n, ett\u00e4 Jaakko esitt\u00e4\u00e4 somessa pelle\u00e4, mutta onko tuommoinen oikeassakin el\u00e4m\u00e4ss\u00e4?<\/p>\n<p class=\"article-body mb-nof-24 px-nof-16\">\u2013 Youtubessa Jaakkoa jaksaa katsella, kun saa editoida itsest\u00e4 viihdytt\u00e4v\u00e4n, mutta herranen aika ekan jakson perusteella on ylimielist\u00e4 ja raskasta kuunneltavaa.<\/p>\n<p class=\"article-body mb-nof-24 px-nof-16\">Monet ovat antaneet kiitosta Parkkalin parille Lindemanille ja yll\u00e4ttyneet siit\u00e4, millainen kuva h\u00e4nest\u00e4 tuli.<\/p>\n<p class=\"article-body mb-nof-24 px-nof-16\">\u2013 En oo koskaan tiennyt, ett\u00e4 Arttu Lindeman on n\u00e4in fiksu j\u00e4tk\u00e4. Onneksi on, kun eih\u00e4n toi Parkkali pysyis itekseen tuolla edes hengiss\u00e4.<\/p>\n<p class=\"article-body mb-nof-24 px-nof-16\">\u2013 Pakko ihailla Artun hermoja. En itse pystyisi.<\/p>\n<p class=\"article-body mb-nof-24 px-nof-16\">\u2013 Arttu kyll\u00e4 kannattelee niiden joukkuetta. Toivottavasti p\u00e4\u00e4see pitk\u00e4lle!<\/p>\n<p class=\"article-body mb-nof-24 px-nof-16\">\u2013 Yll\u00e4tyin kans Artusta positiivisesti.<\/p>\n<p><img decoding=\"async\" src=\"https:\/\/www.europesays.com\/fi\/wp-content\/uploads\/2025\/11\/1763281508_490_468.jpg\" alt=\"\" class=\"_Img_1rerz_1\" style=\"aspect-ratio:0.6661458333333333\" loading=\"eager\"\/><\/p>\n<p class=\"article-picture-caption\">Kuva:\u00a0Aleksi Jalava \/ IS<\/p>\n<p class=\"article-body mb-nof-24 px-nof-16\">Monet kommentoijat ovat joka tapauksessa pit\u00e4neet paria viihdytt\u00e4v\u00e4n\u00e4.<\/p>\n<p class=\"article-body mb-nof-24 px-nof-16\">\u2013 Heill\u00e4 on kyll\u00e4 hauska dynamiikka.<\/p>\n<p class=\"article-body mb-nof-24 px-nof-16\">\u2013 Veikkaan, ett\u00e4 tulee olemaan viihdytt\u00e4v\u00e4 kaksikko.<\/p>\n<p class=\"article-body mb-nof-24 px-nof-16\">\u2013 M\u00e4kin oon v\u00e4h\u00e4n yll\u00e4ttynyt n\u00e4ist\u00e4. Mutta positiivisesti.<\/p>\n<p class=\"article-body mb-nof-24 px-nof-16\">Keskustelua on k\u00e4yty my\u00f6s Instagramin puolella, miss\u00e4 Parkkalin ja Lindemanin ensimm\u00e4isen jakson edesottamuksista on koostettu video. Video on jaettu muun muassa Amazing Race Suomen ja Parkkalin tileill\u00e4.<\/p>\n<p class=\"article-body mb-nof-24 px-nof-16\">\u2013 Okei t\u00e4\u00e4 kaksikko on sit\u00e4 mink\u00e4 vuoksi palaan teeveen \u00e4\u00e4reen.<\/p>\n<p class=\"article-body mb-nof-24 px-nof-16\">\u2013 Jaakko on kyl paras, nyt on parhaat kilpailijat. Saa varmaan nauraa.<\/p>\n<p class=\"article-body mb-nof-24 px-nof-16\">\u2013 Ihana kaksikko, en malta odottaa.<\/p>\n<p class=\"article-body nof-ui-body-medium mb-nof-24 px-nof-16\">Amazing Race Suomi Nelonen klo 19.30 ja Ruutu. Ilta-Sanomat, Nelonen ja Ruutu kuuluvat Sanoma-konserniin.<\/p>\n","protected":false},"excerpt":{"rendered":"Jaakko Parkkalin ja Arttu Lindemanin edesottamukset Amazing Race Suomen ensimm\u00e4isess\u00e4 jaksossa ovat jakaneet mielipiteit\u00e4 somessa. T\u00e4lt\u00e4 Amazing Race&hellip;\n","protected":false},"author":2,"featured_media":91417,"comment_status":"","ping_status":"","sticky":false,"template":"","format":"standard","meta":{"footnotes":""},"categories":[133],"tags":[137,33,31,30,34,32,206,156,109],"class_list":{"0":"post-91416","1":"post","2":"type-post","3":"status-publish","4":"format-standard","5":"has-post-thumbnail","7":"category-televisiot","8":"tag-entertainment","9":"tag-fi","10":"tag-finland","11":"tag-finnish","12":"tag-ilta-sanomat","13":"tag-suomi","14":"tag-televisiot","15":"tag-tv","16":"tag-viihde"},"share_on_mastodon":{"url":"https:\/\/pubeurope.com\/@fi\/115558424691029815","error":""},"_links":{"self":[{"href":"https:\/\/www.europesays.com\/fi\/wp-json\/wp\/v2\/posts\/91416","targetHints":{"allow":["GET"]}}],"collection":[{"href":"https:\/\/www.europesays.com\/fi\/wp-json\/wp\/v2\/posts"}],"about":[{"href":"https:\/\/www.europesays.com\/fi\/wp-json\/wp\/v2\/types\/post"}],"author":[{"embeddable":true,"href":"https:\/\/www.europesays.com\/fi\/wp-json\/wp\/v2\/users\/2"}],"replies":[{"embeddable":true,"href":"https:\/\/www.europesays.com\/fi\/wp-json\/wp\/v2\/comments?post=91416"}],"version-history":[{"count":0,"href":"https:\/\/www.europesays.com\/fi\/wp-json\/wp\/v2\/posts\/91416\/revisions"}],"wp:featuredmedia":[{"embeddable":true,"href":"https:\/\/www.europesays.com\/fi\/wp-json\/wp\/v2\/media\/91417"}],"wp:attachment":[{"href":"https:\/\/www.europesays.com\/fi\/wp-json\/wp\/v2\/media?parent=91416"}],"wp:term":[{"taxonomy":"category","embeddable":true,"href":"https:\/\/www.europesays.com\/fi\/wp-json\/wp\/v2\/categories?post=91416"},{"taxonomy":"post_tag","embeddable":true,"href":"https:\/\/www.europesays.com\/fi\/wp-json\/wp\/v2\/tags?post=91416"}],"curies":[{"name":"wp","href":"https:\/\/api.w.org\/{rel}","templated":true}]}}