{"id":91425,"date":"2025-11-16T08:32:11","date_gmt":"2025-11-16T08:32:11","guid":{"rendered":"https:\/\/www.europesays.com\/fi\/91425\/"},"modified":"2025-11-16T08:32:11","modified_gmt":"2025-11-16T08:32:11","slug":"tekoalylla-tehty-youtube-kanava-vaaristelee-suomen-sotahistoriaa-lauri-tornikin-herasi-henkiin-vuonna-2009","status":"publish","type":"post","link":"https:\/\/www.europesays.com\/fi\/91425\/","title":{"rendered":"Teko\u00e4lyll\u00e4 tehty Youtube-kanava v\u00e4\u00e4ristelee Suomen sotahistoriaa \u2013 Lauri T\u00f6rnikin \u201dher\u00e4si henkiin\u201d vuonna 2009"},"content":{"rendered":"<p>Nettiin ilmestynyt kanava luo uskottavuutta v\u00e4itt\u00e4m\u00e4ll\u00e4 \u201dkunnioittavansa l\u00e4hteit\u00e4\u201d. V\u00e4rikk\u00e4\u00e4t taistelutarinat talvi- ja jatkosodasta ovat kuitenkin t\u00e4ynn\u00e4 t\u00e4ysin keksittyj\u00e4 vale\u00adv\u00e4itt\u00e4mi\u00e4.<\/p>\n<p class=\"article-body mb-nof-24 px-nof-16\">Internetiin on ilmestynyt vajaa kuukausi sitten Sotap\u00e4iv\u00e4kirjat-niminen kanava, joka tavoittelee uskottavuutta sek\u00e4 asiallisella nimell\u00e4\u00e4n ett\u00e4 asialliselta kuulostavalla esittelyll\u00e4\u00e4n.<\/p>\n<p class=\"article-body mb-nof-24 px-nof-16\">Youtubessa toimiva kanava esittelee itsens\u00e4 suomeksi n\u00e4in:<\/p>\n<blockquote class=\"[font-style:var(--blockquote-font-style,italic)] m-[var(--blockquote-margin)] pl-[calc(var(--nof-core-dimension-200)+var(--blockquote-border-width))] relative before:absolute before:left-0 before:h-full before:w-[var(--blockquote-border-width)] before:border-l-[length:var(--blockquote-border-width)] before:border-l-[color:var(--blockquote-border-color)] before:-skew-y-[var(--blockquote-border-skew,0deg)]\">\n<p class=\"article-body mb-nof-8\">\u201dSotap\u00e4iv\u00e4kirjat tuo eturintaman tarinat eloon \u2013 kirjeist\u00e4, p\u00e4iv\u00e4kirjoista ja veteraanien muistoista nykyp\u00e4iv\u00e4n katsojalle. Sukellamme taisteluiden kulkuun, p\u00e4\u00e4t\u00f6sten taustoihin ja tavallisten ihmisten kokemuksiin sodan varjossa, aina l\u00e4hteit\u00e4 kunnioittaen.<\/p>\n<p class=\"article-body mb-nof-8\">Julkaisemme selkeit\u00e4, kronologisia kertomuksia, karttoja ja arkistomateriaalia hy\u00f6dynt\u00e4vi\u00e4 videoita sek\u00e4 lyhyit\u00e4 \u201cpikakertauksia\u201d t\u00e4rkeimmist\u00e4 tapahtumista. Tavoitteemme on ymm\u00e4rt\u00e4\u00e4, ei glorifioida.\u201d<\/p>\n<\/blockquote>\n<p class=\"article-body mb-nof-24 px-nof-16\">Taustatietojen mukaan kanava on perustettu vasta 20. lokakuuta, mutta mik\u00e4li kanavan omaan laskuriin on uskominen, videoilla on ehtinyt olla jo yli 280\u00a0000 katsojaa ja kuulijaa. Kanava on my\u00f6s eritt\u00e4in tuottelias, sill\u00e4 sinne ilmestyy uusia tarinoita liki p\u00e4ivitt\u00e4in.<\/p>\n<p class=\"article-body mb-nof-24 px-nof-16\">Ensikatsomalta ja -kuulemalta projekti voi n\u00e4ytt\u00e4\u00e4 uskottavalta, sill\u00e4 tarinat on kuvitettu tehokkaasti ja niiden suomenkielinen lukija kuulostaa innokkaalta. Otsikoissa vilisee pieni\u00e4 yksityiskohtia sek\u00e4 suomalaisille tuttuja taistelupaikkojen nimi\u00e4, kuten Raatteen tie, Tali-Ihantala ja Kollaa.<\/p>\n<p class=\"article-body mb-nof-24 px-nof-16\">Videoiden loppuun on kaiken lis\u00e4ksi listattu l\u00e4hteet, joita v\u00e4itet\u00e4\u00e4n \u201dkunnioitetun\u201d sis\u00e4lt\u00f6\u00e4 teht\u00e4ess\u00e4. L\u00e4hteiksi on listattu muun muassa Maanpuolustuskorkeakoulun julkaisuja, Kansallisarkiston dokumentteja, tunnettuja suomalaisia sotahistorioitsijoita sek\u00e4 Neuvostoliiton sotilasarkiston asiakirjoja.<\/p>\n<p><img decoding=\"async\" src=\"https:\/\/www.europesays.com\/fi\/wp-content\/uploads\/2025\/11\/1763281930_516_468.jpg\" alt=\"Carl-Fredrik Geust kuvattuna 2010.\" class=\"_Img_1rerz_1\" style=\"aspect-ratio:0.75\" loading=\"eager\"\/><\/p>\n<p class=\"article-picture-caption\">Carl-Fredrik Geust kuvattuna 2010. Kuva:\u00a0Tuomas Sel\u00e4nne<\/p>\n<p class=\"article-body mb-nof-24 px-nof-16\">Suomen Ilmavoimien historiaan perehtynyt asiantuntija <a class=\"article-personlink\" href=\"https:\/\/www.is.fi\/haku\/?query=Carl-Fredrik%20Geust\" rel=\"nofollow noopener\" target=\"_blank\">Carl-Fredrik Geust<\/a> on mainittu yhten\u00e4 l\u00e4hteen\u00e4 videoiden taustateksteiss\u00e4. Geustia v\u00e4itet\u00e4\u00e4n k\u00e4ytetyn l\u00e4hteen\u00e4 tarinassa nimelt\u00e4 7 Brewsteria vs. 40 MiG:i\u00e4 \u2014 miksi ylivoima romahti Sallan talvitaivaalla? <\/p>\n<p class=\"article-body mb-nof-24 px-nof-16\">Kanavalla annetaan ymm\u00e4rt\u00e4\u00e4, ett\u00e4 videon tietoja on hankittu Geustin julkaisemasta artikkelista tai kirjasta nimelt\u00e4 H\u00e4vitt\u00e4j\u00e4-\u00e4ss\u00e4t: Suomalaiset Ilmasotilaat.<\/p>\n<p class=\"article-body mb-nof-24 px-nof-16\">Geust kuunteli IS:n pyynn\u00f6st\u00e4 kyseisen \u201dsankarillisen ilmasotatarinan\u201d. H\u00e4nen reaktionsa oli yksiselitteisen tyrm\u00e4\u00e4v\u00e4.<\/p>\n<p class=\"article-body mb-nof-24 px-nof-16\">\u2013 Tarina on t\u00e4ysin k\u00e4sitt\u00e4m\u00e4t\u00f6n ja keksitty. Mit\u00e4\u00e4n t\u00e4llaista ei ole koskaan tapahtunut.<\/p>\n<p class=\"article-body mb-nof-24 px-nof-16\">Geustin mukaan lopussa mainitut l\u00e4hteet ovat niin ik\u00e4\u00e4n keksittyj\u00e4. H\u00e4n itse ei ole kirjoittanut mit\u00e4\u00e4n kyseisell\u00e4 otsikolla eik\u00e4 esimerkiksi yhdeksi muuksi l\u00e4hteeksi mainittua Sotamuseos\u00e4\u00e4ti\u00f6t\u00e4k\u00e4\u00e4n ole olemassa.<\/p>\n<p class=\"article-body mb-nof-24 px-nof-16\">\u2013\u2009Ehk\u00e4 tarinan keksij\u00e4 on keksityill\u00e4 viitteill\u00e4\u00e4n yritt\u00e4nyt luoda tekstilleen uskottavuutta? Geust pohtii.<\/p>\n<p><img decoding=\"async\" src=\"https:\/\/www.europesays.com\/fi\/wp-content\/uploads\/2025\/11\/1763281930_298_468.jpg\" alt=\"Suomen sotahistoriaa v\u00e4\u00e4ristelev\u00e4n Youtube-kanavan kuvat ja tarinat on luotu teko\u00e4lyll\u00e4. IS julkaisee kuvista n\u00e4ytteen poikkeuksellisesti tuodakseen lukijoiden n\u00e4ht\u00e4ville, millaisesta sis\u00e4ll\u00f6st\u00e4 on kyse. Joissakin kuvissa on my\u00f6s kuvitteellisia kylttej\u00e4, kuten ven\u00e4j\u00e4ksi kirjoitettu \u0420\u0430\u0430\u0442\u0435 (Raate).\" class=\"_Img_1rerz_1\" style=\"aspect-ratio:0.5916666666666667\" loading=\"eager\"\/><\/p>\n<p class=\"article-picture-caption\">Suomen sotahistoriaa v\u00e4\u00e4ristelev\u00e4n Youtube-kanavan kuvat ja tarinat on luotu teko\u00e4lyll\u00e4. IS julkaisee kuvista n\u00e4ytteen poikkeuksellisesti tuodakseen lukijoiden n\u00e4ht\u00e4ville, millaisesta sis\u00e4ll\u00f6st\u00e4 on kyse. Joissakin kuvissa on my\u00f6s kuvitteellisia kylttej\u00e4, kuten ven\u00e4j\u00e4ksi kirjoitettu \u0420\u0430\u0430\u0442\u0435 (Raate). Kuva:\u00a0Kuvakaappaus Youtube<\/p>\n<p class=\"article-body mb-nof-24 px-nof-16\">Kanavan tehokkailta vaikuttavat kuvat on luotu teko\u00e4lyll\u00e4, joten ne eiv\u00e4t ole historiallisia dokumentteja. My\u00f6s tarinoiden lukija on teko\u00e4ly.<\/p>\n<p class=\"article-body mb-nof-24 px-nof-16\">Tarinoiden sis\u00e4lt\u00f6 on tuotettu mit\u00e4 ilmeisimmin my\u00f6s kokonaan teko\u00e4lyll\u00e4. Ihmisen olisi jopa vaikea hallusinoida niin t\u00e4ysin vailla mit\u00e4\u00e4n pid\u00e4kkeit\u00e4 kuin nyt on tehty.<\/p>\n<p class=\"article-body mb-nof-24 px-nof-16\">Kuulijaa koukutetaan kerronnalla, jossa vilisee kellonaikoja, taistelukuvauksia sek\u00e4 henkil\u00f6iden nimi\u00e4. Mutta aina jokin on pahasti pieless\u00e4 alkaen vaikkapa siit\u00e4, ett\u00e4 jatkosodan taisteluista puhutaan \u201dtalvisodan unohdettuina tarinoina\u201d. Erilaisten virheellisten v\u00e4itt\u00e4mien m\u00e4\u00e4r\u00e4 on niin suuri, ett\u00e4 niiden luetteleminen tai kumoaminen ei ole yhdess\u00e4 lehtijutussa edes mahdollista.<\/p>\n<p class=\"article-body mb-nof-24 px-nof-16\">Videoiden s\u00e4vy on my\u00f6s erikoinen, sill\u00e4 tarinat hehkuttavat ja paisuttelevat estoitta suomalaisten v\u00e4itettyj\u00e4 sotasaavutuksia.<\/p>\n<blockquote class=\"citation\">\n<p>\u201d<\/p>\n<p>Tarinat hehkuttavat ja paisuttelevat estoitta suomalaisten v\u00e4itettyj\u00e4 sotasaavutuksia.<\/p>\n<\/blockquote>\n<p class=\"article-body mb-nof-24 px-nof-16\">Helsingin yliopiston ja Maanpuolustuskorkeakoulun yhteisprofessuuria hoitava <a class=\"article-personlink\" href=\"https:\/\/www.is.fi\/haku\/?query=Katri%20Pynn%C3%B6niemi\" rel=\"nofollow noopener\" target=\"_blank\">Katri Pynn\u00f6niemi<\/a> pit\u00e4\u00e4 mahdollisena, ett\u00e4 Sotap\u00e4iv\u00e4kirjat-kanava on luotu testaamaan, kuinka nopeasti teko\u00e4lyll\u00e4 voi luoda t\u00e4ysin valheellista sis\u00e4lt\u00f6\u00e4 Suomen sotahistoriasta.<\/p>\n<p class=\"article-body mb-nof-24 px-nof-16\">\u2013 T\u00e4llaisella sis\u00e4ll\u00f6ll\u00e4 voidaan saastuttaa netti\u00e4 ja aiheuttaa tilanne, jossa oikeiden tutkijoiden olisi my\u00f6hemmin puolusteltava omia faktojaan valesis\u00e4lt\u00f6\u00e4 vastaan, Pynn\u00f6niemi sanoo.<\/p>\n<p class=\"article-body mb-nof-24 px-nof-16\">\u2013 T\u00e4llainen sis\u00e4lt\u00f6 voi johtaa my\u00f6s siihen, ett\u00e4 ihmisten on jatkossa vaikea tunnistaa en\u00e4\u00e4 totuudenmukaista tietoa.<\/p>\n<p><img decoding=\"async\" src=\"https:\/\/www.europesays.com\/fi\/wp-content\/uploads\/2025\/11\/1763281930_652_320.jpg\" alt=\"Katri Pynn\u00f6niemi\" class=\"_Img_1rerz_1\" style=\"aspect-ratio:0.665625\" loading=\"eager\"\/><\/p>\n<p class=\"article-picture-caption\">Katri Pynn\u00f6niemi Kuva:\u00a0Veikko Somerpuro<\/p>\n<p class=\"article-body mb-nof-24 px-nof-16\">Kanavan tarinoilla saatetaan pyrki\u00e4 luomaan my\u00f6s mielikuvaa, jonka mukaan Suomessa ihannoitaisiin sotamenneisyytt\u00e4 ja haudottaisiin revanssihenke\u00e4.<\/p>\n<p class=\"article-body mb-nof-24 px-nof-16\">\u2013 Yksi mahdollisuus on my\u00f6s se, ett\u00e4 t\u00e4llaisella sis\u00e4ll\u00f6ll\u00e4 hankitaan ensin seuraajia ja sitten ryhdyt\u00e4\u00e4n sy\u00f6tt\u00e4m\u00e4\u00e4n heille aivan toisenlaista sis\u00e4lt\u00f6\u00e4, Pynn\u00f6niemi sanoo.<\/p>\n<p class=\"article-body mb-nof-24 px-nof-16\">Kanavan tietojen \u201duskottavuudesta\u201d riitt\u00e4nee yksi ainoa n\u00e4yte. Kyseess\u00e4 on Tali-Ihantalan taisteluista kertova tarina, josta l\u00f6ytyy liikuttava kertomus <a class=\"article-personlink\" href=\"https:\/\/www.is.fi\/haku\/?query=Lauri%20T%C3%B6rnist%C3%A4\" rel=\"nofollow noopener\" target=\"_blank\">Lauri T\u00f6rnist\u00e4<\/a>.<\/p>\n<p class=\"article-body mb-nof-24 px-nof-16\">Kertoja selitt\u00e4\u00e4 tohkeissaan, ett\u00e4 98-vuotias Lauri T\u00f6rni k\u00e4vi mukamas vuonna 2009 Tali-Ihantalan taistelun muistomerkill\u00e4 ja tapasi siell\u00e4 entisen neuvostoupseerin <a class=\"article-personlink\" href=\"https:\/\/www.is.fi\/haku\/?query=Nikolai%20Volkovin\" rel=\"nofollow noopener\" target=\"_blank\">Nikolai Volkovin<\/a>, 96.<\/p>\n<p class=\"article-body mb-nof-24 px-nof-16\">Tarinassa kuvaillaan miesten v\u00e4itetty\u00e4 dialogia 65 vuotta taistelujen j\u00e4lkeen, kun Volkov kyselee T\u00f6rnilt\u00e4 muun muassa: \u201dMiten te teitte sen, vaikka meill\u00e4 oli kymmenen kertaa enemm\u00e4n miehi\u00e4? Miten te pys\u00e4ytitte meid\u00e4t?\u201d. T\u00f6rni \u201don hiljaa pitk\u00e4\u00e4n\u201d ja vastaa Volkoville muun muassa, ett\u00e4 suomalaiset lukivat neuvostoliittolaisten radiota kuin avointa kirjaa.<\/p>\n<p class=\"article-body mb-nof-24 px-nof-16\">Todellisuudessa T\u00f6rni kuoli lokakuussa vuonna 1965 helikopteriturmassa Vietnamissa vain 46-vuotiaana. T\u00f6rni osallistui Vietnamin sodan taisteluihin Yhdysvaltain erikoisjoukkojen sotilaana.<\/p>\n<p class=\"article-body mb-nof-24 px-nof-16\">J\u00e4rjet\u00f6n T\u00f6rni-tarina on ker\u00e4nnyt kertomuksen kuunnelleilta suomalaisilta jo monenlaisia ihmettelevi\u00e4 kommentteja.<\/p>\n<p class=\"article-body mb-nof-24 px-nof-16\">\u2013\u2009Jeesus oli ensimm\u00e4inen, joka nousi kuolleista, T\u00f6rni oli toinen, yksi suomalainen kirjoittaa sarkastisesti kanavan kommenttikent\u00e4ss\u00e4.<\/p>\n<blockquote class=\"citation\">\n<p>\u201d<\/p>\n<p>\u201dJeesus oli ensimm\u00e4inen, joka nousi kuolleista, T\u00f6rni oli toinen.\u201d<\/p>\n<\/blockquote>\n<p><img decoding=\"async\" src=\"https:\/\/www.europesays.com\/fi\/wp-content\/uploads\/2025\/11\/1763281931_835_468.jpg\" alt=\"Lauri T\u00f6rni (vasemmalla) kuvattuna Vietnamissa lokakuussa 1965 kolme p\u00e4iv\u00e4\u00e4 ennen katoamistaan ja tuhoisaa helikopteriturmaa.\" class=\"_Img_1rerz_1\" style=\"aspect-ratio:1.588089330024814\" loading=\"eager\"\/><\/p>\n<p class=\"article-picture-caption\">Lauri T\u00f6rni (vasemmalla) kuvattuna Vietnamissa lokakuussa 1965 kolme p\u00e4iv\u00e4\u00e4 ennen katoamistaan ja tuhoisaa helikopteriturmaa.<\/p>\n<p class=\"article-body mb-nof-24 px-nof-16\">Viime p\u00e4ivien muutos on, ett\u00e4 kanavan videoiden yl\u00e4nurkkaan on alkanut ilmesty\u00e4 huomautuksia, joiden mukaan sis\u00e4lt\u00f6\u00e4 on \u201dmuunneltu tai luotu synteettisesti\u201d. Taustalla saattaa vaikuttaa se, ett\u00e4 useat suomalaiset sotahistorian tuntijat ovat tehneet jo ilmiantoja sis\u00e4ll\u00f6st\u00e4.<\/p>\n<p class=\"article-body mb-nof-24 px-nof-16\">Pelkk\u00e4 maininta teko\u00e4lyn k\u00e4yt\u00f6st\u00e4 ei ratkaise kuitenkaan varsinaista ongelmaa eli tietojen valheellisuutta.<\/p>\n<p class=\"article-body mb-nof-24 px-nof-16\">Kommenttikentiss\u00e4 useat suomalaiset ovat ehtineet jo ihmetell\u00e4, kuka suoltaa moista soopaa ja mik\u00e4 mahtaa olla h\u00e4nen motiivinsa.<\/p>\n<p class=\"article-body mb-nof-24 px-nof-16\">Yksi mahdollisuus on, ett\u00e4 tili on perustettu puhtaasti rahastustarkoituksessa. Mit\u00e4 enemm\u00e4n katsojam\u00e4\u00e4r\u00e4t kasvavat, sit\u00e4 enemm\u00e4n niiden ohessa n\u00e4ytetyt mainosvideot tuottavat kanavan yll\u00e4pit\u00e4j\u00e4lle rahaa.<\/p>\n<p class=\"article-body mb-nof-24 px-nof-16\">Pynn\u00f6niemi ja Geust eiv\u00e4t ryhdy arvioimaan, kuka voisi olla tarinoiden taustalla. Huomiota her\u00e4tt\u00e4\u00e4 kuitenkin se, ett\u00e4 tarinat ihannoivat haltioituneesti suomalaisten v\u00e4itettyj\u00e4 sotasaavutuksia.<\/p>\n<p class=\"article-body mb-nof-24 px-nof-16\">Kertomuksiin on otettu mukaan ripaus faktoja uskottavuutta luomaan. N\u00e4in on mahdollista harhauttaa sellaisia kuulijoita, jotka eiv\u00e4t ole perehtyneet syv\u00e4llisemmin talvi- ja jatkosodan tapahtumiin.<\/p>\n<p class=\"article-body mb-nof-24 px-nof-16\">Toimintatapa muistuttaa klassista propagandan kaavaa. Faktoja ja poskettomia valheita sekoittamalla saadaan aikaan toinen todellisuus, jonka keskell\u00e4 tavallinen ihminen ei v\u00e4ltt\u00e4m\u00e4tt\u00e4 kykene erottamaan valheita totuudesta en\u00e4\u00e4 lainkaan.<\/p>\n<p class=\"article-body mb-nof-24 px-nof-16\">On my\u00f6s mahdollista, ett\u00e4 ihminen alkaa ep\u00e4ill\u00e4 kaikkea saamaansa tietoa. Tuolloin h\u00e4n ei v\u00e4ltt\u00e4m\u00e4tt\u00e4 usko en\u00e4\u00e4 edes totuuspohjaiseen tietoon, joka tulee jostain aivan toisesta l\u00e4hteest\u00e4.<\/p>\n<p class=\"article-body mb-nof-24 px-nof-16\">Kanavan taustatiedoissa annetaan ymm\u00e4rt\u00e4\u00e4, ett\u00e4 Sotap\u00e4iv\u00e4kirjat olisi perustettu Brasiliassa. Kun teko\u00e4lyn lukemaa teksti\u00e4 kuuntelee, sielt\u00e4 tarttuu korvaan toisinaan ven\u00e4j\u00e4n kielest\u00e4 pohjautuvia sekakielisi\u00e4 ilmauksia kuten \u201dkenraali-polkovnikki\u201d. K\u00e4ytetty teko\u00e4ly \u00e4\u00e4nt\u00e4\u00e4 suomea my\u00f6s melko k\u00f6mpel\u00f6sti, pikemminkin ven\u00e4l\u00e4isitt\u00e4in kuin brasilialaisittain.<\/p>\n<p class=\"article-body mb-nof-24 px-nof-16\">Kanava kuvailee sis\u00e4lt\u00f6\u00e4\u00e4n \u201dtarinoiksi suomalaisten p\u00e4\u00e4tt\u00e4v\u00e4isyydest\u00e4\u201d. Kommenttien perusteella osa kuulijoista ei ole tullut ajatelleeksi, ett\u00e4 he ovat ved\u00e4tyksen kohteena.<\/p>\n","protected":false},"excerpt":{"rendered":"Nettiin ilmestynyt kanava luo uskottavuutta v\u00e4itt\u00e4m\u00e4ll\u00e4 \u201dkunnioittavansa l\u00e4hteit\u00e4\u201d. V\u00e4rikk\u00e4\u00e4t taistelutarinat talvi- ja jatkosodasta ovat kuitenkin t\u00e4ynn\u00e4 t\u00e4ysin keksittyj\u00e4&hellip;\n","protected":false},"author":2,"featured_media":91426,"comment_status":"","ping_status":"","sticky":false,"template":"","format":"standard","meta":{"footnotes":""},"categories":[84],"tags":[33,31,30,34,32,91,92],"class_list":{"0":"post-91425","1":"post","2":"type-post","3":"status-publish","4":"format-standard","5":"has-post-thumbnail","7":"category-teknologia","8":"tag-fi","9":"tag-finland","10":"tag-finnish","11":"tag-ilta-sanomat","12":"tag-suomi","13":"tag-technology","14":"tag-teknologia"},"share_on_mastodon":{"url":"https:\/\/pubeurope.com\/@fi\/115558452332008026","error":""},"_links":{"self":[{"href":"https:\/\/www.europesays.com\/fi\/wp-json\/wp\/v2\/posts\/91425","targetHints":{"allow":["GET"]}}],"collection":[{"href":"https:\/\/www.europesays.com\/fi\/wp-json\/wp\/v2\/posts"}],"about":[{"href":"https:\/\/www.europesays.com\/fi\/wp-json\/wp\/v2\/types\/post"}],"author":[{"embeddable":true,"href":"https:\/\/www.europesays.com\/fi\/wp-json\/wp\/v2\/users\/2"}],"replies":[{"embeddable":true,"href":"https:\/\/www.europesays.com\/fi\/wp-json\/wp\/v2\/comments?post=91425"}],"version-history":[{"count":0,"href":"https:\/\/www.europesays.com\/fi\/wp-json\/wp\/v2\/posts\/91425\/revisions"}],"wp:featuredmedia":[{"embeddable":true,"href":"https:\/\/www.europesays.com\/fi\/wp-json\/wp\/v2\/media\/91426"}],"wp:attachment":[{"href":"https:\/\/www.europesays.com\/fi\/wp-json\/wp\/v2\/media?parent=91425"}],"wp:term":[{"taxonomy":"category","embeddable":true,"href":"https:\/\/www.europesays.com\/fi\/wp-json\/wp\/v2\/categories?post=91425"},{"taxonomy":"post_tag","embeddable":true,"href":"https:\/\/www.europesays.com\/fi\/wp-json\/wp\/v2\/tags?post=91425"}],"curies":[{"name":"wp","href":"https:\/\/api.w.org\/{rel}","templated":true}]}}