{"id":91427,"date":"2025-11-16T08:33:07","date_gmt":"2025-11-16T08:33:07","guid":{"rendered":"https:\/\/www.europesays.com\/fi\/91427\/"},"modified":"2025-11-16T08:33:07","modified_gmt":"2025-11-16T08:33:07","slug":"muutoksia-stora-enson-johtoryhmassa-metsatrans-lehti","status":"publish","type":"post","link":"https:\/\/www.europesays.com\/fi\/91427\/","title":{"rendered":"Muutoksia Stora Enson johtoryhm\u00e4ss\u00e4 &#8211; Mets\u00e4trans-Lehti"},"content":{"rendered":"<ol>\n<li><a href=\"https:\/\/news.google.com\/rss\/articles\/CBMifkFVX3lxTFBPb2ljTDdxZC00T3lHenlud3h2WEZzVGtCOEpmNm56d3I3WjkySEZYR0JKQWVnRXlqcGxfQjFSYWJNbHhMUFpzRFA1bVNYSUg0dHdVTHlIc2tadEgzaHdNbW5vaU9ZREsyTl9faE9adHBGMVMxdEwyYWtkUEFhQQ?oc=5\" target=\"_blank\" rel=\"nofollow noopener\">Muutoksia Stora Enson johtoryhm\u00e4ss\u00e4<\/a>&nbsp;&nbsp;Mets\u00e4trans-Lehti<\/li>\n<li><a href=\"https:\/\/news.google.com\/rss\/articles\/CBMifkFVX3lxTE03ai04enNzMW9zeEtZaTl1dXZ2ZUR1bFp4eTFwZDdfeFhjcURLclJSdjFlVG9xa3R2cEJWbzBpd1o1Q2JwQnhEbFdWSUlEb1FuN3R3aUNMZE1MNVF0eEJTYzZMZnFUNmc3OU1nT1hYVnliMW5UU2RsRkU0bUdLQQ?oc=5\" target=\"_blank\" rel=\"nofollow noopener\">P\u00d6RSSI: Tokmanni romahti, Stora spinnaa Ruotsin mets\u00e4t<\/a>&nbsp;&nbsp;Kauppalehti<\/li>\n<li><a href=\"https:\/\/news.google.com\/rss\/articles\/CBMiQkFVX3lxTE15c2tKSFV2VzJ3d19LWWR1SlBPWC1OUEhsUWN5bkFOVDlVVVpkd0plWUl6aWpncFo4TGtZdWRxV1Q3UQ?oc=5\" target=\"_blank\" rel=\"nofollow noopener\">Stora Enso eriytt\u00e4\u00e4 1,2 miljoonan hehtaarin mets\u00e4omaisuutensa Ruotsissa p\u00f6rssiyhti\u00f6ksi<\/a>&nbsp;&nbsp;Yle<\/li>\n<li><a href=\"https:\/\/news.google.com\/rss\/articles\/CBMiZEFVX3lxTFBTeFNFYWlPUHV5cnlHbTFkVGJjMDkweXBKSzNyTFY1TnBOVVlzeEhEOF9xeUliRmg5YmYzU09ESlRndk5uX1pzbXdvVUJmSGlOb1E5WENid3JTbEhRaHVmaXJhWTI?oc=5\" target=\"_blank\" rel=\"nofollow noopener\">Stora Ensolla isoja j\u00e4rjestelyj\u00e4 \u2013 Ruotsin mets\u00e4t p\u00f6rssiin ja Keski-Euroopan sahat myyntiin<\/a>&nbsp;&nbsp;Ilta-Sanomat<\/li>\n<li><a href=\"https:\/\/news.google.com\/rss\/articles\/CBMifEFVX3lxTE9BVUdEUHpTZTRoeXRBVXd4Y3JnZHdPWWI5UEVUZGVWTFgzOHpuT3A3X2hPYks2ZTNUWnhUc0g1cnZ0dEJZUlk1d0xLLTFZQ005aXZ5Z3NsTjJQUGpMbVRjd3R4T1RIeUdrZWlrQkYyV3l6TG5ZY3cxVFMyLTE?oc=5\" target=\"_blank\" rel=\"nofollow noopener\">Yksi asia yll\u00e4tti Stora Enson suunnitelmassa \u2013 Juha Varis: \u201dMets\u00e4omaisuuden rooli salkussa on pohdinnan paikka\u201d<\/a>&nbsp;&nbsp;Arvopaperi<\/li>\n<\/ol>\n","protected":false},"excerpt":{"rendered":"Muutoksia Stora Enson johtoryhm\u00e4ss\u00e4&nbsp;&nbsp;Mets\u00e4trans-Lehti P\u00d6RSSI: Tokmanni romahti, Stora spinnaa Ruotsin mets\u00e4t&nbsp;&nbsp;Kauppalehti Stora Enso eriytt\u00e4\u00e4 1,2 miljoonan hehtaarin mets\u00e4omaisuutensa&hellip;\n","protected":false},"author":2,"featured_media":91428,"comment_status":"","ping_status":"","sticky":false,"template":"","format":"standard","meta":{"footnotes":""},"categories":[76],"tags":[79,77,33,31,30,32,78],"class_list":{"0":"post-91427","1":"post","2":"type-post","3":"status-publish","4":"format-standard","5":"has-post-thumbnail","7":"category-talous","8":"tag-business","9":"tag-economy","10":"tag-fi","11":"tag-finland","12":"tag-finnish","13":"tag-suomi","14":"tag-talous"},"share_on_mastodon":{"url":"https:\/\/pubeurope.com\/@fi\/115558455986504806","error":""},"_links":{"self":[{"href":"https:\/\/www.europesays.com\/fi\/wp-json\/wp\/v2\/posts\/91427","targetHints":{"allow":["GET"]}}],"collection":[{"href":"https:\/\/www.europesays.com\/fi\/wp-json\/wp\/v2\/posts"}],"about":[{"href":"https:\/\/www.europesays.com\/fi\/wp-json\/wp\/v2\/types\/post"}],"author":[{"embeddable":true,"href":"https:\/\/www.europesays.com\/fi\/wp-json\/wp\/v2\/users\/2"}],"replies":[{"embeddable":true,"href":"https:\/\/www.europesays.com\/fi\/wp-json\/wp\/v2\/comments?post=91427"}],"version-history":[{"count":0,"href":"https:\/\/www.europesays.com\/fi\/wp-json\/wp\/v2\/posts\/91427\/revisions"}],"wp:featuredmedia":[{"embeddable":true,"href":"https:\/\/www.europesays.com\/fi\/wp-json\/wp\/v2\/media\/91428"}],"wp:attachment":[{"href":"https:\/\/www.europesays.com\/fi\/wp-json\/wp\/v2\/media?parent=91427"}],"wp:term":[{"taxonomy":"category","embeddable":true,"href":"https:\/\/www.europesays.com\/fi\/wp-json\/wp\/v2\/categories?post=91427"},{"taxonomy":"post_tag","embeddable":true,"href":"https:\/\/www.europesays.com\/fi\/wp-json\/wp\/v2\/tags?post=91427"}],"curies":[{"name":"wp","href":"https:\/\/api.w.org\/{rel}","templated":true}]}}