{"id":91431,"date":"2025-11-16T08:35:08","date_gmt":"2025-11-16T08:35:08","guid":{"rendered":"https:\/\/www.europesays.com\/fi\/91431\/"},"modified":"2025-11-16T08:35:08","modified_gmt":"2025-11-16T08:35:08","slug":"niita-ajatuksia-on-todella-vaikea-vastustaa","status":"publish","type":"post","link":"https:\/\/www.europesays.com\/fi\/91431\/","title":{"rendered":"\u201dNiit\u00e4 ajatuksia on todella vaikea vastustaa\u201d"},"content":{"rendered":"<p>Sastamalalainen Taimi Kylv\u00e4j\u00e4 sairastaa pakko-oireista h\u00e4iri\u00f6t\u00e4, joka oireilee itsetuhoisina pakkoajatuksina. H\u00e4n kokee olevansa liian vaikea tapaus julkiselle terveydenhuollolle.<\/p>\n<p class=\"article-body mb-nof-24 px-nof-16\">Aamulehti<\/p>\n<p class=\"article-body mb-nof-24 px-nof-16\">V\u00e4h\u00e4n ennen juhannusta <a class=\"article-personlink\" href=\"https:\/\/www.aamulehti.fi\/haku\/?query=Taimi%20Kylv%C3%A4j%C3%A4\" rel=\"nofollow noopener\" target=\"_blank\">Taimi Kylv\u00e4j\u00e4<\/a> otti yliannoksen l\u00e4\u00e4kkeit\u00e4, soitti ambulanssin ja toimitettiin sairaalan p\u00e4ivystykseen. Kerta oli 13. t\u00e4n\u00e4 vuonna.<\/p>\n<p class=\"article-body mb-nof-24 px-nof-16\">Kylv\u00e4j\u00e4 ei halunnut kuolla, niin kuin ei ollut halunnut koskaan aikaisemminkaan.<\/p>\n","protected":false},"excerpt":{"rendered":"Sastamalalainen Taimi Kylv\u00e4j\u00e4 sairastaa pakko-oireista h\u00e4iri\u00f6t\u00e4, joka oireilee itsetuhoisina pakkoajatuksina. H\u00e4n kokee olevansa liian vaikea tapaus julkiselle terveydenhuollolle.&hellip;\n","protected":false},"author":2,"featured_media":91432,"comment_status":"","ping_status":"","sticky":false,"template":"","format":"standard","meta":{"footnotes":""},"categories":[12],"tags":[157,22,23,26,27,33,31,30,17,24,25,28,29,15,18,21,32,19,20,16],"class_list":{"0":"post-91431","1":"post","2":"type-post","3":"status-publish","4":"format-standard","5":"has-post-thumbnail","7":"category-suomi","8":"tag-aamulehti","9":"tag-breaking-news","10":"tag-breakingnews","11":"tag-featured-news","12":"tag-featurednews","13":"tag-fi","14":"tag-finland","15":"tag-finnish","16":"tag-headlines","17":"tag-latest-news","18":"tag-latestnews","19":"tag-main-news","20":"tag-mainnews","21":"tag-news","22":"tag-otsikot","23":"tag-paauutiset","24":"tag-suomi","25":"tag-top-stories","26":"tag-topstories","27":"tag-uutiset"},"share_on_mastodon":{"url":"https:\/\/pubeurope.com\/@fi\/115558463920366633","error":""},"_links":{"self":[{"href":"https:\/\/www.europesays.com\/fi\/wp-json\/wp\/v2\/posts\/91431","targetHints":{"allow":["GET"]}}],"collection":[{"href":"https:\/\/www.europesays.com\/fi\/wp-json\/wp\/v2\/posts"}],"about":[{"href":"https:\/\/www.europesays.com\/fi\/wp-json\/wp\/v2\/types\/post"}],"author":[{"embeddable":true,"href":"https:\/\/www.europesays.com\/fi\/wp-json\/wp\/v2\/users\/2"}],"replies":[{"embeddable":true,"href":"https:\/\/www.europesays.com\/fi\/wp-json\/wp\/v2\/comments?post=91431"}],"version-history":[{"count":0,"href":"https:\/\/www.europesays.com\/fi\/wp-json\/wp\/v2\/posts\/91431\/revisions"}],"wp:featuredmedia":[{"embeddable":true,"href":"https:\/\/www.europesays.com\/fi\/wp-json\/wp\/v2\/media\/91432"}],"wp:attachment":[{"href":"https:\/\/www.europesays.com\/fi\/wp-json\/wp\/v2\/media?parent=91431"}],"wp:term":[{"taxonomy":"category","embeddable":true,"href":"https:\/\/www.europesays.com\/fi\/wp-json\/wp\/v2\/categories?post=91431"},{"taxonomy":"post_tag","embeddable":true,"href":"https:\/\/www.europesays.com\/fi\/wp-json\/wp\/v2\/tags?post=91431"}],"curies":[{"name":"wp","href":"https:\/\/api.w.org\/{rel}","templated":true}]}}