{"id":91443,"date":"2025-11-16T08:54:08","date_gmt":"2025-11-16T08:54:08","guid":{"rendered":"https:\/\/www.europesays.com\/fi\/91443\/"},"modified":"2025-11-16T08:54:08","modified_gmt":"2025-11-16T08:54:08","slug":"taas-uusi-tautiaalto-joka-kaataa-pahimmillaan-sairaalaan-pian-on-pahimmat-hetket-pahempi-kuin-influenssa","status":"publish","type":"post","link":"https:\/\/www.europesays.com\/fi\/91443\/","title":{"rendered":"Taas uusi tautiaalto, joka kaataa pahimmillaan sairaalaan \u2013 Pian on pahimmat hetket: \u201dPahempi kuin influenssa\u201d"},"content":{"rendered":"<p>RS-virus nostaa isommin p\u00e4\u00e4t\u00e4\u00e4n joka toinen vuosi, ja t\u00e4n\u00e4 vuonna edess\u00e4 on todenn\u00e4k\u00f6isesti suuri epidemia. Vakavimmillaan tauti voi johtaa teho-osastohoitoon.<\/p>\n<p><img decoding=\"async\" class=\"image image-show image-preview\" src=\"https:\/\/www.europesays.com\/fi\/wp-content\/uploads\/2025\/11\/0d39f73470152af4ab7d3fe8c7ffa6e1a646ca5707b4e46bff7da588a6f6cfa0.jpg\" alt=\"\"\/><img decoding=\"async\" class=\"image image-show\" src=\"https:\/\/www.europesays.com\/fi\/wp-content\/uploads\/2025\/11\/1763283248_66_0d39f73470152af4ab7d3fe8c7ffa6e1a646ca5707b4e46bff7da588a6f6cfa0.jpg\" alt=\"\"\/><\/p>\n<p>RSV-tartunnat ovat huipussaan parittomina vuosina. Adobe Stock \/ AOP<\/p>\n<p class=\"paragraph\">RSV on herk\u00e4sti levi\u00e4v\u00e4 flunssatauti, joka voi aiheuttaa viikkoja kest\u00e4v\u00e4n, limaisen ysk\u00e4n. Yleens\u00e4 tauti ilmenee liev\u00e4n\u00e4, mutta varsinkin riskiryhmille RSV voi olla kohtalokas ja johtaa tehohoitoon ja pahimmillaan menehtymiseen.<\/p>\n<p class=\"paragraph\">RS-virus nostaa p\u00e4\u00e4t\u00e4\u00e4n loppuvuodesta, ja epidemia alkaa Suomessa tyypillisesti marras\u2013joulukuussa, GSK:n tiedotteessa kerrotaan. RSV-tartuntoja todetaan vuosittain 4000\u20138000, ja noin 1600 suomalaista joutuu viruksen takia sairaalahoitoon.<\/p>\n<p class=\"paragraph\">RSV-epidemia on rajuimmillaan joka toinen vuosi, kertoo Husin keuhkosairauksien ylil\u00e4\u00e4k\u00e4ri <strong>Heikki Ekroos<\/strong> Porvoon sairaalasta. T\u00e4n\u00e4 vuonna on todenn\u00e4k\u00f6isesti edess\u00e4 viime vuotta enemm\u00e4n RSV-tartuntoja.<\/p>\n<p class=\"paragraph\">\u2013 Huippusesonki on aina joka toinen vuosi parittomina vuosina. Sesonki alkaa p\u00e4\u00e4s\u00e4\u00e4nt\u00f6isesti marraskuun alussa, ja kev\u00e4\u00e4n mittaa se rauhoittuu, Ekroos sanoo.<\/p>\n<p class=\"paragraph\">RSV:n esiintymisest\u00e4 alettiin saada tietoa muutama vuosi sitten koronatestien kautta.<\/p>\n<p class=\"paragraph\">\u2013 Viimeisen viiden vuoden aikana on tullut valtavasti dataa RSV:st\u00e4. RSV on pahempi kuin influenssa, koska siin\u00e4 ihminen voi joutua teholle, kun sairastuu vakavasti.<\/p>\n<p class=\"paragraph\">Epidemia ei ole viel\u00e4 iskenyt p\u00e4\u00e4lle, sill\u00e4 <a href=\"https:\/\/sampo.thl.fi\/pivot\/prod\/fi\/ttr\/cases\/fact_ttr_cases?row=nidrreportgroup-877997&amp;column=yearmonth-1154759\" target=\"_blank\" rel=\"noopener nofollow\">THL:n tartuntatautirekisteriss\u00e4<\/a> n\u00e4kyy vuoden 2025 marraskuun ajalta ainoastaan kahdeksan RSV-tartuntaa. THL seuraa my\u00f6s RS-viruksen m\u00e4\u00e4r\u00e4\u00e4 <a href=\"https:\/\/thl.fi\/aiheet\/infektiotaudit-ja-rokotukset\/taudit-ja-torjunta\/taudit-ja-taudinaiheuttajat-a-o\/influenssa\/ajantasainen-influenssakatsaus\/influenssa-a-ja-b-seka-rsv-jatevedessa\" target=\"_blank\" rel=\"noopener nofollow\">Suomen j\u00e4tevesiss\u00e4<\/a>. T\u00e4n\u00e4 syksyn\u00e4 1.9.\u20131.11. v\u00e4lisen\u00e4 aikana RS-virusta ei ole havaittu j\u00e4tevesiss\u00e4.<\/p>\n<p>RSV:n vakavamman muodon voivat saada etenkin riskiryhm\u00e4t, joihin kuuluvat yli 60-vuotiaat. Adobe Stock \/ AOP<\/p>\n<p>Toipuminen voi vied\u00e4 aikaa<\/p>\n<p class=\"paragraph\">Sen lis\u00e4ksi, ett\u00e4 RS-virus voi aiheuttaa vaikeaoireisia hengitystieinfektioita i\u00e4kk\u00e4ille ja pitk\u00e4aikaissairaille, tanskalaistutkimuksen mukaan RSV-infektiot saattavat my\u00f6s suurentaa syd\u00e4n- ja verisuonitautioireiden riski\u00e4, <a href=\"https:\/\/www.iltalehti.fi\/terveysuutiset\/2bdeca6c-5899-4a69-b7e3-f4b896c3e4af\" rel=\"nofollow noopener\" target=\"_blank\">kerroimme Iltalehdess\u00e4 aiemmin<\/a>.<\/p>\n<p class=\"paragraph\">Pelkkien oireiden perusteella RSV:t\u00e4 ei voi erottaa muista nuhakuumeista, kuten influenssa A:sta ja B:st\u00e4, koronasta tai rinoviruksesta, Ekroos kertoo.<\/p>\n<p class=\"paragraph\">\u2013 RSV voi olla my\u00f6s ihan tavallinen nuhakuume. Se testataan vain niilt\u00e4 potilailta, jotka joutuvat sairaalaan tai ovat p\u00e4ivystyksess\u00e4.<\/p>\n<p class=\"paragraph\">RSV vaivaa etenkin pikkulapsia ja ik\u00e4ihmisi\u00e4, mutta vakava tautimuoto voi iske\u00e4 my\u00f6s perusterveisiin. Varsinkin yli 60-vuotiailla, diabeetikoilla, astmaatikoilla ja syd\u00e4nsairailla RSV saattaa johtaa sairaalahoitoon.<\/p>\n<p class=\"paragraph\">\u2013 T\u00e4n\u00e4 vuonna kaikki vastasyntyneet saavat vasta-aineen niin, ett\u00e4 n\u00e4ille pikkuvauvoille ei tule tautia, Ekroos kertoo.<\/p>\n<p class=\"paragraph\">I\u00e4kk\u00e4ill\u00e4 RSV voi olla influenssaa rajumpi virustauti ja aiheuttaa lis\u00e4ksi bakteeriper\u00e4isen keuhkokuumeen.<\/p>\n<p class=\"paragraph\">\u2013 Siit\u00e4 toipuminen voi kest\u00e4\u00e4 hirvitt\u00e4v\u00e4n kauan, varsinkin jos on ik\u00e4\u00e4, Ekroos sanoo.<\/p>\n<p class=\"paragraph\">Sairaalahoitoon joutuneista RSV-potilaista menehtyy Suomessa prosentuaalisesti yli kaksinkertainen osuus verrattuna influenssapotilaisiin. Ekroos suosittelee, ett\u00e4 hoitoon kannattaa hakeutua, jos kuume kest\u00e4\u00e4 kauan ja on vaikea hengitt\u00e4\u00e4.<\/p>\n<p>RSV:n j\u00e4lkitautina voi saada keuhkokuumeen. Adobe Stock \/ AOP<\/p>\n<p class=\"paragraph\">Suomessa arvioidaan parhaillaan, pit\u00e4isik\u00f6 RSV-rokote sis\u00e4llytt\u00e4\u00e4 kansalliseen rokotusohjelmaan.<\/p>\n<p class=\"paragraph\">\u2013 Rokotteet ovat olemassa ja niit\u00e4 saa l\u00e4\u00e4k\u00e4rin reseptill\u00e4, jos katsoo kuuluvansa riskiryhm\u00e4\u00e4n, Ekroos kertoo.<\/p>\n<p class=\"paragraph\">Taudin sairastaminen ei tuo immuniteettia RSV-tartunnalle.<\/p>\n<p class=\"paragraph\">\u2013 Jos on oikein huono tuuri, niin voit sairastaa marraskuun alussa taudin ja sitten uudestaan esimerkiksi helmikuun lopussa. Saman talven aikana voi saada kaksi RSV-tartuntaa.<\/p>\n","protected":false},"excerpt":{"rendered":"RS-virus nostaa isommin p\u00e4\u00e4t\u00e4\u00e4n joka toinen vuosi, ja t\u00e4n\u00e4 vuonna edess\u00e4 on todenn\u00e4k\u00f6isesti suuri epidemia. Vakavimmillaan tauti voi&hellip;\n","protected":false},"author":2,"featured_media":91444,"comment_status":"","ping_status":"","sticky":false,"template":"","format":"standard","meta":{"footnotes":""},"categories":[165],"tags":[33,31,30,166,766,1390,764,32,767,765,167,769],"class_list":{"0":"post-91443","1":"post","2":"type-post","3":"status-publish","4":"format-standard","5":"has-post-thumbnail","7":"category-terveys","8":"tag-fi","9":"tag-finland","10":"tag-finnish","11":"tag-health","12":"tag-koronavirus","13":"tag-kuukausi","14":"tag-sairaudet","15":"tag-suomi","16":"tag-tartuntataudit","17":"tag-taudit-ja-hairiot","18":"tag-terveys","19":"tag-virussairaudet"},"share_on_mastodon":{"url":"https:\/\/pubeurope.com\/@fi\/115558538500666323","error":""},"_links":{"self":[{"href":"https:\/\/www.europesays.com\/fi\/wp-json\/wp\/v2\/posts\/91443","targetHints":{"allow":["GET"]}}],"collection":[{"href":"https:\/\/www.europesays.com\/fi\/wp-json\/wp\/v2\/posts"}],"about":[{"href":"https:\/\/www.europesays.com\/fi\/wp-json\/wp\/v2\/types\/post"}],"author":[{"embeddable":true,"href":"https:\/\/www.europesays.com\/fi\/wp-json\/wp\/v2\/users\/2"}],"replies":[{"embeddable":true,"href":"https:\/\/www.europesays.com\/fi\/wp-json\/wp\/v2\/comments?post=91443"}],"version-history":[{"count":0,"href":"https:\/\/www.europesays.com\/fi\/wp-json\/wp\/v2\/posts\/91443\/revisions"}],"wp:featuredmedia":[{"embeddable":true,"href":"https:\/\/www.europesays.com\/fi\/wp-json\/wp\/v2\/media\/91444"}],"wp:attachment":[{"href":"https:\/\/www.europesays.com\/fi\/wp-json\/wp\/v2\/media?parent=91443"}],"wp:term":[{"taxonomy":"category","embeddable":true,"href":"https:\/\/www.europesays.com\/fi\/wp-json\/wp\/v2\/categories?post=91443"},{"taxonomy":"post_tag","embeddable":true,"href":"https:\/\/www.europesays.com\/fi\/wp-json\/wp\/v2\/tags?post=91443"}],"curies":[{"name":"wp","href":"https:\/\/api.w.org\/{rel}","templated":true}]}}